{"id":2709,"date":"2026-02-11T17:10:00","date_gmt":"2026-02-11T16:10:00","guid":{"rendered":"https:\/\/www.diocesilucca.it\/thesaurumfidei\/?p=2709"},"modified":"2026-04-19T07:45:12","modified_gmt":"2026-04-19T05:45:12","slug":"p-i-m-e-missionari-lucchesi-in-asia","status":"publish","type":"post","link":"https:\/\/www.diocesilucca.it\/thesaurumfidei\/2026\/02\/11\/p-i-m-e-missionari-lucchesi-in-asia\/","title":{"rendered":"P.I.M.E.\u00a0 Missionari Lucchesi in Asia"},"content":{"rendered":"\n<p>L\u2019<strong>Arcidiocesi di Lucca <\/strong>e il <strong>Pontificio Istituto Missioni Estere (P.I.M.E.)<\/strong> celebrano ciascuno nel 2026 un importante anniversario: trecento anni dell\u2019erezione ad <strong>Arcidiocesi della Diocesi di Lucca (11 settembre 1726)<\/strong>; cento anni dalla nascita <strong>dell\u2019attuale P.I.M.E. (23 maggio 1926)<\/strong>, per la fusione di due storiche realt\u00e0 missionarie: il Seminario Lombardo per le Missioni Estere di Milano (fondato nel 1850 da Angelo Ramazzotti) e il Pontificio Seminario dei Santi Apostoli Pietro e Paolo per le Missioni Estere (fondato nel 1871 da Pietro Avanzini).<\/p>\n\n\n\n<p>La volont\u00e0 di collaborare in occasione di tale circostanza nasce per una fortunata coincidenza; nel medesimo periodo, infatti, ricorre anche il centenario della nascita di due presbiteri lucchesi missionari del P.I.M.E. in Giappone<strong>: p. Allegrino Allegrini di Brancoli (dal 1965 al 1972 Superiore Regionale del Giappone)<\/strong>, e <strong>p. Fedele Giannini di Castelnuovo di Garfagnana, Superiore Generale del P.I.M.E. dal 1977 al 1983<\/strong>.<\/p>\n\n\n\n<p>Per celebrare queste ricorrenze, nel contesto del progetto \u201c<strong>Thesaurum Fidei<\/strong>\u201d, dedicato alla conoscenza e alla valorizzazione del patrimonio cristiano in Giappone, l\u2019Arcidiocesi di Lucca e l\u2019Ufficio Beni Culturali del P.I.M.E. hanno promosso il programma \u201c<strong>100 ANNI DEL P.I.M.E. E MISSIONARI LUCCHESI IN GIAPPONE NEL XX SECOLO<\/strong>\u201d, con decorrenza da maggio 2026 a gennaio 2027. In dettaglio, nel mese di maggio sono programmati due incontri preparatori con <strong>padre Daniele Mazza, Vicario Generale del P.I.M.E.,<\/strong> che sar\u00e0 in visita il <strong>16 maggio 2026<\/strong> presso la comunit\u00e0 parrocchiale di <strong>Castelnuovo di Garfagnana<\/strong>, citt\u00e0 natale di padre Fedele Giannini, e il <strong>17 maggio<\/strong> presso la comunit\u00e0 parrocchiale del morianese per visitare <strong>Brancoli<\/strong>, luogo nativo di padre Allegrino Allegrini. Seguir\u00e0 il <strong>Convegno Internazionale<\/strong> con sede a Lucca, <strong>venerd\u00ec 22 maggio 2026 <\/strong>presso l\u2019auditorium della Casa del Boia, con la partecipazione di docenti e ricercatori esperti, sia italiani, sia giapponesi, sulle tematiche storiche delle missioni in Oriente. Il convegno \u00e8 promosso dall\u2019Arcidiocesi di Lucca e dal P.I.M.E., con il patrocinio del Dicastero per l\u2019Evangelizzazione, Sezione per la prima evangelizzazione e le nuove Chiese particolari, dell\u2019Ambasciata del Giappone presso la Santa Sede e della Citt\u00e0 di Lucca.<\/p>\n\n\n\n<p><strong>Il coordinamento scientifico del progetto \u00e8 affidato a: Alberto D\u2019Inc\u00e0, Responsabile dell\u2019Ufficio Beni Culturali e dell\u2019Ufficio Storico del P.I.M.E.; Mons. Paolo Giulietti, Arcivescovo di Lucca; Olimpia Niglio, Professoressa dell\u2019Universit\u00e0 di Pavia; Padre Francesco Rapacioli, Superiore Generale del P.I.M.E.<\/strong><\/p>\n\n\n\n<p>Il Comitato d\u2019onore ha ricevuto la conferma di: S.E.R. Card. Luis Antonio Gokim Tagle, Dicastero dell\u2019Evangelizzazione; S.E.R. Mons. Paolo Giulietti, Arcivescovo di Lucca; S.E.R. Mons. Andrea Lembo, P.I.M.E., Vescovo ausiliare di Tokyo; Padre Francesco Rapacioli, Superiore Generale P.I.M.E.; Padre Daniele Mazza, Vicario Generale P.I.M.E.; Padre Ferruccio Brambillasca, gi\u00e0 Superiore Generale P.I.M.E.; S.E. Amb. Koji Abe, Ambasciatore del Giappone presso la Santa Sede; S.E. Amb. Umberto Vattani, Presidente Fondazione Italia Giappone; Dr. Mario Pardini, Sindaco, Comune di Lucca; Dr. Moreno Bruni, Assessore al Bilancio e al Personale, Comune di Lucca; Dr. Beniamino Placido, Capo di Gabinetto, Comune di Lucca. Il progetto si avvale del supporto di un comitato scientifico composto da: Dr. Davide Adreani, Archivio Generale P.I.M.E.; Prof. Irene Baldriga, Universit\u00e0 La Sapienza di Roma; Mons. Flavio Belluomini, Direttore Archivio Propaganda Fide; Prof. Adriano Fabris, Universit\u00e0 di Pisa; Dr. Sergio Palagiano, Archivista &#8211; Archivum Romanum Societatis Iesu; Prof. Carlo Pelliccia, Universit\u00e0 Internazionale di Roma; Dr. Tommaso Maria Rossi, Archivio Storico Diocesano di Lucca.<\/p>\n\n\n\n<p>A partire dal mese di <strong>ottobre 2026<\/strong> e fino a tutto <strong>gennaio 2027<\/strong>, presso il <strong>Museo \u201cPopoli e Culture\u201d del Pontificio Istituto Missioni Estere<\/strong>, con sede a <strong>Milano<\/strong>, sar\u00e0 aperta la mostra \u201c<strong>100 ANNI DEL P.I.M.E. E MISSIONARI LUCCHESI IN GIAPPONE NEL XX SECOLO<\/strong>\u201d che consentir\u00e0 ai visitatori non solo di poter apprezzare alcune importanti collezioni artistiche provenienti dal Giappone, ma anche di poter conoscere documenti e repertori fotografici realizzati dai missionari in Estremo Oriente. La mostra \u00e8 a cura di Padre Francesco Rapacioli, Alberto D\u2019Inc\u00e0 e dell\u2019Ufficio Beni Culturali del P.I.M.E.<\/p>\n\n\n\n<p>Con omonimo titolo, dal <strong>28 dicembre 2026 <\/strong>al<strong> 31 gennaio 2027<\/strong> a Lucca, presso la <strong>Chiesa di San Cristoforo<\/strong>, sar\u00e0 allestita la mostra dedicata ai documenti d\u2019archivio e oggetti d\u2019arte orientali reperiti presso le famiglie della comunit\u00e0 di Brancoli dove padre Allegrino Allegrini periodicamente trascorreva le sue brevi vacanze. Questa mostra, curata da Olimpia Niglio e da Tommaso Maria Rossi, apre nuove prospettive di studio e di approfondimenti sulle missioni lucchesi in Asia Orientale.<\/p>\n\n\n\n<p>Durante l\u2019anno seguiranno anche brevi seminari sia a Lucca, sia a Milano che consentiranno di approfondire le tematiche del progetto e di condividerle con le comunit\u00e0 locali.<\/p>\n\n\n\n<figure class=\"wp-block-image aligncenter size-large\"><a href=\"https:\/\/www.diocesilucca.it\/thesaurumfidei\/wp-content\/uploads\/sites\/14\/2026\/02\/POSTER-PROGETTO-ARCIDIOCESI-LUCCA_PIME_2026.pdf\"><img loading=\"lazy\" decoding=\"async\" width=\"731\" height=\"1024\" src=\"https:\/\/www.diocesilucca.it\/thesaurumfidei\/wp-content\/uploads\/sites\/14\/2026\/02\/POSTER-PROGETTO-ARCIDIOCESI-LUCCA_PIME_2026-731x1024.jpg\" alt=\"\" class=\"wp-image-2847\" srcset=\"https:\/\/www.diocesilucca.it\/thesaurumfidei\/wp-content\/uploads\/sites\/14\/2026\/02\/POSTER-PROGETTO-ARCIDIOCESI-LUCCA_PIME_2026-731x1024.jpg 731w, https:\/\/www.diocesilucca.it\/thesaurumfidei\/wp-content\/uploads\/sites\/14\/2026\/02\/POSTER-PROGETTO-ARCIDIOCESI-LUCCA_PIME_2026-214x300.jpg 214w, https:\/\/www.diocesilucca.it\/thesaurumfidei\/wp-content\/uploads\/sites\/14\/2026\/02\/POSTER-PROGETTO-ARCIDIOCESI-LUCCA_PIME_2026-768x1075.jpg 768w, https:\/\/www.diocesilucca.it\/thesaurumfidei\/wp-content\/uploads\/sites\/14\/2026\/02\/POSTER-PROGETTO-ARCIDIOCESI-LUCCA_PIME_2026-1097x1536.jpg 1097w, https:\/\/www.diocesilucca.it\/thesaurumfidei\/wp-content\/uploads\/sites\/14\/2026\/02\/POSTER-PROGETTO-ARCIDIOCESI-LUCCA_PIME_2026-1463x2048.jpg 1463w, https:\/\/www.diocesilucca.it\/thesaurumfidei\/wp-content\/uploads\/sites\/14\/2026\/02\/POSTER-PROGETTO-ARCIDIOCESI-LUCCA_PIME_2026.jpg 1772w\" sizes=\"auto, (max-width: 731px) 100vw, 731px\" \/><\/a><\/figure>\n\n\n\n<figure class=\"wp-block-image aligncenter size-large is-resized\"><a href=\"https:\/\/www.diocesilucca.it\/thesaurumfidei\/wp-content\/uploads\/sites\/14\/2026\/02\/COORDINAMENTO-SCIENTIFICO.pdf\"><img loading=\"lazy\" decoding=\"async\" width=\"512\" height=\"1024\" src=\"https:\/\/www.diocesilucca.it\/thesaurumfidei\/wp-content\/uploads\/sites\/14\/2026\/02\/COORDINAMENTO-SCIENTIFICO-512x1024.jpg\" alt=\"\" class=\"wp-image-2771\" style=\"width:619px;height:auto\" srcset=\"https:\/\/www.diocesilucca.it\/thesaurumfidei\/wp-content\/uploads\/sites\/14\/2026\/02\/COORDINAMENTO-SCIENTIFICO-512x1024.jpg 512w, https:\/\/www.diocesilucca.it\/thesaurumfidei\/wp-content\/uploads\/sites\/14\/2026\/02\/COORDINAMENTO-SCIENTIFICO-150x300.jpg 150w, https:\/\/www.diocesilucca.it\/thesaurumfidei\/wp-content\/uploads\/sites\/14\/2026\/02\/COORDINAMENTO-SCIENTIFICO-768x1536.jpg 768w, https:\/\/www.diocesilucca.it\/thesaurumfidei\/wp-content\/uploads\/sites\/14\/2026\/02\/COORDINAMENTO-SCIENTIFICO-1024x2048.jpg 1024w, https:\/\/www.diocesilucca.it\/thesaurumfidei\/wp-content\/uploads\/sites\/14\/2026\/02\/COORDINAMENTO-SCIENTIFICO-scaled.jpg 1280w\" sizes=\"auto, (max-width: 512px) 100vw, 512px\" \/><\/a><\/figure>\n\n\n\n<figure class=\"wp-block-image aligncenter size-large\"><a href=\"https:\/\/www.diocesilucca.it\/thesaurumfidei\/wp-content\/uploads\/sites\/14\/2026\/02\/LIDO-MENCARINI.pdf\"><img loading=\"lazy\" decoding=\"async\" width=\"1024\" height=\"442\" src=\"https:\/\/www.diocesilucca.it\/thesaurumfidei\/wp-content\/uploads\/sites\/14\/2026\/03\/MENCARINI-1024x442.jpg\" alt=\"\" class=\"wp-image-2752\" srcset=\"https:\/\/www.diocesilucca.it\/thesaurumfidei\/wp-content\/uploads\/sites\/14\/2026\/03\/MENCARINI-1024x442.jpg 1024w, https:\/\/www.diocesilucca.it\/thesaurumfidei\/wp-content\/uploads\/sites\/14\/2026\/03\/MENCARINI-300x130.jpg 300w, https:\/\/www.diocesilucca.it\/thesaurumfidei\/wp-content\/uploads\/sites\/14\/2026\/03\/MENCARINI-768x332.jpg 768w, https:\/\/www.diocesilucca.it\/thesaurumfidei\/wp-content\/uploads\/sites\/14\/2026\/03\/MENCARINI-1536x663.jpg 1536w, https:\/\/www.diocesilucca.it\/thesaurumfidei\/wp-content\/uploads\/sites\/14\/2026\/03\/MENCARINI-2048x884.jpg 2048w\" sizes=\"auto, (max-width: 1024px) 100vw, 1024px\" \/><\/a><\/figure>\n\n\n\n<figure class=\"wp-block-image aligncenter size-large is-resized\"><a href=\"https:\/\/www.asianews.it\/notizie-it\/P.-Mencarini-onorato-come-Giusto:-il-suo-ricordo-tra-l'Italia-e-Hong-Kong-65030.html\"><img loading=\"lazy\" decoding=\"async\" width=\"1024\" height=\"339\" src=\"https:\/\/www.diocesilucca.it\/thesaurumfidei\/wp-content\/uploads\/sites\/14\/2026\/02\/logo-1024x339.png\" alt=\"\" class=\"wp-image-2778\" style=\"aspect-ratio:3.020742764873929;width:227px;height:auto\" srcset=\"https:\/\/www.diocesilucca.it\/thesaurumfidei\/wp-content\/uploads\/sites\/14\/2026\/02\/logo-1024x339.png 1024w, https:\/\/www.diocesilucca.it\/thesaurumfidei\/wp-content\/uploads\/sites\/14\/2026\/02\/logo-300x99.png 300w, https:\/\/www.diocesilucca.it\/thesaurumfidei\/wp-content\/uploads\/sites\/14\/2026\/02\/logo-768x254.png 768w, https:\/\/www.diocesilucca.it\/thesaurumfidei\/wp-content\/uploads\/sites\/14\/2026\/02\/logo-1536x508.png 1536w, https:\/\/www.diocesilucca.it\/thesaurumfidei\/wp-content\/uploads\/sites\/14\/2026\/02\/logo-2048x677.png 2048w\" sizes=\"auto, (max-width: 1024px) 100vw, 1024px\" \/><\/a><\/figure>\n\n\n\n<figure class=\"wp-block-gallery has-nested-images columns-default is-cropped wp-block-gallery-1 is-layout-flex wp-block-gallery-is-layout-flex\">\n<figure class=\"wp-block-image size-large\"><a href=\"https:\/\/www.diocesilucca.it\/thesaurumfidei\/wp-content\/uploads\/sites\/14\/2026\/02\/GEOGRAFIE-SACRE_CASTELNUOVO-DI-GARFAGNANA.pdf\"><img loading=\"lazy\" decoding=\"async\" width=\"977\" height=\"1024\" data-id=\"2751\" src=\"https:\/\/www.diocesilucca.it\/thesaurumfidei\/wp-content\/uploads\/sites\/14\/2026\/03\/CASTELNUOVO-DI-GARFAGNANA-977x1024.jpg\" alt=\"\" class=\"wp-image-2751\" srcset=\"https:\/\/www.diocesilucca.it\/thesaurumfidei\/wp-content\/uploads\/sites\/14\/2026\/03\/CASTELNUOVO-DI-GARFAGNANA-977x1024.jpg 977w, https:\/\/www.diocesilucca.it\/thesaurumfidei\/wp-content\/uploads\/sites\/14\/2026\/03\/CASTELNUOVO-DI-GARFAGNANA-286x300.jpg 286w, https:\/\/www.diocesilucca.it\/thesaurumfidei\/wp-content\/uploads\/sites\/14\/2026\/03\/CASTELNUOVO-DI-GARFAGNANA-768x805.jpg 768w, https:\/\/www.diocesilucca.it\/thesaurumfidei\/wp-content\/uploads\/sites\/14\/2026\/03\/CASTELNUOVO-DI-GARFAGNANA-1466x1536.jpg 1466w, https:\/\/www.diocesilucca.it\/thesaurumfidei\/wp-content\/uploads\/sites\/14\/2026\/03\/CASTELNUOVO-DI-GARFAGNANA-1955x2048.jpg 1955w\" sizes=\"auto, (max-width: 977px) 100vw, 977px\" \/><\/a><\/figure>\n\n\n\n<figure class=\"wp-block-image size-large\"><a href=\"https:\/\/www.diocesilucca.it\/thesaurumfidei\/wp-content\/uploads\/sites\/14\/2026\/03\/GEOGRAFIE-SACRE_BRANCOLI_-P.ALLEGRINI-ALLEGRINI.pdf\"><img loading=\"lazy\" decoding=\"async\" width=\"981\" height=\"1024\" data-id=\"2750\" src=\"https:\/\/www.diocesilucca.it\/thesaurumfidei\/wp-content\/uploads\/sites\/14\/2026\/03\/BRANCOLI-981x1024.jpg\" alt=\"\" class=\"wp-image-2750\" srcset=\"https:\/\/www.diocesilucca.it\/thesaurumfidei\/wp-content\/uploads\/sites\/14\/2026\/03\/BRANCOLI-981x1024.jpg 981w, https:\/\/www.diocesilucca.it\/thesaurumfidei\/wp-content\/uploads\/sites\/14\/2026\/03\/BRANCOLI-288x300.jpg 288w, https:\/\/www.diocesilucca.it\/thesaurumfidei\/wp-content\/uploads\/sites\/14\/2026\/03\/BRANCOLI-768x801.jpg 768w, https:\/\/www.diocesilucca.it\/thesaurumfidei\/wp-content\/uploads\/sites\/14\/2026\/03\/BRANCOLI-1472x1536.jpg 1472w, https:\/\/www.diocesilucca.it\/thesaurumfidei\/wp-content\/uploads\/sites\/14\/2026\/03\/BRANCOLI-1963x2048.jpg 1963w\" sizes=\"auto, (max-width: 981px) 100vw, 981px\" \/><\/a><\/figure>\n<\/figure>\n\n\n\n<figure class=\"wp-block-image aligncenter size-large\"><a href=\"https:\/\/www.diocesilucca.it\/thesaurumfidei\/wp-content\/uploads\/sites\/14\/2026\/03\/A3_P.I.M.E._generica_con-doppia-foto.pdf\"><img loading=\"lazy\" decoding=\"async\" width=\"725\" height=\"1024\" src=\"https:\/\/www.diocesilucca.it\/thesaurumfidei\/wp-content\/uploads\/sites\/14\/2026\/03\/A3_P.I.M.E._generica_con-doppia-foto-725x1024.jpg\" alt=\"\" class=\"wp-image-2730\" srcset=\"https:\/\/www.diocesilucca.it\/thesaurumfidei\/wp-content\/uploads\/sites\/14\/2026\/03\/A3_P.I.M.E._generica_con-doppia-foto-725x1024.jpg 725w, https:\/\/www.diocesilucca.it\/thesaurumfidei\/wp-content\/uploads\/sites\/14\/2026\/03\/A3_P.I.M.E._generica_con-doppia-foto-212x300.jpg 212w, https:\/\/www.diocesilucca.it\/thesaurumfidei\/wp-content\/uploads\/sites\/14\/2026\/03\/A3_P.I.M.E._generica_con-doppia-foto-768x1085.jpg 768w, https:\/\/www.diocesilucca.it\/thesaurumfidei\/wp-content\/uploads\/sites\/14\/2026\/03\/A3_P.I.M.E._generica_con-doppia-foto-1087x1536.jpg 1087w, https:\/\/www.diocesilucca.it\/thesaurumfidei\/wp-content\/uploads\/sites\/14\/2026\/03\/A3_P.I.M.E._generica_con-doppia-foto-1449x2048.jpg 1449w, https:\/\/www.diocesilucca.it\/thesaurumfidei\/wp-content\/uploads\/sites\/14\/2026\/03\/A3_P.I.M.E._generica_con-doppia-foto-scaled.jpg 1812w\" sizes=\"auto, (max-width: 725px) 100vw, 725px\" \/><\/a><\/figure>\n\n\n\n<div data-wp-interactive=\"core\/file\" class=\"wp-block-file aligncenter\"><object data-wp-bind--hidden=\"!state.hasPdfPreview\" hidden class=\"wp-block-file__embed\" data=\"https:\/\/www.diocesilucca.it\/thesaurumfidei\/wp-content\/uploads\/sites\/14\/2026\/03\/A3_P.I.M.E._generica_con-doppia-foto.pdf\" type=\"application\/pdf\" style=\"width:100%;height:600px\" aria-label=\"Incorporamento di A3_P.I.M.E._generica_con doppia foto.\"><\/object><a id=\"wp-block-file--media-b705a73a-7437-4e84-94ab-a587c1262208\" href=\"https:\/\/www.diocesilucca.it\/thesaurumfidei\/wp-content\/uploads\/sites\/14\/2026\/03\/A3_P.I.M.E._generica_con-doppia-foto.pdf\">A3_P.I.M.E._generica_con doppia foto<\/a><a href=\"https:\/\/www.diocesilucca.it\/thesaurumfidei\/wp-content\/uploads\/sites\/14\/2026\/03\/A3_P.I.M.E._generica_con-doppia-foto.pdf\" class=\"wp-block-file__button wp-element-button\" download aria-describedby=\"wp-block-file--media-b705a73a-7437-4e84-94ab-a587c1262208\">Download<\/a><\/div>\n\n\n\n<figure class=\"wp-block-gallery has-nested-images columns-default is-cropped wp-block-gallery-2 is-layout-flex wp-block-gallery-is-layout-flex\">\n<figure class=\"wp-block-image size-large\"><a href=\"https:\/\/www.diocesilucca.it\/thesaurumfidei\/wp-content\/uploads\/sites\/14\/2026\/03\/A3_P.I.M.E._generica_3_con-foto-giannini.pdf\"><img loading=\"lazy\" decoding=\"async\" width=\"725\" height=\"1024\" data-id=\"2728\" src=\"https:\/\/www.diocesilucca.it\/thesaurumfidei\/wp-content\/uploads\/sites\/14\/2026\/03\/A3_P.I.M.E._generica_3_con-foto-giannini-725x1024.jpg\" alt=\"\" class=\"wp-image-2728\" srcset=\"https:\/\/www.diocesilucca.it\/thesaurumfidei\/wp-content\/uploads\/sites\/14\/2026\/03\/A3_P.I.M.E._generica_3_con-foto-giannini-725x1024.jpg 725w, https:\/\/www.diocesilucca.it\/thesaurumfidei\/wp-content\/uploads\/sites\/14\/2026\/03\/A3_P.I.M.E._generica_3_con-foto-giannini-212x300.jpg 212w, https:\/\/www.diocesilucca.it\/thesaurumfidei\/wp-content\/uploads\/sites\/14\/2026\/03\/A3_P.I.M.E._generica_3_con-foto-giannini-768x1085.jpg 768w, https:\/\/www.diocesilucca.it\/thesaurumfidei\/wp-content\/uploads\/sites\/14\/2026\/03\/A3_P.I.M.E._generica_3_con-foto-giannini-1087x1536.jpg 1087w, https:\/\/www.diocesilucca.it\/thesaurumfidei\/wp-content\/uploads\/sites\/14\/2026\/03\/A3_P.I.M.E._generica_3_con-foto-giannini-1449x2048.jpg 1449w, https:\/\/www.diocesilucca.it\/thesaurumfidei\/wp-content\/uploads\/sites\/14\/2026\/03\/A3_P.I.M.E._generica_3_con-foto-giannini-scaled.jpg 1812w\" sizes=\"auto, (max-width: 725px) 100vw, 725px\" \/><\/a><\/figure>\n\n\n\n<figure class=\"wp-block-image size-large\"><a href=\"https:\/\/www.diocesilucca.it\/thesaurumfidei\/wp-content\/uploads\/sites\/14\/2026\/03\/A3_P.I.M.E._generica_2-con-foto-allegrini.pdf\"><img loading=\"lazy\" decoding=\"async\" width=\"725\" height=\"1024\" data-id=\"2726\" src=\"https:\/\/www.diocesilucca.it\/thesaurumfidei\/wp-content\/uploads\/sites\/14\/2026\/03\/A3_P.I.M.E._generica_2-con-foto-allegrini-725x1024.jpg\" alt=\"\" class=\"wp-image-2726\" srcset=\"https:\/\/www.diocesilucca.it\/thesaurumfidei\/wp-content\/uploads\/sites\/14\/2026\/03\/A3_P.I.M.E._generica_2-con-foto-allegrini-725x1024.jpg 725w, https:\/\/www.diocesilucca.it\/thesaurumfidei\/wp-content\/uploads\/sites\/14\/2026\/03\/A3_P.I.M.E._generica_2-con-foto-allegrini-212x300.jpg 212w, https:\/\/www.diocesilucca.it\/thesaurumfidei\/wp-content\/uploads\/sites\/14\/2026\/03\/A3_P.I.M.E._generica_2-con-foto-allegrini-768x1085.jpg 768w, https:\/\/www.diocesilucca.it\/thesaurumfidei\/wp-content\/uploads\/sites\/14\/2026\/03\/A3_P.I.M.E._generica_2-con-foto-allegrini-1087x1536.jpg 1087w, https:\/\/www.diocesilucca.it\/thesaurumfidei\/wp-content\/uploads\/sites\/14\/2026\/03\/A3_P.I.M.E._generica_2-con-foto-allegrini-1449x2048.jpg 1449w, https:\/\/www.diocesilucca.it\/thesaurumfidei\/wp-content\/uploads\/sites\/14\/2026\/03\/A3_P.I.M.E._generica_2-con-foto-allegrini-scaled.jpg 1812w\" sizes=\"auto, (max-width: 725px) 100vw, 725px\" \/><\/a><\/figure>\n<\/figure>\n\n\n\n<h4 class=\"wp-block-heading has-text-align-center\"><a href=\"https:\/\/www.diocesilucca.it\/1726-2026\"><strong>https:\/\/www.diocesilucca.it\/1726-2026<\/strong><\/a><\/h4>\n\n\n\n<figure class=\"wp-block-image aligncenter size-large\"><a href=\"https:\/\/www.diocesilucca.it\/thesaurumfidei\/wp-content\/uploads\/sites\/14\/2026\/04\/PROGRAMMA-PIME-2026-LUCCA.pdf\"><img loading=\"lazy\" decoding=\"async\" width=\"724\" height=\"1024\" src=\"https:\/\/www.diocesilucca.it\/thesaurumfidei\/wp-content\/uploads\/sites\/14\/2026\/04\/PROGRAMMA-PIME-2026-LUCCA-724x1024.jpg\" alt=\"\" class=\"wp-image-2856\" srcset=\"https:\/\/www.diocesilucca.it\/thesaurumfidei\/wp-content\/uploads\/sites\/14\/2026\/04\/PROGRAMMA-PIME-2026-LUCCA-724x1024.jpg 724w, https:\/\/www.diocesilucca.it\/thesaurumfidei\/wp-content\/uploads\/sites\/14\/2026\/04\/PROGRAMMA-PIME-2026-LUCCA-212x300.jpg 212w, https:\/\/www.diocesilucca.it\/thesaurumfidei\/wp-content\/uploads\/sites\/14\/2026\/04\/PROGRAMMA-PIME-2026-LUCCA-768x1086.jpg 768w, https:\/\/www.diocesilucca.it\/thesaurumfidei\/wp-content\/uploads\/sites\/14\/2026\/04\/PROGRAMMA-PIME-2026-LUCCA-1086x1536.jpg 1086w, https:\/\/www.diocesilucca.it\/thesaurumfidei\/wp-content\/uploads\/sites\/14\/2026\/04\/PROGRAMMA-PIME-2026-LUCCA.jpg 1240w\" sizes=\"auto, (max-width: 724px) 100vw, 724px\" \/><\/a><\/figure>\n\n\n\n<div data-wp-interactive=\"core\/file\" class=\"wp-block-file\"><object data-wp-bind--hidden=\"!state.hasPdfPreview\" hidden class=\"wp-block-file__embed\" data=\"https:\/\/www.diocesilucca.it\/thesaurumfidei\/wp-content\/uploads\/sites\/14\/2026\/02\/RASSEGNA-STAMPA_PIME-ARCIDIOCESI-LUCCA-2026.pdf\" type=\"application\/pdf\" style=\"width:100%;height:600px\" aria-label=\"Incorporamento di RASSEGNA STAMPA_PIME ARCIDIOCESI LUCCA 2026.\"><\/object><a id=\"wp-block-file--media-09d55f9e-2e98-40f6-85d8-e8aabdf858e4\" href=\"https:\/\/www.diocesilucca.it\/thesaurumfidei\/wp-content\/uploads\/sites\/14\/2026\/02\/RASSEGNA-STAMPA_PIME-ARCIDIOCESI-LUCCA-2026.pdf\">RASSEGNA STAMPA_PIME ARCIDIOCESI LUCCA 2026<\/a><a href=\"https:\/\/www.diocesilucca.it\/thesaurumfidei\/wp-content\/uploads\/sites\/14\/2026\/02\/RASSEGNA-STAMPA_PIME-ARCIDIOCESI-LUCCA-2026.pdf\" class=\"wp-block-file__button wp-element-button\" download aria-describedby=\"wp-block-file--media-09d55f9e-2e98-40f6-85d8-e8aabdf858e4\">Download<\/a><\/div>\n\n\n\n<figure class=\"wp-block-image aligncenter size-large is-resized\"><a href=\"https:\/\/pime.org\/2015-11-23-22-07-51\/giappone\"><img loading=\"lazy\" decoding=\"async\" width=\"1024\" height=\"576\" src=\"https:\/\/www.diocesilucca.it\/thesaurumfidei\/wp-content\/uploads\/sites\/14\/2026\/02\/PIME-GIAPPONE-1024x576.jpg\" alt=\"\" class=\"wp-image-2822\" style=\"width:530px;height:auto\" srcset=\"https:\/\/www.diocesilucca.it\/thesaurumfidei\/wp-content\/uploads\/sites\/14\/2026\/02\/PIME-GIAPPONE-1024x576.jpg 1024w, https:\/\/www.diocesilucca.it\/thesaurumfidei\/wp-content\/uploads\/sites\/14\/2026\/02\/PIME-GIAPPONE-300x169.jpg 300w, https:\/\/www.diocesilucca.it\/thesaurumfidei\/wp-content\/uploads\/sites\/14\/2026\/02\/PIME-GIAPPONE-768x432.jpg 768w, https:\/\/www.diocesilucca.it\/thesaurumfidei\/wp-content\/uploads\/sites\/14\/2026\/02\/PIME-GIAPPONE.jpg 1280w\" sizes=\"auto, (max-width: 1024px) 100vw, 1024px\" \/><\/a><\/figure>\n\n\n\n<figure class=\"wp-block-embed is-type-video is-provider-youtube wp-block-embed-youtube wp-embed-aspect-16-9 wp-has-aspect-ratio\"><div class=\"wp-block-embed__wrapper\">\n<iframe loading=\"lazy\" title=\"Convegno Internazionale  100 ANNI DEL P.I.M.E. E MISSIONARI LUCCHESI IN GIAPPONE NEL XX SECOLO\" width=\"750\" height=\"422\" src=\"https:\/\/www.youtube.com\/embed\/kDpx8HXap6c?feature=oembed\" frameborder=\"0\" allow=\"accelerometer; autoplay; clipboard-write; encrypted-media; gyroscope; picture-in-picture; web-share\" referrerpolicy=\"strict-origin-when-cross-origin\" allowfullscreen><\/iframe>\n<\/div><\/figure>\n\n\n\n<figure class=\"wp-block-embed is-type-video is-provider-youtube wp-block-embed-youtube wp-embed-aspect-16-9 wp-has-aspect-ratio\"><div class=\"wp-block-embed__wrapper\">\n<iframe loading=\"lazy\" title=\"Missionari Lucchesi in Giappone. Incontri a Castelnuovo di Garfagnana e a Brancoli - Maggio 2026\" width=\"750\" height=\"422\" src=\"https:\/\/www.youtube.com\/embed\/GRfaVe652KQ?feature=oembed\" frameborder=\"0\" allow=\"accelerometer; autoplay; clipboard-write; encrypted-media; gyroscope; picture-in-picture; web-share\" referrerpolicy=\"strict-origin-when-cross-origin\" allowfullscreen><\/iframe>\n<\/div><\/figure>\n\n\n\n<figure class=\"wp-block-embed is-type-video is-provider-youtube wp-block-embed-youtube wp-embed-aspect-16-9 wp-has-aspect-ratio\"><div class=\"wp-block-embed__wrapper\">\n<iframe loading=\"lazy\" title=\"50 anni PIME in Giappone\" width=\"750\" height=\"422\" src=\"https:\/\/www.youtube.com\/embed\/M3JixljFbCY?feature=oembed\" frameborder=\"0\" allow=\"accelerometer; autoplay; clipboard-write; encrypted-media; gyroscope; picture-in-picture; web-share\" referrerpolicy=\"strict-origin-when-cross-origin\" allowfullscreen><\/iframe>\n<\/div><\/figure>\n\n\n\n<figure class=\"wp-block-embed aligncenter is-type-video is-provider-youtube wp-block-embed-youtube wp-embed-aspect-4-3 wp-has-aspect-ratio\"><div class=\"wp-block-embed__wrapper\">\n<iframe loading=\"lazy\" title=\"Storia del PIME (Pontificio Istituto Missioni Estere) in 28 acquarelli realizzati da Anna Benuzzi\" width=\"750\" height=\"563\" src=\"https:\/\/www.youtube.com\/embed\/zBnyStlfmbA?feature=oembed\" frameborder=\"0\" allow=\"accelerometer; autoplay; clipboard-write; encrypted-media; gyroscope; picture-in-picture; web-share\" referrerpolicy=\"strict-origin-when-cross-origin\" allowfullscreen><\/iframe>\n<\/div><\/figure>\n","protected":false},"excerpt":{"rendered":"<p>L\u2019Arcidiocesi di Lucca e il Pontificio Istituto Missioni Estere (P.I.M.E.) celebrano ciascuno nel 2026 un importante anniversario: trecento anni dell\u2019erezione ad Arcidiocesi della Diocesi di Lucca (11 settembre 1726); cento anni dalla nascita dell\u2019attuale P.I.M.E. (23 maggio 1926), per la<\/p>\n","protected":false},"author":243,"featured_media":2701,"comment_status":"closed","ping_status":"open","sticky":false,"template":"","format":"standard","meta":{"footnotes":""},"categories":[30],"tags":[],"class_list":["post-2709","post","type-post","status-publish","format-standard","has-post-thumbnail","hentry","category-eventi"],"_links":{"self":[{"href":"https:\/\/www.diocesilucca.it\/thesaurumfidei\/wp-json\/wp\/v2\/posts\/2709","targetHints":{"allow":["GET"]}}],"collection":[{"href":"https:\/\/www.diocesilucca.it\/thesaurumfidei\/wp-json\/wp\/v2\/posts"}],"about":[{"href":"https:\/\/www.diocesilucca.it\/thesaurumfidei\/wp-json\/wp\/v2\/types\/post"}],"author":[{"embeddable":true,"href":"https:\/\/www.diocesilucca.it\/thesaurumfidei\/wp-json\/wp\/v2\/users\/243"}],"replies":[{"embeddable":true,"href":"https:\/\/www.diocesilucca.it\/thesaurumfidei\/wp-json\/wp\/v2\/comments?post=2709"}],"version-history":[{"count":37,"href":"https:\/\/www.diocesilucca.it\/thesaurumfidei\/wp-json\/wp\/v2\/posts\/2709\/revisions"}],"predecessor-version":[{"id":2868,"href":"https:\/\/www.diocesilucca.it\/thesaurumfidei\/wp-json\/wp\/v2\/posts\/2709\/revisions\/2868"}],"wp:featuredmedia":[{"embeddable":true,"href":"https:\/\/www.diocesilucca.it\/thesaurumfidei\/wp-json\/wp\/v2\/media\/2701"}],"wp:attachment":[{"href":"https:\/\/www.diocesilucca.it\/thesaurumfidei\/wp-json\/wp\/v2\/media?parent=2709"}],"wp:term":[{"taxonomy":"category","embeddable":true,"href":"https:\/\/www.diocesilucca.it\/thesaurumfidei\/wp-json\/wp\/v2\/categories?post=2709"},{"taxonomy":"post_tag","embeddable":true,"href":"https:\/\/www.diocesilucca.it\/thesaurumfidei\/wp-json\/wp\/v2\/tags?post=2709"}],"curies":[{"name":"wp","href":"https:\/\/api.w.org\/{rel}","templated":true}]}}