{"id":2707,"date":"2026-02-11T17:19:20","date_gmt":"2026-02-11T16:19:20","guid":{"rendered":"https:\/\/www.diocesilucca.it\/thesaurumfidei\/?p=2707"},"modified":"2026-04-29T21:39:34","modified_gmt":"2026-04-29T19:39:34","slug":"tensho-spagna-e-portogallo-1584-1586","status":"publish","type":"post","link":"https:\/\/www.diocesilucca.it\/thesaurumfidei\/2026\/02\/11\/tensho-spagna-e-portogallo-1584-1586\/","title":{"rendered":"Tensho. Spagna e Portogallo 1584-1586"},"content":{"rendered":"\n<p>La Archidi\u00f3cesis de Lucca, en septiembre de 2022, ha promovido el proyecto \u201cThesaurum fidei\u201d con el fin de profundizar en los acontecimientos hist\u00f3ricos que caracterizaron el proceso de evangelizaci\u00f3n de Jap\u00f3n, iniciado en 1549 con la llegada de San Francisco Javier y posteriormente interrumpido desde 1638 hasta mediados del siglo XIX a causa de las persecuciones. Estos acontecimientos han sido descritos en diversas publicaciones elaboradas por nuestra Archidi\u00f3cesis; toda la informaci\u00f3n relativa a los eventos realizados, a las exposiciones y a las publicaciones est\u00e1 siempre disponible en nuestra p\u00e1gina web: <a href=\"https:\/\/www.diocesilucca.it\/thesaurumfidei\/\">https:\/\/www.diocesilucca.it\/thesaurumfidei\/<\/a><\/p>\n\n\n\n<p>En 2025, con motivo del 440 aniversario de la primera embajada japonesa ante la Santa Sede, realizamos un volumen titulado \u201cTENSH\u014c \u5929\u6b63. Diario de una peregrinaci\u00f3n japonesa a la Curia romana (1585). Fuentes manuscritas e impresas\u201d, que fue presentado en Jap\u00f3n con ocasi\u00f3n de la EXPO Osaka 2025, en el marco del programa promovido por el <em>Dicasterio para la Evangelizaci\u00f3n, Secci\u00f3n para las cuestiones fundamentales de la evangelizaci\u00f3n en el mundo<\/em>, dentro del pabell\u00f3n de la Santa Sede. Este volumen tuvo como objetivo describir e ilustrar, a trav\u00e9s de documentos conservados en archivos diocesanos y p\u00fablicos, el paso de esta primera embajada por diversas ciudades del territorio italiano.<\/p>\n\n\n\n<p>Actualmente, gracias a la colaboraci\u00f3n de estudiosos espa\u00f1oles y portugueses, estamos continuando las investigaciones para realizar un volumen similar destinado a recopilar documentos relativos al paso de la primera embajada japonesa entre 1584 y 1586 por las ciudades espa\u00f1olas y portuguesas, cuyo objetivo es la realizaci\u00f3n de un volumen sobre la embajada japonesa \u201cTensh\u014d\u201d en Espa\u00f1a y Portugal, junto con un congreso divulgativo que se celebrar\u00e1 al finalizar el proyecto (2028).<\/p>\n\n\n\n<p>El grupo de trabajo est\u00e1 compuesto por profesores italianos, espa\u00f1oles y portugueses, coordinado por la Dra Olimpia Niglio, Universidad de Pavia y Archidi\u00f3cesis de Lucca, con la estrecha colaboraci\u00f3n del profesor Vicent Jim\u00e9nez Chornet, de la Universitat Polit\u00e8cnica de Val\u00e8ncia, presidente del Colegio Oficial de Bibliotecarios y Documentalistas de la Comunidad Valenciana y del prof. Carlo Pelliccia, Universit\u00e0 degli Studi Internazionali di Roma, Italia.<\/p>\n\n\n\n<p>Para contactos directos con mis colaboradores que coordinan el proyecto desde Italia, pueden escribir a: Prof. Olimpia Niglio (Italia)&nbsp; <a href=\"mailto:orsucci450@diocesilucca.it\">orsucci450[dot]diocesilucca.it<\/a><\/p>\n\n\n\n<figure class=\"wp-block-embed is-type-video is-provider-youtube wp-block-embed-youtube wp-embed-aspect-16-9 wp-has-aspect-ratio\"><div class=\"wp-block-embed__wrapper\">\n<iframe loading=\"lazy\" title=\"THESAURUM FIDEI  2026-2027\" width=\"750\" height=\"422\" src=\"https:\/\/www.youtube.com\/embed\/XlqADgfj9N4?feature=oembed\" frameborder=\"0\" allow=\"accelerometer; autoplay; clipboard-write; encrypted-media; gyroscope; picture-in-picture; web-share\" referrerpolicy=\"strict-origin-when-cross-origin\" allowfullscreen><\/iframe>\n<\/div><\/figure>\n\n\n\n<p> A Arquidiocese de Lucca promoveu, em setembro de 2022, o projeto \u201cThesaurum fidei\u201d com o objetivo de aprofundar os acontecimentos hist\u00f3ricos que marcaram o processo de evangeliza\u00e7\u00e3o do Jap\u00e3o, iniciado em 1549 com a chegada de S\u00e3o Francisco Xavier e posteriormente interrompido entre 1638 e meados do s\u00e9culo XIX devido \u00e0s persegui\u00e7\u00f5es. Estes acontecimentos foram descritos em diversas publica\u00e7\u00f5es da nossa Arquidiocese; todas as informa\u00e7\u00f5es relativas aos eventos realizados, \u00e0s exposi\u00e7\u00f5es e \u00e0s publica\u00e7\u00f5es est\u00e3o dispon\u00edveis na nossa p\u00e1gina web: <a href=\"https:\/\/www.diocesilucca.it\/thesaurumfidei\/\">https:\/\/www.diocesilucca.it\/thesaurumfidei\/<\/a><\/p>\n\n\n\n<p>Em 2025, por ocasi\u00e3o dos 440 anos da primeira embaixada japonesa junto da Santa S\u00e9, realiz\u00e1mos um volume intitulado \u201cTENSH\u014c \u5929\u6b63. Di\u00e1rio de uma peregrina\u00e7\u00e3o japonesa \u00e0 C\u00faria Romana (1585). Fontes manuscritas e impressas\u201d, apresentado no Jap\u00e3o durante a EXPO Osaka 2025, no \u00e2mbito do programa promovido pelo <em>Dicast\u00e9rio para a Evangeliza\u00e7\u00e3o, Sec\u00e7\u00e3o para as quest\u00f5es fundamentais da evangeliza\u00e7\u00e3o no mundo, no pavilh\u00e3o da Santa S\u00e9<\/em>. Este volume teve como finalidade descrever e ilustrar, atrav\u00e9s de documentos conservados em arquivos diocesanos e p\u00fablicos, a passagem desta primeira embaixada por v\u00e1rias cidades do territ\u00f3rio italiano.<\/p>\n\n\n\n<p>Atualmente, gra\u00e7as \u00e0 colabora\u00e7\u00e3o de estudiosos espanh\u00f3is e portugueses, estamos a prosseguir as investiga\u00e7\u00f5es para realizar um volume semelhante, destinado a reunir documentos relativos \u00e0 passagem da primeira embaixada japonesa, entre 1584 e 1586, pelas cidades espanholas e portuguesas indicadas em anexo. Ficar\u00edamos muito gratos por receber informa\u00e7\u00f5es sobre eventuais documentos existentes nos vossos arquivos e por poder contar com o apoio de um investigador da vossa institui\u00e7\u00e3o interessado em colaborar neste projeto, cujo objetivo \u00e9 a realiza\u00e7\u00e3o de um volume sobre a embaixada japonesa \u201cTensh\u014d\u201d em Espanha e Portugal, bem como um congresso de divulga\u00e7\u00e3o a realizar no final do projeto (2028).<\/p>\n\n\n\n<p>O grupo de trabalho \u00e9 composto por professores italianos, espanh\u00f3is e portugueses, coordenado pela Dra. Olimpia Niglio, da Universidade de Pavia e da Arquidiocese de Lucca, com a estreita colabora\u00e7\u00e3o do Professor Vicent Jim\u00e9nez Chornet, da Universidade Polit\u00e9cnica de Val\u00eancia, presidente do Col\u00e9gio Oficial de Bibliotec\u00e1rios e Documentalistas da Comunidade Valenciana, e do Professor Carlo Pelliccia, da Universidade de Estudos Internacionais de Roma, It\u00e1lia.<\/p>\n\n\n\n<p>Para contactos diretos com os meus colaboradores que coordenam o projeto a partir de It\u00e1lia, podem escrever para: Prof. Olimpia Niglio (It\u00e1lia)&nbsp; <a href=\"mailto:orsucci450@diocesilucca.it\">orsucci450[dot]diocesilucca.it<\/a><\/p>\n\n\n\n<figure class=\"wp-block-image aligncenter size-large is-resized\"><a href=\"https:\/\/www.diocesilucca.it\/thesaurumfidei\/wp-content\/uploads\/sites\/14\/2026\/02\/2026_05_11_12-UNINT.pdf\"><img loading=\"lazy\" decoding=\"async\" width=\"725\" height=\"1024\" src=\"https:\/\/www.diocesilucca.it\/thesaurumfidei\/wp-content\/uploads\/sites\/14\/2026\/02\/2026_05_11_12-UNINT-725x1024.jpg\" alt=\"\" class=\"wp-image-2883\" style=\"aspect-ratio:0.708018616006714;width:620px;height:auto\" srcset=\"https:\/\/www.diocesilucca.it\/thesaurumfidei\/wp-content\/uploads\/sites\/14\/2026\/02\/2026_05_11_12-UNINT-725x1024.jpg 725w, https:\/\/www.diocesilucca.it\/thesaurumfidei\/wp-content\/uploads\/sites\/14\/2026\/02\/2026_05_11_12-UNINT-212x300.jpg 212w, https:\/\/www.diocesilucca.it\/thesaurumfidei\/wp-content\/uploads\/sites\/14\/2026\/02\/2026_05_11_12-UNINT-768x1085.jpg 768w, https:\/\/www.diocesilucca.it\/thesaurumfidei\/wp-content\/uploads\/sites\/14\/2026\/02\/2026_05_11_12-UNINT-1087x1536.jpg 1087w, https:\/\/www.diocesilucca.it\/thesaurumfidei\/wp-content\/uploads\/sites\/14\/2026\/02\/2026_05_11_12-UNINT-1449x2048.jpg 1449w, https:\/\/www.diocesilucca.it\/thesaurumfidei\/wp-content\/uploads\/sites\/14\/2026\/02\/2026_05_11_12-UNINT-scaled.jpg 1812w\" sizes=\"auto, (max-width: 725px) 100vw, 725px\" \/><\/a><\/figure>\n","protected":false},"excerpt":{"rendered":"<p>La Archidi\u00f3cesis de Lucca, en septiembre de 2022, ha promovido el proyecto \u201cThesaurum fidei\u201d con el fin de profundizar en los acontecimientos hist\u00f3ricos que caracterizaron el proceso de evangelizaci\u00f3n de Jap\u00f3n, iniciado en 1549 con la llegada de San Francisco<\/p>\n","protected":false},"author":243,"featured_media":2700,"comment_status":"closed","ping_status":"open","sticky":false,"template":"","format":"standard","meta":{"footnotes":""},"categories":[30],"tags":[],"class_list":["post-2707","post","type-post","status-publish","format-standard","has-post-thumbnail","hentry","category-eventi"],"_links":{"self":[{"href":"https:\/\/www.diocesilucca.it\/thesaurumfidei\/wp-json\/wp\/v2\/posts\/2707","targetHints":{"allow":["GET"]}}],"collection":[{"href":"https:\/\/www.diocesilucca.it\/thesaurumfidei\/wp-json\/wp\/v2\/posts"}],"about":[{"href":"https:\/\/www.diocesilucca.it\/thesaurumfidei\/wp-json\/wp\/v2\/types\/post"}],"author":[{"embeddable":true,"href":"https:\/\/www.diocesilucca.it\/thesaurumfidei\/wp-json\/wp\/v2\/users\/243"}],"replies":[{"embeddable":true,"href":"https:\/\/www.diocesilucca.it\/thesaurumfidei\/wp-json\/wp\/v2\/comments?post=2707"}],"version-history":[{"count":5,"href":"https:\/\/www.diocesilucca.it\/thesaurumfidei\/wp-json\/wp\/v2\/posts\/2707\/revisions"}],"predecessor-version":[{"id":2887,"href":"https:\/\/www.diocesilucca.it\/thesaurumfidei\/wp-json\/wp\/v2\/posts\/2707\/revisions\/2887"}],"wp:featuredmedia":[{"embeddable":true,"href":"https:\/\/www.diocesilucca.it\/thesaurumfidei\/wp-json\/wp\/v2\/media\/2700"}],"wp:attachment":[{"href":"https:\/\/www.diocesilucca.it\/thesaurumfidei\/wp-json\/wp\/v2\/media?parent=2707"}],"wp:term":[{"taxonomy":"category","embeddable":true,"href":"https:\/\/www.diocesilucca.it\/thesaurumfidei\/wp-json\/wp\/v2\/categories?post=2707"},{"taxonomy":"post_tag","embeddable":true,"href":"https:\/\/www.diocesilucca.it\/thesaurumfidei\/wp-json\/wp\/v2\/tags?post=2707"}],"curies":[{"name":"wp","href":"https:\/\/api.w.org\/{rel}","templated":true}]}}