{"id":2025,"date":"2025-02-11T15:09:24","date_gmt":"2025-02-11T14:09:24","guid":{"rendered":"https:\/\/www.diocesilucca.it\/thesaurumfidei\/?p=2025"},"modified":"2025-03-28T11:24:47","modified_gmt":"2025-03-28T10:24:47","slug":"pontificia-universita-gregoriana","status":"publish","type":"post","link":"https:\/\/www.diocesilucca.it\/thesaurumfidei\/2025\/02\/11\/pontificia-universita-gregoriana\/","title":{"rendered":"Pontificia Universit\u00e0 Gregoriana | 17 marzo 2025"},"content":{"rendered":"\n<figure class=\"wp-block-image aligncenter size-large is-resized\"><img loading=\"lazy\" decoding=\"async\" width=\"1024\" height=\"576\" src=\"https:\/\/www.diocesilucca.it\/thesaurumfidei\/wp-content\/uploads\/sites\/14\/2025\/02\/17-marzo-1024x576.jpg\" alt=\"\" class=\"wp-image-2027\" style=\"width:635px;height:auto\" srcset=\"https:\/\/www.diocesilucca.it\/thesaurumfidei\/wp-content\/uploads\/sites\/14\/2025\/02\/17-marzo-1024x576.jpg 1024w, https:\/\/www.diocesilucca.it\/thesaurumfidei\/wp-content\/uploads\/sites\/14\/2025\/02\/17-marzo-300x169.jpg 300w, https:\/\/www.diocesilucca.it\/thesaurumfidei\/wp-content\/uploads\/sites\/14\/2025\/02\/17-marzo-768x432.jpg 768w, https:\/\/www.diocesilucca.it\/thesaurumfidei\/wp-content\/uploads\/sites\/14\/2025\/02\/17-marzo.jpg 1280w\" sizes=\"auto, (max-width: 1024px) 100vw, 1024px\" \/><\/figure>\n\n\n\n<figure class=\"wp-block-image aligncenter size-large is-resized\"><img loading=\"lazy\" decoding=\"async\" width=\"724\" height=\"1024\" src=\"https:\/\/www.diocesilucca.it\/thesaurumfidei\/wp-content\/uploads\/sites\/14\/2025\/03\/Locandina-3-2025-724x1024.jpg\" alt=\"\" class=\"wp-image-2224\" style=\"width:724px;height:auto\" srcset=\"https:\/\/www.diocesilucca.it\/thesaurumfidei\/wp-content\/uploads\/sites\/14\/2025\/03\/Locandina-3-2025-724x1024.jpg 724w, https:\/\/www.diocesilucca.it\/thesaurumfidei\/wp-content\/uploads\/sites\/14\/2025\/03\/Locandina-3-2025-212x300.jpg 212w, https:\/\/www.diocesilucca.it\/thesaurumfidei\/wp-content\/uploads\/sites\/14\/2025\/03\/Locandina-3-2025-768x1086.jpg 768w, https:\/\/www.diocesilucca.it\/thesaurumfidei\/wp-content\/uploads\/sites\/14\/2025\/03\/Locandina-3-2025-1086x1536.jpg 1086w, https:\/\/www.diocesilucca.it\/thesaurumfidei\/wp-content\/uploads\/sites\/14\/2025\/03\/Locandina-3-2025-1448x2048.jpg 1448w, https:\/\/www.diocesilucca.it\/thesaurumfidei\/wp-content\/uploads\/sites\/14\/2025\/03\/Locandina-3-2025.jpg 1754w\" sizes=\"auto, (max-width: 724px) 100vw, 724px\" \/><\/figure>\n\n\n\n<div data-wp-interactive=\"core\/file\" class=\"wp-block-file aligncenter\"><object data-wp-bind--hidden=\"!state.hasPdfPreview\" hidden class=\"wp-block-file__embed\" data=\"https:\/\/www.diocesilucca.it\/thesaurumfidei\/wp-content\/uploads\/sites\/14\/2025\/03\/Locandina-3-2025.pdf\" type=\"application\/pdf\" style=\"width:100%;height:600px\" aria-label=\"Incorporamento di Locandina-3-2025.\"><\/object><a id=\"wp-block-file--media-35551bd7-9c85-47eb-96c6-260d64d527d2\" href=\"https:\/\/www.diocesilucca.it\/thesaurumfidei\/wp-content\/uploads\/sites\/14\/2025\/03\/Locandina-3-2025.pdf\">Locandina-3-2025<\/a><a href=\"https:\/\/www.diocesilucca.it\/thesaurumfidei\/wp-content\/uploads\/sites\/14\/2025\/03\/Locandina-3-2025.pdf\" class=\"wp-block-file__button wp-element-button\" download aria-describedby=\"wp-block-file--media-35551bd7-9c85-47eb-96c6-260d64d527d2\">Download<\/a><\/div>\n\n\n\n<p class=\"has-text-align-left\">Nel 2025 ricorre il 440\u00b0 anniversario dell\u2019Ambasceria Tensh\u014d (1585-2025): i primi giapponesi cristiani furono ricevuti da papa Gregorio XIII (Boncompagni), fondatore e protettore dell\u2019Universit\u00e0 Gregoriana, che eresse dalle fondamenta una nuova sede del Collegio Romano, solennemente inaugurata nel 1584 e la accrebbe di benefici e privilegi, estendendoli a qualunque collegio di studi della Compagnia di Ges\u00f9, nei quali venivano coltivati gli studi di filosofia e teologia, finanche al Giappone.<\/p>\n\n\n\n<p class=\"has-text-align-left\">L\u2019ambasciata Tensh\u014d fu la prima missione diplomatica giapponese inviata in Europa, partita alla volta del vecchio continente per volere del missionario gesuita Alessandro Valignano e dei daimy\u014d cristiani \u014ctomo S\u014drin, \u014cmura Sumitada e Arima Harunobu e per l\u2019epoca costitu\u00ec anche una proficua opportunit\u00e0 per conoscere altre citt\u00e0 italiane grazie all\u2019accoglienza di prelati, compagnie religiose e famiglie nobili del posto. L\u2019arrivo a Roma \u00e8 documentato il 22 marzo. La opportunit\u00e0 di confermare la data del <strong>17 marzo 2025 <\/strong>\u00e8 anche per commemorare i 160 anni dalla scoperta dei fedeli cristiani nascosti in Giappone (17 marzo 1865 \u201317 marzo 2025).<\/p>\n\n\n\n<p class=\"has-text-align-left\">Per celebrare questo importante anniversario in occasione anche dell\u2019Anno Giubilare (2025), la <strong>Pontificia Universit\u00e0 Gregoriana<\/strong> con <strong>l\u2019Ambasciata del Giappone presso la Santa Sede<\/strong> e in collaborazione con la <strong>Biblioteca Apostolica Vaticana<\/strong>, il <strong>Dicastero dell\u2019Evangelizzazione, Sezione per le questioni fondamentali dell\u2019evangelizzazione nel mondo<\/strong> e l\u2019<strong>Arcidiocesi di Lucca<\/strong>, promuovono una giornata di studi internazionale dal titolo \u201c<strong>Il pellegrinaggio giapponese alla Santa Sede: la speranza di un dialogo (marzo 1585)<\/strong>\u201d e nell\u2019ambito del progetto \u201c<strong>Thesaurum fidei<\/strong>\u201d, inaugurato nel 2023 e coordinato da mons. Paolo Giulietti, arcivescovo di Lucca e dalla professoressa Olimpia Niglio, Universit\u00e0 di Pavia e Arcidiocesi di Lucca.<\/p>\n\n\n\n<p class=\"has-text-align-left\">La giornata di studi consente di anticipare importanti eventi che saranno svolti a partire gi\u00e0 dai prossimi mesi proprio nell\u2019ambito del progetto \u201cThesaurum Fidei\u201d che sar\u00e0 parte integrante del programma del Padiglione della Santa Sede presso Expo 2025 Osaka.<\/p>\n\n\n\n<p class=\"has-text-align-left\">La giornata di studi, progettata e coordinata dalla professoressa Olimpia NIGLIO, Universit\u00e0 di Pavia e Arcidiocesi di Lucca, e dal professore don Roberto REGOLI della Pontificia Universit\u00e0 Gregoriana \u00e8 introdotta dai saluti istituzionali di Mark LEWIS SJ, Rettore Pontificia Universit\u00e0 Gregoriana; Atsutoshi HAGINO, Incaricato d&#8217;Affari a.i., Ambasciata del Giappone presso la Santa Sede; S.E.R. Mons. Angelo Vincenzo ZANI, Archivista e Bibliotecario di Santa Romana Chiesa; S.E.R. Mons. Paolo GIULIETTI, Arcivescovo di Lucca, da S.E.R. Mons. Rino FISICHELLA, Pro-Prefetto del Dicastero per l\u2019Evangelizzazione, Sezione per le questioni fondamentali dell\u2019evangelizzazione nel mondo e da S.E. Umberto Vattani, Ambasciatore, Presidente Fondazione Italia-Giappone.<\/p>\n\n\n\n<p class=\"has-text-align-left\">Intervengono il professore Silvano GIORDANO OCD, Pontificia Facolt\u00e0 Teologica Teresianum e Pontificia Universit\u00e0 Gregoriana, il professore Carlo PELLICCIA, Istituto di Linguistica Computazionale del Consiglio Nazionale delle Ricerche Universit\u00e0 degli Studi Internazionali di Roma e Kan TAKAHAMA, scrittrice giapponese, ambasciatrice del Padiglione della Santa Sede presso Expo 2025 di Osaka.<\/p>\n\n\n\n<p class=\"has-text-align-left\">Nel pomeriggio seguir\u00e0 la Visita alla Porta Santa presso la Basilica di San Pietro con il coordinamento del Dicastero per l\u2019evangelizzazione, Sezione per le questioni fondamentali dell\u2019evangelizzazione nel mondo.<\/p>\n\n\n\n<div data-wp-interactive=\"core\/file\" class=\"wp-block-file\"><object data-wp-bind--hidden=\"!state.hasPdfPreview\" hidden class=\"wp-block-file__embed\" data=\"https:\/\/www.diocesilucca.it\/thesaurumfidei\/wp-content\/uploads\/sites\/14\/2025\/02\/THESAURUM-FIDEI_IN-CAMMINO.pdf\" type=\"application\/pdf\" style=\"width:100%;height:600px\" aria-label=\"Incorporamento di THESAURUM FIDEI_IN CAMMINO.\"><\/object><a id=\"wp-block-file--media-1c43a3e2-56f0-4316-86eb-3d7256a3e566\" href=\"https:\/\/www.diocesilucca.it\/thesaurumfidei\/wp-content\/uploads\/sites\/14\/2025\/02\/THESAURUM-FIDEI_IN-CAMMINO.pdf\">THESAURUM FIDEI_IN CAMMINO<\/a><a href=\"https:\/\/www.diocesilucca.it\/thesaurumfidei\/wp-content\/uploads\/sites\/14\/2025\/02\/THESAURUM-FIDEI_IN-CAMMINO.pdf\" class=\"wp-block-file__button wp-element-button\" download aria-describedby=\"wp-block-file--media-1c43a3e2-56f0-4316-86eb-3d7256a3e566\">Download<\/a><\/div>\n\n\n\n<div data-wp-interactive=\"core\/file\" class=\"wp-block-file\"><object data-wp-bind--hidden=\"!state.hasPdfPreview\" hidden class=\"wp-block-file__embed\" data=\"https:\/\/www.diocesilucca.it\/thesaurumfidei\/wp-content\/uploads\/sites\/14\/2025\/03\/REPERTORIO-FOTOGRAFICO-GREGORIANA.pdf\" type=\"application\/pdf\" style=\"width:100%;height:600px\" aria-label=\"Incorporamento di REPERTORIO FOTOGRAFICO GREGORIANA.\"><\/object><a id=\"wp-block-file--media-f70f0fec-cb5d-49b8-ac83-a7d363fa0405\" href=\"https:\/\/www.diocesilucca.it\/thesaurumfidei\/wp-content\/uploads\/sites\/14\/2025\/03\/REPERTORIO-FOTOGRAFICO-GREGORIANA.pdf\">REPERTORIO FOTOGRAFICO GREGORIANA<\/a><a href=\"https:\/\/www.diocesilucca.it\/thesaurumfidei\/wp-content\/uploads\/sites\/14\/2025\/03\/REPERTORIO-FOTOGRAFICO-GREGORIANA.pdf\" class=\"wp-block-file__button wp-element-button\" download aria-describedby=\"wp-block-file--media-f70f0fec-cb5d-49b8-ac83-a7d363fa0405\">Download<\/a><\/div>\n\n\n\n<div data-wp-interactive=\"core\/file\" class=\"wp-block-file\"><object data-wp-bind--hidden=\"!state.hasPdfPreview\" hidden class=\"wp-block-file__embed\" data=\"https:\/\/www.diocesilucca.it\/thesaurumfidei\/wp-content\/uploads\/sites\/14\/2025\/02\/RASSEGNA-STAMPA_THESAURUM-FIDEI-2025_Gregoriana_3_17.pdf\" type=\"application\/pdf\" style=\"width:100%;height:600px\" aria-label=\"Incorporamento di RASSEGNA STAMPA_THESAURUM FIDEI 2025_Gregoriana_3_17.\"><\/object><a id=\"wp-block-file--media-0923b403-ef1e-464b-b8ba-41d3597587c3\" href=\"https:\/\/www.diocesilucca.it\/thesaurumfidei\/wp-content\/uploads\/sites\/14\/2025\/02\/RASSEGNA-STAMPA_THESAURUM-FIDEI-2025_Gregoriana_3_17.pdf\">RASSEGNA STAMPA_THESAURUM FIDEI 2025_Gregoriana_3_17<\/a><a href=\"https:\/\/www.diocesilucca.it\/thesaurumfidei\/wp-content\/uploads\/sites\/14\/2025\/02\/RASSEGNA-STAMPA_THESAURUM-FIDEI-2025_Gregoriana_3_17.pdf\" class=\"wp-block-file__button wp-element-button\" download aria-describedby=\"wp-block-file--media-0923b403-ef1e-464b-b8ba-41d3597587c3\">Download<\/a><\/div>\n\n\n\n<figure class=\"wp-block-image aligncenter size-large is-resized\"><a href=\"https:\/\/www.asahi.com\/ajw\/articles\/photo\/54425578\"><img loading=\"lazy\" decoding=\"async\" width=\"1024\" height=\"537\" src=\"https:\/\/www.diocesilucca.it\/thesaurumfidei\/wp-content\/uploads\/sites\/14\/2025\/02\/SAKIZU-1024x537.jpg\" alt=\"\" class=\"wp-image-2297\" style=\"width:841px;height:auto\" srcset=\"https:\/\/www.diocesilucca.it\/thesaurumfidei\/wp-content\/uploads\/sites\/14\/2025\/02\/SAKIZU-1024x537.jpg 1024w, https:\/\/www.diocesilucca.it\/thesaurumfidei\/wp-content\/uploads\/sites\/14\/2025\/02\/SAKIZU-300x157.jpg 300w, https:\/\/www.diocesilucca.it\/thesaurumfidei\/wp-content\/uploads\/sites\/14\/2025\/02\/SAKIZU-768x403.jpg 768w, https:\/\/www.diocesilucca.it\/thesaurumfidei\/wp-content\/uploads\/sites\/14\/2025\/02\/SAKIZU-1536x806.jpg 1536w, https:\/\/www.diocesilucca.it\/thesaurumfidei\/wp-content\/uploads\/sites\/14\/2025\/02\/SAKIZU.jpg 1968w\" sizes=\"auto, (max-width: 1024px) 100vw, 1024px\" \/><\/a><\/figure>\n\n\n\n<figure class=\"wp-block-image aligncenter size-full is-resized\"><a href=\"https:\/\/www.vaticannews.va\/it\/chiesa\/news\/2025-03\/alla-gregoriana-un-pellegrinaggio-giapponese-che-parla-ancora-di.html\"><img loading=\"lazy\" decoding=\"async\" width=\"670\" height=\"723\" src=\"https:\/\/www.diocesilucca.it\/thesaurumfidei\/wp-content\/uploads\/sites\/14\/2025\/03\/vaticannews20.jpg\" alt=\"\" class=\"wp-image-2285\" style=\"width:607px;height:auto\" srcset=\"https:\/\/www.diocesilucca.it\/thesaurumfidei\/wp-content\/uploads\/sites\/14\/2025\/03\/vaticannews20.jpg 670w, https:\/\/www.diocesilucca.it\/thesaurumfidei\/wp-content\/uploads\/sites\/14\/2025\/03\/vaticannews20-278x300.jpg 278w\" sizes=\"auto, (max-width: 670px) 100vw, 670px\" \/><\/a><\/figure>\n","protected":false},"excerpt":{"rendered":"<p>Nel 2025 ricorre il 440\u00b0 anniversario dell\u2019Ambasceria Tensh\u014d (1585-2025): i primi giapponesi cristiani furono ricevuti da papa Gregorio XIII (Boncompagni), fondatore e protettore dell\u2019Universit\u00e0 Gregoriana, che eresse dalle fondamenta una nuova sede del Collegio Romano, solennemente inaugurata nel 1584 e<\/p>\n","protected":false},"author":243,"featured_media":2027,"comment_status":"closed","ping_status":"open","sticky":false,"template":"","format":"standard","meta":{"footnotes":""},"categories":[30],"tags":[],"class_list":["post-2025","post","type-post","status-publish","format-standard","has-post-thumbnail","hentry","category-eventi"],"_links":{"self":[{"href":"https:\/\/www.diocesilucca.it\/thesaurumfidei\/wp-json\/wp\/v2\/posts\/2025","targetHints":{"allow":["GET"]}}],"collection":[{"href":"https:\/\/www.diocesilucca.it\/thesaurumfidei\/wp-json\/wp\/v2\/posts"}],"about":[{"href":"https:\/\/www.diocesilucca.it\/thesaurumfidei\/wp-json\/wp\/v2\/types\/post"}],"author":[{"embeddable":true,"href":"https:\/\/www.diocesilucca.it\/thesaurumfidei\/wp-json\/wp\/v2\/users\/243"}],"replies":[{"embeddable":true,"href":"https:\/\/www.diocesilucca.it\/thesaurumfidei\/wp-json\/wp\/v2\/comments?post=2025"}],"version-history":[{"count":26,"href":"https:\/\/www.diocesilucca.it\/thesaurumfidei\/wp-json\/wp\/v2\/posts\/2025\/revisions"}],"predecessor-version":[{"id":2299,"href":"https:\/\/www.diocesilucca.it\/thesaurumfidei\/wp-json\/wp\/v2\/posts\/2025\/revisions\/2299"}],"wp:featuredmedia":[{"embeddable":true,"href":"https:\/\/www.diocesilucca.it\/thesaurumfidei\/wp-json\/wp\/v2\/media\/2027"}],"wp:attachment":[{"href":"https:\/\/www.diocesilucca.it\/thesaurumfidei\/wp-json\/wp\/v2\/media?parent=2025"}],"wp:term":[{"taxonomy":"category","embeddable":true,"href":"https:\/\/www.diocesilucca.it\/thesaurumfidei\/wp-json\/wp\/v2\/categories?post=2025"},{"taxonomy":"post_tag","embeddable":true,"href":"https:\/\/www.diocesilucca.it\/thesaurumfidei\/wp-json\/wp\/v2\/tags?post=2025"}],"curies":[{"name":"wp","href":"https:\/\/api.w.org\/{rel}","templated":true}]}}