{"id":1766,"date":"2025-02-20T13:05:33","date_gmt":"2025-02-20T12:05:33","guid":{"rendered":"https:\/\/www.diocesilucca.it\/missioni\/?p=1766"},"modified":"2025-02-20T13:05:34","modified_gmt":"2025-02-20T12:05:34","slug":"a-piccoli-passi-news","status":"publish","type":"post","link":"https:\/\/www.diocesilucca.it\/missioni\/2025\/02\/20\/a-piccoli-passi-news\/","title":{"rendered":"A Piccoli Passi news"},"content":{"rendered":"\n<p>A seguito della visita effettuata dal nostro Vescovo <strong>Mons. Giulietti<\/strong> e da alcuni delegati del<br>Centro Missionario nell\u2019<strong>agosto 2024<\/strong> e della richiesta avanzata dallo stesso vescovo di Byumba<br><strong>Mons. Papias<\/strong> il progetto \u201cA piccoli passi\u201d sta continuando le sue attivit\u00e0 concentrandosi, per\u00f2,<br>sui centri di <strong>Nynawimana<\/strong> e <strong>Nyarurema<\/strong>.<br>La scelta \u00e8 dettata dal da due ragioni:<\/p>\n\n\n\n<ol class=\"wp-block-list\">\n<li><strong>Nynawimana<\/strong> costituisce il centro fisioterapico pi\u00f9 grande dove si concentreranno le azioni di<br>ampliamento e equipaggiamento dei locali al cui interno sar\u00e0 possibile godere della presenza<br>di 1 fisioterapista assegnato dallo Stato. Rappresenter\u00e0, pertanto, il centro principale a cui<br>saranno collegati gli altri centri satelliti. Il trattamento di Kinesiterapia \u00e8 rivolto ai 40-60<br>bambini che frequentano la struttura almeno 2 volte la settimana sotto la supervisione di 2<br>formatrici. Inoltre il Centro garantisce ospitalit\u00e0 (vitto e alloggio) a circa 60<br>bambini\/adolescenti con handicap fisici che frequentano la scuola primaria e secondaria.<\/li>\n\n\n\n<li>Il centro del villaggio di <strong>Nyarurema<\/strong> ha personale che vanta una lunga esperienza nel campo<br>della disabilit\u00e0 motoria e neurologica ed \u00e8 in grado di assistere le famiglie e prestare le cure ai<br>bambini contando su un numero significativo di volontari formati. I pazienti sono 145 i<br>provenienti da ben 5 parrocchie di cui 74 di et\u00e0 compresa tra 0 e 5 anni. Ci sono 2 gruppi<br>distinti: il primo con problemi fisici e l\u2019altro con anche anomalie neurologiche. Il centro \u00e8<br>aperto ogni gioved\u00ec mattina. I pazienti pagano circa 200 Rwf al mese (pari a circa 0,20 \u20ac).<\/li>\n<\/ol>\n\n\n\n<p>Il centro di <strong>Muyanza<\/strong> continua la sua attivit\u00e0 di accoglienza e assistenza dei circa 150-200 bambini<br>una volta a settimana, il luned\u00ec con il monitoraggio della Caritas di Byumba.<\/p>\n\n\n\n<p>L\u2019anno <strong>2025<\/strong> sar\u00e0 destinato alla <strong><mark class=\"has-inline-color has-black-color\">valutazione degli adempimenti burocratici<\/mark><\/strong> e dei <strong><mark class=\"has-inline-color has-black-color\">lavori di<br>ampiamento del centro di Nynawimana<\/mark><\/strong> e di <strong><mark class=\"has-inline-color has-black-color\">potenziamento dei centri satelliti<\/mark><\/strong> al fine di avere<br>personale specializzato dallo stato e incrementare le attivit\u00e0 sia nelle strutture che nei villaggi considerato che una delle piaghe pi\u00f9 dolorose \u00e8 rappresentata dai bambini che, una volta raggiunta l\u2019adolescenza, si spostano con maggiore difficolt\u00e0 a causa del peso e delle loro disabilit\u00e0 e rischiano di essere \u201cdimenticati\u201d senza assistenza nei villaggi.<\/p>\n\n\n\n<div class=\"wp-block-columns is-layout-flex wp-container-core-columns-is-layout-28f84493 wp-block-columns-is-layout-flex\">\n<div class=\"wp-block-column is-layout-flow wp-block-column-is-layout-flow\">\n<figure class=\"wp-block-image size-large\"><a href=\"https:\/\/www.diocesilucca.it\/missioni\/wp-content\/uploads\/sites\/7\/2025\/02\/20220516_130029-1-scaled.jpg\"><img loading=\"lazy\" decoding=\"async\" width=\"768\" height=\"1024\" src=\"https:\/\/www.diocesilucca.it\/missioni\/wp-content\/uploads\/sites\/7\/2025\/02\/20220516_130029-1-768x1024.jpg\" alt=\"\" class=\"wp-image-1770\" srcset=\"https:\/\/www.diocesilucca.it\/missioni\/wp-content\/uploads\/sites\/7\/2025\/02\/20220516_130029-1-768x1024.jpg 768w, https:\/\/www.diocesilucca.it\/missioni\/wp-content\/uploads\/sites\/7\/2025\/02\/20220516_130029-1-225x300.jpg 225w, https:\/\/www.diocesilucca.it\/missioni\/wp-content\/uploads\/sites\/7\/2025\/02\/20220516_130029-1-1152x1536.jpg 1152w, https:\/\/www.diocesilucca.it\/missioni\/wp-content\/uploads\/sites\/7\/2025\/02\/20220516_130029-1-1536x2048.jpg 1536w, https:\/\/www.diocesilucca.it\/missioni\/wp-content\/uploads\/sites\/7\/2025\/02\/20220516_130029-1-scaled.jpg 1920w\" sizes=\"auto, (max-width: 768px) 100vw, 768px\" \/><\/a><\/figure>\n<\/div>\n\n\n\n<div class=\"wp-block-column is-layout-flow wp-block-column-is-layout-flow\">\n<figure class=\"wp-block-image size-large\"><a href=\"https:\/\/www.diocesilucca.it\/missioni\/wp-content\/uploads\/sites\/7\/2025\/02\/20220516_130020-scaled.jpg\"><img loading=\"lazy\" decoding=\"async\" width=\"768\" height=\"1024\" src=\"https:\/\/www.diocesilucca.it\/missioni\/wp-content\/uploads\/sites\/7\/2025\/02\/20220516_130020-768x1024.jpg\" alt=\"\" class=\"wp-image-1771\" srcset=\"https:\/\/www.diocesilucca.it\/missioni\/wp-content\/uploads\/sites\/7\/2025\/02\/20220516_130020-768x1024.jpg 768w, https:\/\/www.diocesilucca.it\/missioni\/wp-content\/uploads\/sites\/7\/2025\/02\/20220516_130020-225x300.jpg 225w, https:\/\/www.diocesilucca.it\/missioni\/wp-content\/uploads\/sites\/7\/2025\/02\/20220516_130020-1152x1536.jpg 1152w, https:\/\/www.diocesilucca.it\/missioni\/wp-content\/uploads\/sites\/7\/2025\/02\/20220516_130020-1536x2048.jpg 1536w, https:\/\/www.diocesilucca.it\/missioni\/wp-content\/uploads\/sites\/7\/2025\/02\/20220516_130020-scaled.jpg 1920w\" sizes=\"auto, (max-width: 768px) 100vw, 768px\" \/><\/a><\/figure>\n<\/div>\n\n\n\n<div class=\"wp-block-column is-layout-flow wp-block-column-is-layout-flow\">\n<figure class=\"wp-block-image size-large\"><a href=\"https:\/\/www.diocesilucca.it\/missioni\/wp-content\/uploads\/sites\/7\/2025\/02\/20220516_132950-scaled.jpg\"><img loading=\"lazy\" decoding=\"async\" width=\"768\" height=\"1024\" src=\"https:\/\/www.diocesilucca.it\/missioni\/wp-content\/uploads\/sites\/7\/2025\/02\/20220516_132950-768x1024.jpg\" alt=\"\" class=\"wp-image-1772\" srcset=\"https:\/\/www.diocesilucca.it\/missioni\/wp-content\/uploads\/sites\/7\/2025\/02\/20220516_132950-768x1024.jpg 768w, https:\/\/www.diocesilucca.it\/missioni\/wp-content\/uploads\/sites\/7\/2025\/02\/20220516_132950-225x300.jpg 225w, https:\/\/www.diocesilucca.it\/missioni\/wp-content\/uploads\/sites\/7\/2025\/02\/20220516_132950-1152x1536.jpg 1152w, https:\/\/www.diocesilucca.it\/missioni\/wp-content\/uploads\/sites\/7\/2025\/02\/20220516_132950-1536x2048.jpg 1536w, https:\/\/www.diocesilucca.it\/missioni\/wp-content\/uploads\/sites\/7\/2025\/02\/20220516_132950-scaled.jpg 1920w\" sizes=\"auto, (max-width: 768px) 100vw, 768px\" \/><\/a><\/figure>\n<\/div>\n<\/div>\n\n\n\n<div class=\"wp-block-columns is-layout-flex wp-container-core-columns-is-layout-28f84493 wp-block-columns-is-layout-flex\">\n<div class=\"wp-block-column is-layout-flow wp-block-column-is-layout-flow\">\n<figure class=\"wp-block-image size-large is-resized\"><a href=\"https:\/\/www.diocesilucca.it\/missioni\/wp-content\/uploads\/sites\/7\/2025\/02\/20220516_134132-1-scaled.jpg\"><img loading=\"lazy\" decoding=\"async\" width=\"1024\" height=\"768\" src=\"https:\/\/www.diocesilucca.it\/missioni\/wp-content\/uploads\/sites\/7\/2025\/02\/20220516_134132-1-1024x768.jpg\" alt=\"\" class=\"wp-image-1773\" style=\"width:420px;height:auto\" srcset=\"https:\/\/www.diocesilucca.it\/missioni\/wp-content\/uploads\/sites\/7\/2025\/02\/20220516_134132-1-1024x768.jpg 1024w, https:\/\/www.diocesilucca.it\/missioni\/wp-content\/uploads\/sites\/7\/2025\/02\/20220516_134132-1-300x225.jpg 300w, https:\/\/www.diocesilucca.it\/missioni\/wp-content\/uploads\/sites\/7\/2025\/02\/20220516_134132-1-768x576.jpg 768w, https:\/\/www.diocesilucca.it\/missioni\/wp-content\/uploads\/sites\/7\/2025\/02\/20220516_134132-1-1536x1152.jpg 1536w, https:\/\/www.diocesilucca.it\/missioni\/wp-content\/uploads\/sites\/7\/2025\/02\/20220516_134132-1-2048x1536.jpg 2048w\" sizes=\"auto, (max-width: 1024px) 100vw, 1024px\" \/><\/a><\/figure>\n<\/div>\n\n\n\n<div class=\"wp-block-column is-layout-flow wp-block-column-is-layout-flow\">\n<figure class=\"wp-block-image size-large\"><a href=\"https:\/\/www.diocesilucca.it\/missioni\/wp-content\/uploads\/sites\/7\/2025\/02\/IMG-20240812-WA0025-1.jpg\"><img loading=\"lazy\" decoding=\"async\" width=\"1024\" height=\"577\" src=\"https:\/\/www.diocesilucca.it\/missioni\/wp-content\/uploads\/sites\/7\/2025\/02\/IMG-20240812-WA0025-1-1024x577.jpg\" alt=\"\" class=\"wp-image-1774\" srcset=\"https:\/\/www.diocesilucca.it\/missioni\/wp-content\/uploads\/sites\/7\/2025\/02\/IMG-20240812-WA0025-1-1024x577.jpg 1024w, https:\/\/www.diocesilucca.it\/missioni\/wp-content\/uploads\/sites\/7\/2025\/02\/IMG-20240812-WA0025-1-300x169.jpg 300w, https:\/\/www.diocesilucca.it\/missioni\/wp-content\/uploads\/sites\/7\/2025\/02\/IMG-20240812-WA0025-1-768x432.jpg 768w, https:\/\/www.diocesilucca.it\/missioni\/wp-content\/uploads\/sites\/7\/2025\/02\/IMG-20240812-WA0025-1-1536x865.jpg 1536w, https:\/\/www.diocesilucca.it\/missioni\/wp-content\/uploads\/sites\/7\/2025\/02\/IMG-20240812-WA0025-1.jpg 2000w\" sizes=\"auto, (max-width: 1024px) 100vw, 1024px\" \/><\/a><\/figure>\n<\/div>\n<\/div>\n\n\n\n<p><\/p>\n","protected":false},"excerpt":{"rendered":"<p>A seguito della visita effettuata dal nostro Vescovo Mons. Giulietti e da alcuni delegati delCentro Missionario nell\u2019agosto 2024 e della richiesta avanzata dallo stesso vescovo di ByumbaMons. Papias il progetto \u201cA piccoli passi\u201d sta continuando le sue attivit\u00e0 concentrandosi, per\u00f2,sui<\/p>\n","protected":false},"author":15,"featured_media":0,"comment_status":"closed","ping_status":"open","sticky":false,"template":"","format":"standard","meta":{"footnotes":""},"categories":[1],"tags":[],"class_list":["post-1766","post","type-post","status-publish","format-standard","hentry","category-senza-categoria"],"_links":{"self":[{"href":"https:\/\/www.diocesilucca.it\/missioni\/wp-json\/wp\/v2\/posts\/1766","targetHints":{"allow":["GET"]}}],"collection":[{"href":"https:\/\/www.diocesilucca.it\/missioni\/wp-json\/wp\/v2\/posts"}],"about":[{"href":"https:\/\/www.diocesilucca.it\/missioni\/wp-json\/wp\/v2\/types\/post"}],"author":[{"embeddable":true,"href":"https:\/\/www.diocesilucca.it\/missioni\/wp-json\/wp\/v2\/users\/15"}],"replies":[{"embeddable":true,"href":"https:\/\/www.diocesilucca.it\/missioni\/wp-json\/wp\/v2\/comments?post=1766"}],"version-history":[{"count":1,"href":"https:\/\/www.diocesilucca.it\/missioni\/wp-json\/wp\/v2\/posts\/1766\/revisions"}],"predecessor-version":[{"id":1775,"href":"https:\/\/www.diocesilucca.it\/missioni\/wp-json\/wp\/v2\/posts\/1766\/revisions\/1775"}],"wp:attachment":[{"href":"https:\/\/www.diocesilucca.it\/missioni\/wp-json\/wp\/v2\/media?parent=1766"}],"wp:term":[{"taxonomy":"category","embeddable":true,"href":"https:\/\/www.diocesilucca.it\/missioni\/wp-json\/wp\/v2\/categories?post=1766"},{"taxonomy":"post_tag","embeddable":true,"href":"https:\/\/www.diocesilucca.it\/missioni\/wp-json\/wp\/v2\/tags?post=1766"}],"curies":[{"name":"wp","href":"https:\/\/api.w.org\/{rel}","templated":true}]}}