{"id":1584,"date":"2024-02-20T13:19:59","date_gmt":"2024-02-20T12:19:59","guid":{"rendered":"https:\/\/www.diocesilucca.it\/missioni\/?p=1584"},"modified":"2024-02-20T13:19:59","modified_gmt":"2024-02-20T12:19:59","slug":"al-cinema-per-i-gemellaggi-di-solidarieta","status":"publish","type":"post","link":"https:\/\/www.diocesilucca.it\/missioni\/2024\/02\/20\/al-cinema-per-i-gemellaggi-di-solidarieta\/","title":{"rendered":"Al Cinema per i Gemellaggi di Solidariet\u00e0"},"content":{"rendered":"\n<p>Progetto realizzato in collaborazione con la scuola\u00a0Secondaria di Primo Grado &#8220;G. Carducci&#8221; di Lucca. <\/p>\n\n\n\n<figure class=\"wp-block-image size-large is-resized\"><a href=\"https:\/\/www.diocesilucca.it\/missioni\/wp-content\/uploads\/sites\/7\/2024\/02\/IMG-20230707-WA0049.jpg\"><img loading=\"lazy\" decoding=\"async\" width=\"1024\" height=\"768\" src=\"https:\/\/www.diocesilucca.it\/missioni\/wp-content\/uploads\/sites\/7\/2024\/02\/IMG-20230707-WA0049-1024x768.jpg\" alt=\"\" class=\"wp-image-1585\" style=\"width:1216px;height:auto\" srcset=\"https:\/\/www.diocesilucca.it\/missioni\/wp-content\/uploads\/sites\/7\/2024\/02\/IMG-20230707-WA0049-1024x768.jpg 1024w, https:\/\/www.diocesilucca.it\/missioni\/wp-content\/uploads\/sites\/7\/2024\/02\/IMG-20230707-WA0049-300x225.jpg 300w, https:\/\/www.diocesilucca.it\/missioni\/wp-content\/uploads\/sites\/7\/2024\/02\/IMG-20230707-WA0049-768x576.jpg 768w, https:\/\/www.diocesilucca.it\/missioni\/wp-content\/uploads\/sites\/7\/2024\/02\/IMG-20230707-WA0049-1536x1152.jpg 1536w, https:\/\/www.diocesilucca.it\/missioni\/wp-content\/uploads\/sites\/7\/2024\/02\/IMG-20230707-WA0049.jpg 2040w\" sizes=\"auto, (max-width: 1024px) 100vw, 1024px\" \/><\/a><\/figure>\n\n\n\n<p>Nel contesto attuale, caratterizzato da sfide globali e disuguaglianze diffuse, \u00e8 fondamentale promuovere azioni concrete volte a favorire un mondo pi\u00f9 equo e solidale. In questo spirito, il Centro Missionario Diocesano \u00e8 orgoglioso di presentare un&#8217;iniziativa significativa promossa in collaborazione con la <strong>Scuola Secondaria di Primo Grado &#8220;G. Carducci&#8221; di Lucca<\/strong>. L&#8217;iniziativa ha preso forma attraverso la visione del film &#8220;Le Nuotatrici&#8221; da parte delle classi della Scuola Carducci, nel mese di Dicembre 2023. Questo momento di riflessione ha offerto agli studenti l&#8217;opportunit\u00e0 di approfondire tematiche cruciali legate all&#8217;educazione alla mondialit\u00e0 e alla comprensione dell&#8217;altro. Questo percorso rappresenta anche la volont\u00e0 della scuola di dare sostegno ai <strong>Gemellaggi della Solidariet\u00e0<\/strong>, promossi dal Centro Missionario Diocesano, che rappresentano un passo concreto verso la costruzione di un mondo pi\u00f9 giusto e inclusivo. <\/p>\n\n\n\n<p>I gemellaggi della solidariet\u00e0 si concentrano su sette paesi: Rwanda, Congo, Burkina Faso, Camerun, Mozambico, India e Filippine. Attraverso il sostegno finanziario e logistico fornito ai 342 studenti gemellati, questi progetti contribuiscono a garantire il diritto all&#8217;istruzione e forniscono anche beni di prima necessit\u00e0, come pasti caldi, per migliorare la qualit\u00e0 della vita nelle comunit\u00e0 coinvolte.<\/p>\n\n\n\n<p>La Scuola Carducci di Lucca si distingue per il suo impegno costante nel promuovere valori di solidariet\u00e0 e cittadinanza globale tra i suoi studenti. La collaborazione con il Centro Missionario Diocesano testimonia la volont\u00e0 della scuola di formare cittadini consapevoli e responsabili, capaci di comprendere e affrontare le sfide del mondo contemporaneo con empatia e determinazione.<\/p>\n\n\n\n<p>In un mondo sempre pi\u00f9 interconnesso, \u00e8 essenziale lavorare insieme per superare le disuguaglianze e costruire un futuro migliore per tutti. L&#8217;iniziativa promossa dalla Scuola Carducci e dal Centro Missionario Diocesano dimostra che anche le azioni pi\u00f9 piccole possono avere un impatto significativo quando unite a un proposito comune di solidariet\u00e0 e fratellanza universale.<\/p>\n\n\n\n<p><strong>Gemellaggi di Solidariet\u00e0<\/strong><\/p>\n\n\n\n<p>Elenco dei paesi destinatari e direzione del supporto offerto.<\/p>\n\n\n\n<p>L&#8217;istruzione \u00e8 fondamentale per l&#8217;autonomia e il progresso culturale e sociale. In Europa l&#8217;et\u00e0 media \u00e8 di 44 anni, in Africa \u00e8 di 20. La popolazione africana \u00e8 cresciuta del 630% dal 1950, e si prevede che raggiunger\u00e0 2.500 milioni nel 2050. Investire nei giovani significa preparare i futuri leader politici per promuovere lo sviluppo umano, sociale e culturale.<\/p>\n\n\n\n<figure class=\"wp-block-table\"><table><tbody><tr><td><strong>AFRICA<\/strong><\/td><td><\/td><td><\/td><td><\/td><\/tr><tr><td>Rwanda<\/td><td>Cyeza<\/td><td>Sostegno scolastico per scuola primaria (Scuola Elena Guerra)<\/td><td>32 scolari<\/td><\/tr><tr><td>Rwanda<\/td><td>Butare<\/td><td>Sostegno scolastico per scuola primaria (Scuola Elena Guerra)<\/td><td>19 scolari<\/td><\/tr><tr><td>Rwanda<\/td><td>Mbare<\/td><td>Sostegno per scuola artigianato femminile<\/td><td>13 ragazze<\/td><\/tr><tr><td>Rwanda<\/td><td>Nyarurema<\/td><td>Seminario Rwesero&nbsp;<br>Casa della Misericordia-Orfani HIV sostegno scolastico per primarie e secondarieScuole ETP sostegno scolastico per scuola superiore professionale&nbsp;&nbsp;Artigianato (sostegno scuola artigianato anche per disabili)<\/td><td>10 semin.<br>9 studenti<br><br><br>9 studenti<br><br>10 ragazzi\/e<\/td><\/tr><tr><td>Congo<\/td><td>Lisala&nbsp;<\/td><td>Scuola Elikya sostegno scolastico e mensa per materna<\/td><td>43 bambini<\/td><\/tr><tr><td>Congo<\/td><td>Goma<\/td><td>Scuole sostegno scolastico per scuola primaria e secondaria<br><\/td><td>20 studenti<\/td><\/tr><tr><td>Burkina Faso<\/td><td>Tougour\u00ec<\/td><td>CPDES sostegno scolastico per scuole primarie e secondarie<\/td><td>27 studenti<\/td><\/tr><tr><td>Camerun&nbsp;<\/td><td>Ngompen<\/td><td>sostegno scolastico e mensa per primarie<\/td><td>40 scolari<\/td><\/tr><tr><td>Mozambico<\/td><td>Maputo<\/td><td>Sostegno scolastico e mensa (Scuola materna Missionari Comboniani)<\/td><td>43 bambini<\/td><\/tr><tr><td><\/td><td><\/td><td><\/td><td><\/td><\/tr><\/tbody><\/table><\/figure>\n\n\n\n<figure class=\"wp-block-table\"><table><tbody><tr><td><strong>ASIA<\/strong><\/td><td><\/td><td><\/td><td><\/td><\/tr><tr><td>India&nbsp;<\/td><td>Ranchi<\/td><td>sostegno per assistenza all\u2019infanzia (Suore Camilliane)<\/td><td>30 bambini<\/td><\/tr><tr><td>India&nbsp;<\/td><td>Nalgonda<\/td><td>sostegno scolastico per primarie&nbsp;<\/td><td>8&nbsp; scolari<\/td><\/tr><tr><td>Filippine<\/td><td>Leyte<\/td><td>sostegno scolastico per primarie (scuola Elena Guerra)&nbsp;<\/td><td>18 scolari<\/td><\/tr><\/tbody><\/table><\/figure>\n","protected":false},"excerpt":{"rendered":"<p>Progetto realizzato in collaborazione con la scuola\u00a0Secondaria di Primo Grado &#8220;G. Carducci&#8221; di Lucca. Nel contesto attuale, caratterizzato da sfide globali e disuguaglianze diffuse, \u00e8 fondamentale promuovere azioni concrete volte a favorire un mondo pi\u00f9 equo e solidale. In questo<\/p>\n","protected":false},"author":15,"featured_media":0,"comment_status":"closed","ping_status":"open","sticky":false,"template":"","format":"standard","meta":{"footnotes":""},"categories":[1],"tags":[],"class_list":["post-1584","post","type-post","status-publish","format-standard","hentry","category-senza-categoria"],"_links":{"self":[{"href":"https:\/\/www.diocesilucca.it\/missioni\/wp-json\/wp\/v2\/posts\/1584","targetHints":{"allow":["GET"]}}],"collection":[{"href":"https:\/\/www.diocesilucca.it\/missioni\/wp-json\/wp\/v2\/posts"}],"about":[{"href":"https:\/\/www.diocesilucca.it\/missioni\/wp-json\/wp\/v2\/types\/post"}],"author":[{"embeddable":true,"href":"https:\/\/www.diocesilucca.it\/missioni\/wp-json\/wp\/v2\/users\/15"}],"replies":[{"embeddable":true,"href":"https:\/\/www.diocesilucca.it\/missioni\/wp-json\/wp\/v2\/comments?post=1584"}],"version-history":[{"count":1,"href":"https:\/\/www.diocesilucca.it\/missioni\/wp-json\/wp\/v2\/posts\/1584\/revisions"}],"predecessor-version":[{"id":1586,"href":"https:\/\/www.diocesilucca.it\/missioni\/wp-json\/wp\/v2\/posts\/1584\/revisions\/1586"}],"wp:attachment":[{"href":"https:\/\/www.diocesilucca.it\/missioni\/wp-json\/wp\/v2\/media?parent=1584"}],"wp:term":[{"taxonomy":"category","embeddable":true,"href":"https:\/\/www.diocesilucca.it\/missioni\/wp-json\/wp\/v2\/categories?post=1584"},{"taxonomy":"post_tag","embeddable":true,"href":"https:\/\/www.diocesilucca.it\/missioni\/wp-json\/wp\/v2\/tags?post=1584"}],"curies":[{"name":"wp","href":"https:\/\/api.w.org\/{rel}","templated":true}]}}