{"id":363,"date":"2019-05-15T23:04:18","date_gmt":"2019-05-15T21:04:18","guid":{"rendered":"https:\/\/www.diocesilucca.it\/giovani\/?p=363"},"modified":"2019-10-16T16:19:31","modified_gmt":"2019-10-16T14:19:31","slug":"h3o-incontro-nazionale-educatori-animatori-in-puglia-15anni-31-08-06-09-19","status":"publish","type":"post","link":"https:\/\/www.diocesilucca.it\/giovani\/2019\/05\/15\/h3o-incontro-nazionale-educatori-animatori-in-puglia-15anni-31-08-06-09-19\/","title":{"rendered":"H3O: Terzo Happening degli Oratori &#8211; Incontro nazionale di formazione per educatori e animatori in Puglia (dal 31 agosto al 6 settembre)"},"content":{"rendered":"\r\n<p>S\u00ec, avete capito bene: si va in Puglia! <strong>H3O<\/strong> sta per <strong>Terzo Happening degli Oratori<\/strong>: un incontro nazionale di formazione per educatori e animatori. Si terr\u00e0 a Molfetta, in Puglia, e sar\u00e0 preceduto da un gemellaggio con una diocesi pugliese. Per scoprire ancora di pi\u00f9 sull&#8217;Happening, <a href=\"http:\/\/oratori.org\/happening\/h3o.html(si apre in una nuova scheda)\">clicca qui<\/a>!<\/p>\r\n\r\n\r\n\r\n<p>La partenza \u00e8 fissata per il 31 agosto. Il gemellaggio sar\u00e0 dal 1\u00b0 al 3 settembre, a seguire l&#8217;Happening dal 4 al 6 settembre. Il viaggio di ritorno \u00e8 previsto il 6 stesso, con rientro nella notte tra 6 e 7 settembre.<\/p>\r\n\r\n\r\n\r\n<p>L&#8217;iniziativa \u00e8 dedicata a giovani dai 16 anni (accompagnati, se minorenni). Le <strong>iscrizioni<\/strong> devono pervenire <strong>entro il 30 giugno 2019<\/strong>. La quota di partecipazione indicativa \u00e8 di 150 euro a persona (potrebbe subire lievi variazioni in base al numero dei partecipanti). Il viaggio sar\u00e0 in bus GT.<\/p>\r\n\r\n\r\n\r\n<p>Ecco un po&#8217; di indicazioni specifiche:<\/p>\r\n\r\n\r\n\r\n<ul class=\"wp-block-list\"><li>Viaggio di andata: 31 agosto. Viaggio di ritorno: 6-7 settembre.<\/li><li><strong>Fino al 3 settembre<\/strong> saremo ospitati in una diocesi della Puglia: venire muniti di sacco a pelo e materassino. In questi giorni di <strong>gemellaggio<\/strong> ci saranno incontri con i giovani e realt\u00e0 del luogo e visita dei siti di interesse nel territorio.<\/li><li><strong>Dal 4 al 6 agosto<\/strong> saremo ospitati a Molfetta presso il <a rel=\"noreferrer noopener\" href=\"https:\/\/www.seminariomolfetta.org\" target=\"_blank\">Seminario Regionale<\/a>: anche qui saranno indispensabili sacco a pelo e materassino. Il <strong>programma di formazione<\/strong> sar\u00e0 diversificato tra <em>Adulti\/Coordinatori<\/em> e <em>Adolescenti\/Animatori<\/em>. A breve verr\u00e0 pubblicato il programma definitivo.<\/li><li><a rel=\"noreferrer noopener\" href=\"https:\/\/www.oratori.org\" target=\"_blank\">Clicca qui<\/a> per il sito di riferimento del Forum Oratori Italiani.<\/li><\/ul>\r\n\r\n\r\n\r\n<p><em>Articolo in aggiornamento: torna in futuro su questa pagina per scoprire nuovi dettagli e informazioni\u2026&nbsp;<\/em><\/p>\r\n\r\n\r\n\r\n<div style=\"height:20px\" class=\"wp-block-spacer\"><\/div>\r\n\r\n\r\n\r\n<div class=\"wp-block-button aligncenter\"><a class=\"wp-block-button__link has-text-color has-vivid-red-color has-background has-vivid-green-cyan-background-color\" href=\"https:\/\/docs.google.com\/forms\/d\/e\/1FAIpQLSdhD4HxZdclwOIFJNFitUtRzU9T5ixVDBtMQQ6ARBEEa8fTSw\/viewform\"><strong>ISCRIZIONI H3O<\/strong><br><\/a><\/div>\r\n\r\n\r\n\r\n<div style=\"height:20px\" class=\"wp-block-spacer\"><\/div>\r\n\r\n\r\n\r\n<figure class=\"wp-block-image\"><img loading=\"lazy\" decoding=\"async\" width=\"707\" height=\"1000\" src=\"https:\/\/www.diocesilucca.it\/giovani\/wp-content\/uploads\/sites\/2\/2019\/06\/H3Odef-1.png\" alt=\"\" class=\"wp-image-386\" srcset=\"https:\/\/www.diocesilucca.it\/giovani\/wp-content\/uploads\/sites\/2\/2019\/06\/H3Odef-1.png 707w, https:\/\/www.diocesilucca.it\/giovani\/wp-content\/uploads\/sites\/2\/2019\/06\/H3Odef-1-212x300.png 212w, https:\/\/www.diocesilucca.it\/giovani\/wp-content\/uploads\/sites\/2\/2019\/06\/H3Odef-1-600x849.png 600w\" sizes=\"auto, (max-width: 707px) 100vw, 707px\" \/><\/figure>\r\n","protected":false},"excerpt":{"rendered":"<p>S\u00ec, avete capito bene: si va in Puglia! H3O sta per Terzo Happening degli Oratori: un incontro nazionale di formazione per educatori e animatori. Si terr\u00e0 a Molfetta, in Puglia, e sar\u00e0 preceduto da un gemellaggio con una diocesi pugliese. Per scoprire ancora di pi\u00f9 sull&#8217;Happening, clicca qui! La partenza \u00e8 fissata per il 31 [&hellip;]<\/p>\n","protected":false},"author":16,"featured_media":417,"comment_status":"closed","ping_status":"open","sticky":false,"template":"","format":"standard","meta":{"footnotes":""},"categories":[18],"tags":[20],"class_list":["post-363","post","type-post","status-publish","format-standard","has-post-thumbnail","hentry","category-formazione","tag-educatori"],"_links":{"self":[{"href":"https:\/\/www.diocesilucca.it\/giovani\/wp-json\/wp\/v2\/posts\/363","targetHints":{"allow":["GET"]}}],"collection":[{"href":"https:\/\/www.diocesilucca.it\/giovani\/wp-json\/wp\/v2\/posts"}],"about":[{"href":"https:\/\/www.diocesilucca.it\/giovani\/wp-json\/wp\/v2\/types\/post"}],"author":[{"embeddable":true,"href":"https:\/\/www.diocesilucca.it\/giovani\/wp-json\/wp\/v2\/users\/16"}],"replies":[{"embeddable":true,"href":"https:\/\/www.diocesilucca.it\/giovani\/wp-json\/wp\/v2\/comments?post=363"}],"version-history":[{"count":15,"href":"https:\/\/www.diocesilucca.it\/giovani\/wp-json\/wp\/v2\/posts\/363\/revisions"}],"predecessor-version":[{"id":438,"href":"https:\/\/www.diocesilucca.it\/giovani\/wp-json\/wp\/v2\/posts\/363\/revisions\/438"}],"wp:featuredmedia":[{"embeddable":true,"href":"https:\/\/www.diocesilucca.it\/giovani\/wp-json\/wp\/v2\/media\/417"}],"wp:attachment":[{"href":"https:\/\/www.diocesilucca.it\/giovani\/wp-json\/wp\/v2\/media?parent=363"}],"wp:term":[{"taxonomy":"category","embeddable":true,"href":"https:\/\/www.diocesilucca.it\/giovani\/wp-json\/wp\/v2\/categories?post=363"},{"taxonomy":"post_tag","embeddable":true,"href":"https:\/\/www.diocesilucca.it\/giovani\/wp-json\/wp\/v2\/tags?post=363"}],"curies":[{"name":"wp","href":"https:\/\/api.w.org\/{rel}","templated":true}]}}