{"id":274,"date":"2019-03-19T18:52:54","date_gmt":"2019-03-19T17:52:54","guid":{"rendered":"https:\/\/www.diocesilucca.it\/giovani\/?p=274"},"modified":"2019-04-16T22:58:32","modified_gmt":"2019-04-16T20:58:32","slug":"incontri-pg-nelle-zone-2019","status":"publish","type":"post","link":"https:\/\/www.diocesilucca.it\/giovani\/2019\/03\/19\/incontri-pg-nelle-zone-2019\/","title":{"rendered":"Incontri PG nelle Zone 2019"},"content":{"rendered":"\r\n<blockquote class=\"wp-block-quote is-style-large is-layout-flow wp-block-quote-is-layout-flow\"><p>Gioved\u00ec 4 aprile a Maggiano alle ore 21.00 presso i locali parrocchiali<\/p><cite>Zone coinvolte: Urbana, Moriano, Valfreddana, Suburbana 1 e 2&nbsp;<\/cite><\/blockquote>\r\n\r\n\r\n\r\n<blockquote class=\"wp-block-quote is-style-large is-layout-flow wp-block-quote-is-layout-flow\"><p>Marted\u00ec 9 aprile a Castelnuovo di Garfagnana alle ore 20.30 presso i locali dell&#8217;Oratorio (localit\u00e0 Baccanelle)<\/p><cite>Zone coinvolte: Garfagnana, Mediavalle<\/cite><\/blockquote>\r\n\r\n\r\n\r\n<blockquote class=\"wp-block-quote is-style-large is-layout-flow wp-block-quote-is-layout-flow\"><p>Gioved\u00ec 11 aprile a Piano di Mommio alle ore 21.00 presso i locali parrocchiali<\/p><cite>Zona coinvolta: Camaiore &#8211; Massarosa<\/cite><\/blockquote>\r\n\r\n\r\n\r\n<h3 class=\"wp-block-heading\"><strong>RI-ALLACCIARE<\/strong><\/h3>\r\n\r\n\r\n\r\n<p class=\"has-text-color has-vivid-cyan-blue-color\">Lo scopo dell\u2019incontro \u00e8 quello di intensificare le relazioni tra gli uffici diocesani e le zone. Come annunciato a inizio anno, al posto di proporre il convegno diocesano abbiamo scelto di favorire appuntamenti nelle zone per incontrare il maggior numero di catechisti ed educatori e stabilire con loro una \u201csana\u201d relazione pastorale.<\/p>\r\n","protected":false},"excerpt":{"rendered":"<p>Gioved\u00ec 4 aprile a Maggiano alle ore 21.00 presso i locali parrocchiali Zone coinvolte: Urbana, Moriano, Valfreddana, Suburbana 1 e 2&nbsp; Marted\u00ec 9 aprile a Castelnuovo di Garfagnana alle ore 20.30 presso i locali dell&#8217;Oratorio (localit\u00e0 Baccanelle) Zone coinvolte: Garfagnana, Mediavalle Gioved\u00ec 11 aprile a Piano di Mommio alle ore 21.00 presso i locali parrocchiali [&hellip;]<\/p>\n","protected":false},"author":16,"featured_media":279,"comment_status":"closed","ping_status":"open","sticky":false,"template":"","format":"standard","meta":{"footnotes":""},"categories":[18],"tags":[],"class_list":["post-274","post","type-post","status-publish","format-standard","has-post-thumbnail","hentry","category-formazione"],"_links":{"self":[{"href":"https:\/\/www.diocesilucca.it\/giovani\/wp-json\/wp\/v2\/posts\/274","targetHints":{"allow":["GET"]}}],"collection":[{"href":"https:\/\/www.diocesilucca.it\/giovani\/wp-json\/wp\/v2\/posts"}],"about":[{"href":"https:\/\/www.diocesilucca.it\/giovani\/wp-json\/wp\/v2\/types\/post"}],"author":[{"embeddable":true,"href":"https:\/\/www.diocesilucca.it\/giovani\/wp-json\/wp\/v2\/users\/16"}],"replies":[{"embeddable":true,"href":"https:\/\/www.diocesilucca.it\/giovani\/wp-json\/wp\/v2\/comments?post=274"}],"version-history":[{"count":6,"href":"https:\/\/www.diocesilucca.it\/giovani\/wp-json\/wp\/v2\/posts\/274\/revisions"}],"predecessor-version":[{"id":341,"href":"https:\/\/www.diocesilucca.it\/giovani\/wp-json\/wp\/v2\/posts\/274\/revisions\/341"}],"wp:featuredmedia":[{"embeddable":true,"href":"https:\/\/www.diocesilucca.it\/giovani\/wp-json\/wp\/v2\/media\/279"}],"wp:attachment":[{"href":"https:\/\/www.diocesilucca.it\/giovani\/wp-json\/wp\/v2\/media?parent=274"}],"wp:term":[{"taxonomy":"category","embeddable":true,"href":"https:\/\/www.diocesilucca.it\/giovani\/wp-json\/wp\/v2\/categories?post=274"},{"taxonomy":"post_tag","embeddable":true,"href":"https:\/\/www.diocesilucca.it\/giovani\/wp-json\/wp\/v2\/tags?post=274"}],"curies":[{"name":"wp","href":"https:\/\/api.w.org\/{rel}","templated":true}]}}