{"id":2541,"date":"2026-01-22T11:03:31","date_gmt":"2026-01-22T10:03:31","guid":{"rendered":"https:\/\/www.diocesilucca.it\/giovani\/?p=2541"},"modified":"2026-02-16T09:24:16","modified_gmt":"2026-02-16T08:24:16","slug":"festa-di-don-bosco-garfagnana","status":"publish","type":"post","link":"https:\/\/www.diocesilucca.it\/giovani\/2026\/01\/22\/festa-di-don-bosco-garfagnana\/","title":{"rendered":"Festa di Don Bosco &#8211; Garfagnana"},"content":{"rendered":"\n<p>La Comunit\u00e0 Parrocchiale di <strong>San Pietro Apostolo in Garfagnana<\/strong> \u00e8 lieta di invitare tutta la comunit\u00e0 a vivere la <strong>Festa di San Giovanni Bosco 2026<\/strong>, un tempo speciale di incontro, preghiera, formazione e festa, dedicato in modo particolare ai ragazzi, ai giovani e alle famiglie.<\/p>\n\n\n\n<p>Dal <strong>23 gennaio al 1 febbraio<\/strong>, l\u2019oratorio e il Duomo diventeranno luoghi di relazione viva, dove riscoprire lo stile educativo di Don Bosco: uno sguardo che accompagna, una presenza che educa, un cuore che accoglie.<\/p>\n\n\n\n<h4 class=\"wp-block-heading\">Programma<\/h4>\n\n\n\n<ul class=\"wp-block-list\">\n<li><strong>Venerd\u00ec 23 gennaio \u2013 Oratorio (ore 18.30)<\/strong><br>Incontro con i ragazzi del Movimento Giovanile: <em>\u201cDon Bosco: Padre, Maestro ed Amico\u201d<\/em>.<br>A seguire cena insieme e <strong>Laboratorio dei Talenti<\/strong>.<\/li>\n\n\n\n<li><strong>23 \u2013 26 \u2013 27 \u2013 28 gennaio \u2013 Oratorio (ore 17.30)<\/strong><br><em>\u201cConosciamo Don Bosco!\u201d<\/em><br>Proiezione di un <strong>docu-film<\/strong> dedicato ai ragazzi della catechesi.<\/li>\n\n\n\n<li><strong>Venerd\u00ec 30 gennaio \u2013 Duomo (ore 21.00)<\/strong><br><strong>Santa Messa<\/strong>: <em>\u201cFelici sempre, nel Tempo e nell\u2019Eternit\u00e0!\u201d<\/em><br>Presieduta da don Angelo Ferrera e animata dal Movimento Giovanile, con la partecipazione dell\u2019\u00c9quipe zonale di Pastorale Giovanile \u201cValle del Serchio \u2013 Garfagnana\u201d, dei ragazzi dell\u2019Azione Cattolica, degli Scout, dei bambini della catechesi e delle famiglie.<\/li>\n\n\n\n<li><strong>Sabato 31 gennaio \u2013 Duomo (ore 18.00)<\/strong><br><strong>Solenne Santa Messa<\/strong> nella memoria liturgica di San Giovanni Bosco.<\/li>\n\n\n\n<li><strong>Domenica 1 febbraio \u2013 Oratorio (ore 15.30)<\/strong><br><strong>Pomeriggio di giochi in Oratorio<\/strong>, a cura dei volontari e del Consiglio ANSPI.<br>Durante il pomeriggio sar\u00e0 possibile effettuare il <strong>tesseramento ANSPI per l\u2019Anno Sociale 2026<\/strong>.<\/li>\n<\/ul>\n\n\n\n<p>La festa di Don Bosco \u00e8 un\u2019occasione preziosa per rimettere al centro i giovani e l\u2019oratorio come luoghi di <strong>vita, educazione e speranza<\/strong>, in uno stile di Chiesa che cammina insieme.<\/p>\n\n\n\n<p>\ud83d\udc49 <strong>Tutta la comunit\u00e0 \u00e8 invitata a partecipare.<\/strong><\/p>\n\n\n\n<figure class=\"wp-block-image size-large\"><a href=\"https:\/\/www.diocesilucca.it\/giovani\/wp-content\/uploads\/sites\/2\/2026\/01\/WhatsApp-Image-2026-01-21-at-22.08.46.jpeg\"><img decoding=\"async\" src=\"https:\/\/www.diocesilucca.it\/giovani\/wp-content\/uploads\/sites\/2\/2026\/01\/WhatsApp-Image-2026-01-21-at-22.08.46-724x1024.jpeg\" alt=\"\" class=\"wp-image-2542\" \/><\/a><\/figure>\n","protected":false},"excerpt":{"rendered":"<p>La Comunit\u00e0 Parrocchiale di San Pietro Apostolo in Garfagnana \u00e8 lieta di invitare tutta la comunit\u00e0 a vivere la Festa di San Giovanni Bosco 2026, un tempo speciale di incontro, preghiera, formazione e festa, dedicato in modo particolare ai ragazzi, ai giovani e alle famiglie. Dal 23 gennaio al 1 febbraio, l\u2019oratorio e il Duomo [&hellip;]<\/p>\n","protected":false},"author":284,"featured_media":2542,"comment_status":"closed","ping_status":"closed","sticky":false,"template":"","format":"standard","meta":{"footnotes":""},"categories":[26,4],"tags":[],"class_list":["post-2541","post","type-post","status-publish","format-standard","has-post-thumbnail","hentry","category-eventi-mediavalle-del-serchio","category-in-evidenza-nello-slider"],"_links":{"self":[{"href":"https:\/\/www.diocesilucca.it\/giovani\/wp-json\/wp\/v2\/posts\/2541","targetHints":{"allow":["GET"]}}],"collection":[{"href":"https:\/\/www.diocesilucca.it\/giovani\/wp-json\/wp\/v2\/posts"}],"about":[{"href":"https:\/\/www.diocesilucca.it\/giovani\/wp-json\/wp\/v2\/types\/post"}],"author":[{"embeddable":true,"href":"https:\/\/www.diocesilucca.it\/giovani\/wp-json\/wp\/v2\/users\/284"}],"replies":[{"embeddable":true,"href":"https:\/\/www.diocesilucca.it\/giovani\/wp-json\/wp\/v2\/comments?post=2541"}],"version-history":[{"count":1,"href":"https:\/\/www.diocesilucca.it\/giovani\/wp-json\/wp\/v2\/posts\/2541\/revisions"}],"predecessor-version":[{"id":2543,"href":"https:\/\/www.diocesilucca.it\/giovani\/wp-json\/wp\/v2\/posts\/2541\/revisions\/2543"}],"wp:featuredmedia":[{"embeddable":true,"href":"https:\/\/www.diocesilucca.it\/giovani\/wp-json\/wp\/v2\/media\/2542"}],"wp:attachment":[{"href":"https:\/\/www.diocesilucca.it\/giovani\/wp-json\/wp\/v2\/media?parent=2541"}],"wp:term":[{"taxonomy":"category","embeddable":true,"href":"https:\/\/www.diocesilucca.it\/giovani\/wp-json\/wp\/v2\/categories?post=2541"},{"taxonomy":"post_tag","embeddable":true,"href":"https:\/\/www.diocesilucca.it\/giovani\/wp-json\/wp\/v2\/tags?post=2541"}],"curies":[{"name":"wp","href":"https:\/\/api.w.org\/{rel}","templated":true}]}}