{"id":2538,"date":"2026-01-20T09:47:08","date_gmt":"2026-01-20T08:47:08","guid":{"rendered":"https:\/\/www.diocesilucca.it\/giovani\/?p=2538"},"modified":"2026-02-16T09:24:21","modified_gmt":"2026-02-16T08:24:21","slug":"festa-di-don-bosco-viareggio","status":"publish","type":"post","link":"https:\/\/www.diocesilucca.it\/giovani\/2026\/01\/20\/festa-di-don-bosco-viareggio\/","title":{"rendered":"Festa di Don Bosco &#8211; Viareggio"},"content":{"rendered":"\n<p>&#8220;L&#8217;educazione \u00e8 cosa di cuore, e le chiavi del cuore le possiede solo Dio.&#8221; Con questo spirito, la PG della Versilia \u00e8 felice di invitare tutta la comunit\u00e0 presso la Parrocchia di Don Bosco a Viareggio per una giornata speciale dedicata ai nostri ragazzi.<\/p>\n\n\n\n<p><strong>Il pomeriggio inizier\u00e0 alle ore 15:00<\/strong> con l\u2019accoglienza e una caccia al tesoro pensata appositamente per i <strong>ragazzi dagli 11 ai 15 anni<\/strong>, un tempo tutto per loro tra gioco e condivisione. A seguire, dalle <strong>ore 17:00<\/strong>, la festa continuer\u00e0 con una <strong>grande merenda insieme<\/strong>, un momento di gioia e convivialit\u00e0 per fare gruppo e divertirsi.<\/p>\n\n\n\n<p>Il culmine della giornata sar\u00e0 alle<strong> ore 18:00 con la celebrazione della Santa Messa Solenne<\/strong>. Sar\u00e0 un momento di profonda preghiera e festa per l&#8217;intera comunit\u00e0, poich\u00e9 accompagneremo i ragazzi della parrocchia che riceveranno il Sacramento della Cresima.<\/p>\n\n\n\n<p>Vi aspettiamo numerosi per celebrare insieme il &#8220;Santo dei giovani&#8221; in un clima di amicizia e fede!<\/p>\n\n\n\n<p class=\"has-text-align-center has-white-color has-vivid-cyan-blue-background-color has-text-color has-background has-link-color has-medium-font-size wp-elements-e87c140e0f36f85e0e06987d0d3adfbc\"><strong><a href=\"https:\/\/docs.google.com\/forms\/d\/e\/1FAIpQLSdj9oCWsw_EL-sn1il17FwzW2cL_FJ7-o7zojWJjshOHxw7Jg\/viewform\">Iscrizioni QUI<\/a><\/strong><\/p>\n\n\n\n<figure class=\"wp-block-image size-large\"><a href=\"https:\/\/www.diocesilucca.it\/giovani\/wp-content\/uploads\/sites\/2\/2026\/01\/WhatsApp-Image-2026-01-19-at-20.04.31.jpeg\"><img decoding=\"async\" src=\"https:\/\/www.diocesilucca.it\/giovani\/wp-content\/uploads\/sites\/2\/2026\/01\/WhatsApp-Image-2026-01-19-at-20.04.31-724x1024.jpeg\" alt=\"\" class=\"wp-image-2539\" \/><\/a><\/figure>\n","protected":false},"excerpt":{"rendered":"<p>&#8220;L&#8217;educazione \u00e8 cosa di cuore, e le chiavi del cuore le possiede solo Dio.&#8221; Con questo spirito, la PG della Versilia \u00e8 felice di invitare tutta la comunit\u00e0 presso la Parrocchia di Don Bosco a Viareggio per una giornata speciale dedicata ai nostri ragazzi. Il pomeriggio inizier\u00e0 alle ore 15:00 con l\u2019accoglienza e una caccia [&hellip;]<\/p>\n","protected":false},"author":284,"featured_media":2539,"comment_status":"closed","ping_status":"closed","sticky":false,"template":"","format":"standard","meta":{"footnotes":""},"categories":[27,4],"tags":[],"class_list":["post-2538","post","type-post","status-publish","format-standard","has-post-thumbnail","hentry","category-eventi-versilia","category-in-evidenza-nello-slider"],"_links":{"self":[{"href":"https:\/\/www.diocesilucca.it\/giovani\/wp-json\/wp\/v2\/posts\/2538","targetHints":{"allow":["GET"]}}],"collection":[{"href":"https:\/\/www.diocesilucca.it\/giovani\/wp-json\/wp\/v2\/posts"}],"about":[{"href":"https:\/\/www.diocesilucca.it\/giovani\/wp-json\/wp\/v2\/types\/post"}],"author":[{"embeddable":true,"href":"https:\/\/www.diocesilucca.it\/giovani\/wp-json\/wp\/v2\/users\/284"}],"replies":[{"embeddable":true,"href":"https:\/\/www.diocesilucca.it\/giovani\/wp-json\/wp\/v2\/comments?post=2538"}],"version-history":[{"count":2,"href":"https:\/\/www.diocesilucca.it\/giovani\/wp-json\/wp\/v2\/posts\/2538\/revisions"}],"predecessor-version":[{"id":2544,"href":"https:\/\/www.diocesilucca.it\/giovani\/wp-json\/wp\/v2\/posts\/2538\/revisions\/2544"}],"wp:featuredmedia":[{"embeddable":true,"href":"https:\/\/www.diocesilucca.it\/giovani\/wp-json\/wp\/v2\/media\/2539"}],"wp:attachment":[{"href":"https:\/\/www.diocesilucca.it\/giovani\/wp-json\/wp\/v2\/media?parent=2538"}],"wp:term":[{"taxonomy":"category","embeddable":true,"href":"https:\/\/www.diocesilucca.it\/giovani\/wp-json\/wp\/v2\/categories?post=2538"},{"taxonomy":"post_tag","embeddable":true,"href":"https:\/\/www.diocesilucca.it\/giovani\/wp-json\/wp\/v2\/tags?post=2538"}],"curies":[{"name":"wp","href":"https:\/\/api.w.org\/{rel}","templated":true}]}}