{"id":2525,"date":"2026-01-12T16:57:33","date_gmt":"2026-01-12T15:57:33","guid":{"rendered":"https:\/\/www.diocesilucca.it\/giovani\/?p=2525"},"modified":"2026-02-16T09:24:38","modified_gmt":"2026-02-16T08:24:38","slug":"disegnare-nuove-mappe-di-speranza-formazione-per-educatori-catechisti-e-operatori-pastorali","status":"publish","type":"post","link":"https:\/\/www.diocesilucca.it\/giovani\/2026\/01\/12\/disegnare-nuove-mappe-di-speranza-formazione-per-educatori-catechisti-e-operatori-pastorali\/","title":{"rendered":"Disegnare nuove mappe di speranza &#8211; Formazione per educatori, catechisti e operatori pastorali"},"content":{"rendered":"\n<p>Prende il via un nuovo percorso formativo dedicato a educatori, catechisti e operatori pastorali che ogni giorno camminano accanto alle comunit\u00e0 parrocchiali e agli oratori.<\/p>\n\n\n\n<p><br>Un cammino che nasce dal titolo della Lettera Apostolica di Papa Leone XIV, per aiutarci a ripensare lo stile educativo e pastorale, leggere il tempo che viviamo e tracciare insieme nuove mappe di speranza \ud83c\udf31<\/p>\n\n\n\n<p><br>\ud83d\udccc Questo \u00e8 il primo incontro di un percorso che si svilupper\u00e0 nel tempo in modalit\u00e0 mista: online e in presenza, per accompagnare la formazione e la crescita di chi \u00e8 chiamato a educare, annunciare e custodire relazioni.<\/p>\n\n\n\n<p><br>\ud83d\uddd3 20 gennaio 2025<br>\u23f0 ore 21.00<br>\ud83d\udcbb 1\u00b0 incontro online \u2013 piattaforma diocesana ESARE<br>\ud83c\udfa4 Relatore: don Mauro Lucchesi<\/p>\n\n\n\n<p><br>\ud83d\udd17 Info e iscrizioni: <a href=\"https:\/\/esare.it\/\">esare.it<\/a><\/p>\n\n\n\n<p><\/p>\n","protected":false},"excerpt":{"rendered":"<p>Prende il via un nuovo percorso formativo dedicato a educatori, catechisti e operatori pastorali che ogni giorno camminano accanto alle comunit\u00e0 parrocchiali e agli oratori. Un cammino che nasce dal titolo della Lettera Apostolica di Papa Leone XIV, per aiutarci a ripensare lo stile educativo e pastorale, leggere il tempo che viviamo e tracciare insieme [&hellip;]<\/p>\n","protected":false},"author":284,"featured_media":2526,"comment_status":"closed","ping_status":"closed","sticky":false,"template":"","format":"standard","meta":{"footnotes":""},"categories":[34,18,4],"tags":[],"class_list":["post-2525","post","type-post","status-publish","format-standard","has-post-thumbnail","hentry","category-eventi-diocesani-2026","category-formazione","category-in-evidenza-nello-slider"],"_links":{"self":[{"href":"https:\/\/www.diocesilucca.it\/giovani\/wp-json\/wp\/v2\/posts\/2525","targetHints":{"allow":["GET"]}}],"collection":[{"href":"https:\/\/www.diocesilucca.it\/giovani\/wp-json\/wp\/v2\/posts"}],"about":[{"href":"https:\/\/www.diocesilucca.it\/giovani\/wp-json\/wp\/v2\/types\/post"}],"author":[{"embeddable":true,"href":"https:\/\/www.diocesilucca.it\/giovani\/wp-json\/wp\/v2\/users\/284"}],"replies":[{"embeddable":true,"href":"https:\/\/www.diocesilucca.it\/giovani\/wp-json\/wp\/v2\/comments?post=2525"}],"version-history":[{"count":1,"href":"https:\/\/www.diocesilucca.it\/giovani\/wp-json\/wp\/v2\/posts\/2525\/revisions"}],"predecessor-version":[{"id":2527,"href":"https:\/\/www.diocesilucca.it\/giovani\/wp-json\/wp\/v2\/posts\/2525\/revisions\/2527"}],"wp:featuredmedia":[{"embeddable":true,"href":"https:\/\/www.diocesilucca.it\/giovani\/wp-json\/wp\/v2\/media\/2526"}],"wp:attachment":[{"href":"https:\/\/www.diocesilucca.it\/giovani\/wp-json\/wp\/v2\/media?parent=2525"}],"wp:term":[{"taxonomy":"category","embeddable":true,"href":"https:\/\/www.diocesilucca.it\/giovani\/wp-json\/wp\/v2\/categories?post=2525"},{"taxonomy":"post_tag","embeddable":true,"href":"https:\/\/www.diocesilucca.it\/giovani\/wp-json\/wp\/v2\/tags?post=2525"}],"curies":[{"name":"wp","href":"https:\/\/api.w.org\/{rel}","templated":true}]}}