{"id":2207,"date":"2023-11-29T10:33:31","date_gmt":"2023-11-29T09:33:31","guid":{"rendered":"https:\/\/www.diocesilucca.it\/giovani\/?p=2207"},"modified":"2024-05-31T18:07:14","modified_gmt":"2024-05-31T16:07:14","slug":"so-stare-nella-luce","status":"publish","type":"post","link":"https:\/\/www.diocesilucca.it\/giovani\/2023\/11\/29\/so-stare-nella-luce\/","title":{"rendered":"So-stare nella Luce. Tra domande e desideri"},"content":{"rendered":"\n<p>\u201cSo-stare nella luce\u201d consiste in un percorso in 3 momenti per i giovani dai 16 ai 35 anni che desiderano avere qualche elemento in pi\u00f9 per fare le scelte giuste. Tutti i tipi di scelte. Si vogliono offrire alcuni elementi di base per tutto quanto la vita ci mette davanti nella concretezza, a partire dalla sapienza spirituale e umana delle pi\u00f9 ordinarie fino a quelle pi\u00f9 orientanti un indirizzo di vita. Sar\u00e0 un tempo per accogliere i propri desideri e le proprie domande e cercare le risposte alla Luce della Parola di Dio.<\/p>\n\n\n\n<p><br><em>\u00abSi prende contatto con la vocazione solo toccando la propria identit\u00e0. Io sono la mia vocazione riconoscendomi per quello che sono nello spirito come figlio di Dio e nell\u2019umano accogliendomi, riconoscendo le mie vere caratteristiche e i miei reali spazi in cui crescere ancora. Non ci sar\u00e0 qualcuno che dice a te cosa fare per infantilismo ma la sfida vuole essere quella di conoscere il linguaggio di Dio nell\u2019esistenza, quello che Dio pensa e preferisce di te per far crescere soltanto e liberarci da quanto non lo fa\u00bb (don Fabio Rosini).<\/em><\/p>\n\n\n\n<div class=\"wp-block-group has-luminous-vivid-amber-background-color has-background\"><div class=\"wp-block-group__inner-container is-layout-constrained wp-block-group-is-layout-constrained\">\n<p><strong>Queste le prossime date:<\/strong><\/p>\n\n\n\n<p><strong>4 &#8211; 5 maggio<\/strong><\/p>\n<\/div><\/div>\n\n\n\n<p>Gli incontri si svolgeranno al <a href=\"https:\/\/maps.app.goo.gl\/SwKVCNAtaXS2uyr57\">Seminario Arcivescovile<\/a> (via del Seminario I, 790 &#8211; Monte San Quirico)<\/p>\n\n\n\n<p>Per iscriverti puoi chiamare Don Riccardo 3282329351 e Don Gilberto 3282853522 oppure scrivere alla mail giovani@diocesilucca.it.<\/p>\n","protected":false},"excerpt":{"rendered":"<p>\u201cSo-stare nella luce\u201d consiste in un percorso in 3 momenti per i giovani dai 16 ai 35 anni che desiderano avere qualche elemento in pi\u00f9 per fare le scelte giuste. Tutti i tipi di scelte. Si vogliono offrire alcuni elementi di base per tutto quanto la vita ci mette davanti nella concretezza, a partire dalla [&hellip;]<\/p>\n","protected":false},"author":284,"featured_media":2216,"comment_status":"closed","ping_status":"closed","sticky":false,"template":"","format":"standard","meta":{"footnotes":""},"categories":[31],"tags":[],"class_list":["post-2207","post","type-post","status-publish","format-standard","has-post-thumbnail","hentry","category-eventi-diocesani-2024"],"_links":{"self":[{"href":"https:\/\/www.diocesilucca.it\/giovani\/wp-json\/wp\/v2\/posts\/2207","targetHints":{"allow":["GET"]}}],"collection":[{"href":"https:\/\/www.diocesilucca.it\/giovani\/wp-json\/wp\/v2\/posts"}],"about":[{"href":"https:\/\/www.diocesilucca.it\/giovani\/wp-json\/wp\/v2\/types\/post"}],"author":[{"embeddable":true,"href":"https:\/\/www.diocesilucca.it\/giovani\/wp-json\/wp\/v2\/users\/284"}],"replies":[{"embeddable":true,"href":"https:\/\/www.diocesilucca.it\/giovani\/wp-json\/wp\/v2\/comments?post=2207"}],"version-history":[{"count":8,"href":"https:\/\/www.diocesilucca.it\/giovani\/wp-json\/wp\/v2\/posts\/2207\/revisions"}],"predecessor-version":[{"id":2311,"href":"https:\/\/www.diocesilucca.it\/giovani\/wp-json\/wp\/v2\/posts\/2207\/revisions\/2311"}],"wp:featuredmedia":[{"embeddable":true,"href":"https:\/\/www.diocesilucca.it\/giovani\/wp-json\/wp\/v2\/media\/2216"}],"wp:attachment":[{"href":"https:\/\/www.diocesilucca.it\/giovani\/wp-json\/wp\/v2\/media?parent=2207"}],"wp:term":[{"taxonomy":"category","embeddable":true,"href":"https:\/\/www.diocesilucca.it\/giovani\/wp-json\/wp\/v2\/categories?post=2207"},{"taxonomy":"post_tag","embeddable":true,"href":"https:\/\/www.diocesilucca.it\/giovani\/wp-json\/wp\/v2\/tags?post=2207"}],"curies":[{"name":"wp","href":"https:\/\/api.w.org\/{rel}","templated":true}]}}