{"id":2044,"date":"2023-05-24T10:24:56","date_gmt":"2023-05-24T08:24:56","guid":{"rendered":"https:\/\/www.diocesilucca.it\/giovani\/?p=2044"},"modified":"2023-07-06T09:36:26","modified_gmt":"2023-07-06T07:36:26","slug":"saluto-ai-maturandi-1-6-23-progetto-policoro","status":"publish","type":"post","link":"https:\/\/www.diocesilucca.it\/giovani\/2023\/05\/24\/saluto-ai-maturandi-1-6-23-progetto-policoro\/","title":{"rendered":"Saluto ai maturandi &#8211; 1\/6\/23 Progetto Policoro"},"content":{"rendered":"\n<p>Il Progetto Policoro in collaborazione con la Pastorale Giovanile invita tutti i maturandi della Diocesi \ud835\uddf4\ud835\uddf6\ud835\uddfc\ud835\ude03\ud835\uddf2\ud835\uddf1\u00ec \ud835\udfed \ud835\uddda\ud835\uddf6\ud835\ude02\ud835\uddf4\ud835\uddfb\ud835\uddfc \ud835\uddfc\ud835\uddff\ud835\uddf2 \ud835\udfed\ud835\udff4.\ud835\udfec\ud835\udfec \ud835\uddfd\ud835\uddff\ud835\uddf2\ud835\ude00\ud835\ude00\ud835\uddfc \ud835\uddf9\ud835\uddfc \ud835\ude00\ud835\ude01\ud835\uddee\ud835\uddef\ud835\uddf6\ud835\uddf9\ud835\uddf6\ud835\uddfa\ud835\uddf2\ud835\uddfb\ud835\ude01\ud835\uddfc \ud835\uddd5\ud835\uddee\ud835\uddf9\ud835\uddfb\ud835\uddf2\ud835\uddee\ud835\uddff\ud835\uddf2 \ud835\uddd9\ud835\uddf9\ud835\uddfc\ud835\uddff\ud835\uddee \ud835\uddf1\ud835\uddf6 \ud835\udde9\ud835\uddf6\ud835\uddee\ud835\uddff\ud835\uddf2\ud835\uddf4\ud835\uddf4\ud835\uddf6\ud835\uddfc.<\/p>\n\n\n\n<p>Sar\u00e0 l&#8217;occasione per stare un po&#8217; insieme ed incontrare studenti di diverse facolt\u00e0 con cui chiacchierare informalmente per chiarirsi le idee sulle scelte future. <\/p>\n\n\n\n<p>Per partecipare \u00e8 necessario iscriversi: <\/p>\n\n\n\n<div class=\"wp-block-buttons is-layout-flex wp-block-buttons-is-layout-flex\">\n<div class=\"wp-block-button is-style-outline is-style-outline--1\"><a class=\"wp-block-button__link wp-element-button\" href=\"https:\/\/forms.gle\/qHaZuZ9hKNHeHYgg7\">ISCRIVIMI<\/a><\/div>\n<\/div>\n\n\n\n<figure class=\"wp-block-image size-large\"><a href=\"https:\/\/www.diocesilucca.it\/giovani\/wp-content\/uploads\/sites\/2\/2023\/05\/WhatsApp-Image-2023-05-12-at-13.28.23-1.jpeg\"><img decoding=\"async\" src=\"https:\/\/www.diocesilucca.it\/giovani\/wp-content\/uploads\/sites\/2\/2023\/05\/WhatsApp-Image-2023-05-12-at-13.28.23-1-724x1024.jpeg\" alt=\"\" class=\"wp-image-2045\" \/><\/a><\/figure>\n","protected":false},"excerpt":{"rendered":"<p>Il Progetto Policoro in collaborazione con la Pastorale Giovanile invita tutti i maturandi della Diocesi \ud835\uddf4\ud835\uddf6\ud835\uddfc\ud835\ude03\ud835\uddf2\ud835\uddf1\u00ec \ud835\udfed \ud835\uddda\ud835\uddf6\ud835\ude02\ud835\uddf4\ud835\uddfb\ud835\uddfc \ud835\uddfc\ud835\uddff\ud835\uddf2 \ud835\udfed\ud835\udff4.\ud835\udfec\ud835\udfec \ud835\uddfd\ud835\uddff\ud835\uddf2\ud835\ude00\ud835\ude00\ud835\uddfc \ud835\uddf9\ud835\uddfc \ud835\ude00\ud835\ude01\ud835\uddee\ud835\uddef\ud835\uddf6\ud835\uddf9\ud835\uddf6\ud835\uddfa\ud835\uddf2\ud835\uddfb\ud835\ude01\ud835\uddfc \ud835\uddd5\ud835\uddee\ud835\uddf9\ud835\uddfb\ud835\uddf2\ud835\uddee\ud835\uddff\ud835\uddf2 \ud835\uddd9\ud835\uddf9\ud835\uddfc\ud835\uddff\ud835\uddee \ud835\uddf1\ud835\uddf6 \ud835\udde9\ud835\uddf6\ud835\uddee\ud835\uddff\ud835\uddf2\ud835\uddf4\ud835\uddf4\ud835\uddf6\ud835\uddfc. Sar\u00e0 l&#8217;occasione per stare un po&#8217; insieme ed incontrare studenti di diverse facolt\u00e0 con cui chiacchierare informalmente per chiarirsi le idee sulle scelte future. Per partecipare \u00e8 necessario [&hellip;]<\/p>\n","protected":false},"author":269,"featured_media":2045,"comment_status":"closed","ping_status":"closed","sticky":false,"template":"","format":"standard","meta":{"footnotes":""},"categories":[30],"tags":[],"class_list":["post-2044","post","type-post","status-publish","format-standard","has-post-thumbnail","hentry","category-eventi-diocesani-2023"],"_links":{"self":[{"href":"https:\/\/www.diocesilucca.it\/giovani\/wp-json\/wp\/v2\/posts\/2044","targetHints":{"allow":["GET"]}}],"collection":[{"href":"https:\/\/www.diocesilucca.it\/giovani\/wp-json\/wp\/v2\/posts"}],"about":[{"href":"https:\/\/www.diocesilucca.it\/giovani\/wp-json\/wp\/v2\/types\/post"}],"author":[{"embeddable":true,"href":"https:\/\/www.diocesilucca.it\/giovani\/wp-json\/wp\/v2\/users\/269"}],"replies":[{"embeddable":true,"href":"https:\/\/www.diocesilucca.it\/giovani\/wp-json\/wp\/v2\/comments?post=2044"}],"version-history":[{"count":1,"href":"https:\/\/www.diocesilucca.it\/giovani\/wp-json\/wp\/v2\/posts\/2044\/revisions"}],"predecessor-version":[{"id":2046,"href":"https:\/\/www.diocesilucca.it\/giovani\/wp-json\/wp\/v2\/posts\/2044\/revisions\/2046"}],"wp:featuredmedia":[{"embeddable":true,"href":"https:\/\/www.diocesilucca.it\/giovani\/wp-json\/wp\/v2\/media\/2045"}],"wp:attachment":[{"href":"https:\/\/www.diocesilucca.it\/giovani\/wp-json\/wp\/v2\/media?parent=2044"}],"wp:term":[{"taxonomy":"category","embeddable":true,"href":"https:\/\/www.diocesilucca.it\/giovani\/wp-json\/wp\/v2\/categories?post=2044"},{"taxonomy":"post_tag","embeddable":true,"href":"https:\/\/www.diocesilucca.it\/giovani\/wp-json\/wp\/v2\/tags?post=2044"}],"curies":[{"name":"wp","href":"https:\/\/api.w.org\/{rel}","templated":true}]}}