{"id":2019,"date":"2023-04-21T15:29:09","date_gmt":"2023-04-21T13:29:09","guid":{"rendered":"https:\/\/www.diocesilucca.it\/giovani\/?p=2019"},"modified":"2023-08-25T09:58:17","modified_gmt":"2023-08-25T07:58:17","slug":"un-meraviglioso-poliedro-60-giornata-di-preghiera-per-le-vocazioni","status":"publish","type":"post","link":"https:\/\/www.diocesilucca.it\/giovani\/2023\/04\/21\/un-meraviglioso-poliedro-60-giornata-di-preghiera-per-le-vocazioni\/","title":{"rendered":"Un meraviglioso Poliedro &#8211; 60\u00b0 giornata di preghiera per le vocazioni"},"content":{"rendered":"\n<p>&#8220;Un meraviglioso Poliedro&#8221; \u00e8 il titolo della 60esima giornata di preghiera per le vocazioni. <br>L&#8217;immagine, tratta dall&#8217;esortazione Christus Vivit 207, \u00e8 usata per parlare della Chiesa che si orienta sempre di pi\u00f9 a camminare insieme, ad essere sinodale sperimentando la preziosit\u00e0 e ricchezza di ogni vocazione. <br><br>In vista di questo appuntamento annuale, il centro diocesano vocazioni, insieme alla pastorale giovanile, propone uno schema di adorazione e alcune indicazioni per animare la Messa della domenica del Buon Pastore.<\/p>\n\n\n\n<div data-wp-interactive=\"core\/file\" class=\"wp-block-file\"><object data-wp-bind--hidden=\"!state.hasPdfPreview\" hidden class=\"wp-block-file__embed\" data=\"https:\/\/www.diocesilucca.it\/giovani\/wp-content\/uploads\/sites\/2\/2023\/04\/Adorazione-vocazionale.pdf\" type=\"application\/pdf\" style=\"width:100%;height:600px\" aria-label=\"Incorporamento di Adorazione-vocazionale.\"><\/object><a id=\"wp-block-file--media-7a975bfe-0904-4740-a457-11ab4fcdbf00\" href=\"https:\/\/www.diocesilucca.it\/giovani\/wp-content\/uploads\/sites\/2\/2023\/04\/Adorazione-vocazionale.pdf\">Adorazione-vocazionale<\/a><a href=\"https:\/\/www.diocesilucca.it\/giovani\/wp-content\/uploads\/sites\/2\/2023\/04\/Adorazione-vocazionale.pdf\" class=\"wp-block-file__button wp-element-button\" download aria-describedby=\"wp-block-file--media-7a975bfe-0904-4740-a457-11ab4fcdbf00\">Download<\/a><\/div>\n","protected":false},"excerpt":{"rendered":"<p>&#8220;Un meraviglioso Poliedro&#8221; \u00e8 il titolo della 60esima giornata di preghiera per le vocazioni. L&#8217;immagine, tratta dall&#8217;esortazione Christus Vivit 207, \u00e8 usata per parlare della Chiesa che si orienta sempre di pi\u00f9 a camminare insieme, ad essere sinodale sperimentando la preziosit\u00e0 e ricchezza di ogni vocazione. In vista di questo appuntamento annuale, il centro diocesano [&hellip;]<\/p>\n","protected":false},"author":269,"featured_media":2021,"comment_status":"closed","ping_status":"closed","sticky":false,"template":"","format":"standard","meta":{"footnotes":""},"categories":[30],"tags":[],"class_list":["post-2019","post","type-post","status-publish","format-standard","has-post-thumbnail","hentry","category-eventi-diocesani-2023"],"_links":{"self":[{"href":"https:\/\/www.diocesilucca.it\/giovani\/wp-json\/wp\/v2\/posts\/2019","targetHints":{"allow":["GET"]}}],"collection":[{"href":"https:\/\/www.diocesilucca.it\/giovani\/wp-json\/wp\/v2\/posts"}],"about":[{"href":"https:\/\/www.diocesilucca.it\/giovani\/wp-json\/wp\/v2\/types\/post"}],"author":[{"embeddable":true,"href":"https:\/\/www.diocesilucca.it\/giovani\/wp-json\/wp\/v2\/users\/269"}],"replies":[{"embeddable":true,"href":"https:\/\/www.diocesilucca.it\/giovani\/wp-json\/wp\/v2\/comments?post=2019"}],"version-history":[{"count":1,"href":"https:\/\/www.diocesilucca.it\/giovani\/wp-json\/wp\/v2\/posts\/2019\/revisions"}],"predecessor-version":[{"id":2022,"href":"https:\/\/www.diocesilucca.it\/giovani\/wp-json\/wp\/v2\/posts\/2019\/revisions\/2022"}],"wp:featuredmedia":[{"embeddable":true,"href":"https:\/\/www.diocesilucca.it\/giovani\/wp-json\/wp\/v2\/media\/2021"}],"wp:attachment":[{"href":"https:\/\/www.diocesilucca.it\/giovani\/wp-json\/wp\/v2\/media?parent=2019"}],"wp:term":[{"taxonomy":"category","embeddable":true,"href":"https:\/\/www.diocesilucca.it\/giovani\/wp-json\/wp\/v2\/categories?post=2019"},{"taxonomy":"post_tag","embeddable":true,"href":"https:\/\/www.diocesilucca.it\/giovani\/wp-json\/wp\/v2\/tags?post=2019"}],"curies":[{"name":"wp","href":"https:\/\/api.w.org\/{rel}","templated":true}]}}