{"id":1692,"date":"2022-05-09T17:49:30","date_gmt":"2022-05-09T15:49:30","guid":{"rendered":"https:\/\/www.diocesilucca.it\/giovani\/?p=1692"},"modified":"2022-06-15T15:22:04","modified_gmt":"2022-06-15T13:22:04","slug":"formazione-24-maggio-2022-educatori-in-azione","status":"publish","type":"post","link":"https:\/\/www.diocesilucca.it\/giovani\/2022\/05\/09\/formazione-24-maggio-2022-educatori-in-azione\/","title":{"rendered":"Formazione 24 maggio 2022- Educatori in azione"},"content":{"rendered":"\n<p>Marted\u00ec 24 maggio ore 21.00 tutti gli educatori over 18 della Diocesi sono invitati al primo incontro del percorso formativo &#8220;Educatori in azione&#8221;. <\/p>\n\n\n\n<p>L&#8217;incontro sar\u00e0 tenuto da Carlo Meneghetti,game designer e docente, in modalit\u00e0 online e interattiva. <\/p>\n\n\n\n<p>In vista dell&#8217;incontro,raccogliamo le necessit\u00e0 degli educatori tramite l&#8217;app padlet, a cui \u00e8 possibile accedere tramite<a href=\"https:\/\/padlet.com\/cmeneghetti1\/2u44vpr7xqoqnzdp\" data-type=\"URL\" data-id=\"https:\/\/padlet.com\/cmeneghetti1\/2u44vpr7xqoqnzdp\"> link<\/a> e la password: educatori .<\/p>\n\n\n\n<p>Per ricevere il link,iscriversi al<a href=\"https:\/\/forms.gle\/BdMtdZafFrAznmjF7\" data-type=\"URL\" data-id=\"https:\/\/forms.gle\/BdMtdZafFrAznmjF7\" target=\"_blank\" rel=\"noreferrer noopener\"> seguente form<\/a>.  <br><br>Per maggiori info, scrivere a  Laura 3395041414 o Chiara 3347221485 o a pgdiocesilucca@gmail.com.  <\/p>\n\n\n\n<figure class=\"wp-block-image size-large\"><a href=\"https:\/\/www.diocesilucca.it\/giovani\/wp-content\/uploads\/sites\/2\/2022\/05\/IMG-20220506-WA0030.jpg\"><img loading=\"lazy\" decoding=\"async\" width=\"1024\" height=\"1024\" src=\"https:\/\/www.diocesilucca.it\/giovani\/wp-content\/uploads\/sites\/2\/2022\/05\/IMG-20220506-WA0030-1024x1024.jpg\" alt=\"\" class=\"wp-image-1693\" srcset=\"https:\/\/www.diocesilucca.it\/giovani\/wp-content\/uploads\/sites\/2\/2022\/05\/IMG-20220506-WA0030-1024x1024.jpg 1024w, https:\/\/www.diocesilucca.it\/giovani\/wp-content\/uploads\/sites\/2\/2022\/05\/IMG-20220506-WA0030-300x300.jpg 300w, https:\/\/www.diocesilucca.it\/giovani\/wp-content\/uploads\/sites\/2\/2022\/05\/IMG-20220506-WA0030-150x150.jpg 150w, https:\/\/www.diocesilucca.it\/giovani\/wp-content\/uploads\/sites\/2\/2022\/05\/IMG-20220506-WA0030-768x768.jpg 768w, https:\/\/www.diocesilucca.it\/giovani\/wp-content\/uploads\/sites\/2\/2022\/05\/IMG-20220506-WA0030-1536x1536.jpg 1536w, https:\/\/www.diocesilucca.it\/giovani\/wp-content\/uploads\/sites\/2\/2022\/05\/IMG-20220506-WA0030-60x60.jpg 60w, https:\/\/www.diocesilucca.it\/giovani\/wp-content\/uploads\/sites\/2\/2022\/05\/IMG-20220506-WA0030-1320x1320.jpg 1320w, https:\/\/www.diocesilucca.it\/giovani\/wp-content\/uploads\/sites\/2\/2022\/05\/IMG-20220506-WA0030.jpg 1600w\" sizes=\"auto, (max-width: 1024px) 100vw, 1024px\" \/><\/a><\/figure>\n","protected":false},"excerpt":{"rendered":"<p>Marted\u00ec 24 maggio ore 21.00 tutti gli educatori over 18 della Diocesi sono invitati al primo incontro del percorso formativo &#8220;Educatori in azione&#8221;. L&#8217;incontro sar\u00e0 tenuto da Carlo Meneghetti,game designer e docente, in modalit\u00e0 online e interattiva. In vista dell&#8217;incontro,raccogliamo le necessit\u00e0 degli educatori tramite l&#8217;app padlet, a cui \u00e8 possibile accedere tramite link e [&hellip;]<\/p>\n","protected":false},"author":269,"featured_media":1694,"comment_status":"closed","ping_status":"closed","sticky":false,"template":"","format":"standard","meta":{"footnotes":""},"categories":[18],"tags":[],"class_list":["post-1692","post","type-post","status-publish","format-standard","has-post-thumbnail","hentry","category-formazione"],"_links":{"self":[{"href":"https:\/\/www.diocesilucca.it\/giovani\/wp-json\/wp\/v2\/posts\/1692","targetHints":{"allow":["GET"]}}],"collection":[{"href":"https:\/\/www.diocesilucca.it\/giovani\/wp-json\/wp\/v2\/posts"}],"about":[{"href":"https:\/\/www.diocesilucca.it\/giovani\/wp-json\/wp\/v2\/types\/post"}],"author":[{"embeddable":true,"href":"https:\/\/www.diocesilucca.it\/giovani\/wp-json\/wp\/v2\/users\/269"}],"replies":[{"embeddable":true,"href":"https:\/\/www.diocesilucca.it\/giovani\/wp-json\/wp\/v2\/comments?post=1692"}],"version-history":[{"count":2,"href":"https:\/\/www.diocesilucca.it\/giovani\/wp-json\/wp\/v2\/posts\/1692\/revisions"}],"predecessor-version":[{"id":1698,"href":"https:\/\/www.diocesilucca.it\/giovani\/wp-json\/wp\/v2\/posts\/1692\/revisions\/1698"}],"wp:featuredmedia":[{"embeddable":true,"href":"https:\/\/www.diocesilucca.it\/giovani\/wp-json\/wp\/v2\/media\/1694"}],"wp:attachment":[{"href":"https:\/\/www.diocesilucca.it\/giovani\/wp-json\/wp\/v2\/media?parent=1692"}],"wp:term":[{"taxonomy":"category","embeddable":true,"href":"https:\/\/www.diocesilucca.it\/giovani\/wp-json\/wp\/v2\/categories?post=1692"},{"taxonomy":"post_tag","embeddable":true,"href":"https:\/\/www.diocesilucca.it\/giovani\/wp-json\/wp\/v2\/tags?post=1692"}],"curies":[{"name":"wp","href":"https:\/\/api.w.org\/{rel}","templated":true}]}}