{"id":1687,"date":"2022-05-25T10:27:24","date_gmt":"2022-05-25T08:27:24","guid":{"rendered":"https:\/\/www.diocesilucca.it\/giovani\/?p=1687"},"modified":"2022-09-09T15:42:52","modified_gmt":"2022-09-09T13:42:52","slug":"animagrest-formazione-28-maggio-2022","status":"publish","type":"post","link":"https:\/\/www.diocesilucca.it\/giovani\/2022\/05\/25\/animagrest-formazione-28-maggio-2022\/","title":{"rendered":"AnimaGREST-Formazione 28 maggio 2022"},"content":{"rendered":"\n<p>&#8220;<strong>Chiamati ad animare!<\/strong>&#8221; \u00e8 la giornata di formazione pensata per gli <strong>animatori<\/strong> delle attivit\u00e0 estive <strong>dai 14 ai 19 anni <\/strong>che si svolger\u00e0<strong> sabato 28 maggio<\/strong> presso l&#8217;oratorio della <strong>parrocchia Don Bosco di Viareggio<\/strong>. <\/p>\n\n\n\n<p>La giornata inizer\u00e0 alle ore 16.00 e avr\u00e0 il seguente svolgimento: <\/p>\n\n\n\n<p>ore 16.00 ritrovo<br>ore 16.30 Inizio attivit\u00e0<br>ore 16.30-17.00 Preghiera e intro sul tema della relazione educativa <em>a cura dello staff PG<\/em><br>ore 17.00-17.15 Break<br>ore 17.15-18.45 Laboratori <em>a cura di Anspi, Agesci e AC<\/em> <br>ore 18.45 Presentazione Caritas day <em>a cura di YoungCaritas<\/em><br>ore 19.00 Messa celebrata dal Vescovo Paolo<br>ore 20.00 Cena e socializzazione.<\/p>\n\n\n\n<p>Chi arriva dalle zone pi\u00f9 lontane,al momento dell&#8217;iscrizione pu\u00f2 richiedere il passaggio in pullman. <\/p>\n\n\n\n<p><strong>Per iscriversi<\/strong>, <a href=\"https:\/\/forms.gle\/CLUAH6mM6nJS7SiK8\" data-type=\"URL\" data-id=\"https:\/\/forms.gle\/CLUAH6mM6nJS7SiK8\" target=\"_blank\" rel=\"noreferrer noopener\">clicca qui<\/a>.  <\/p>\n\n\n\n<p>Per maggiori info scrivere a pgdiocesilucca@gmail.com o chiamare Chiara 334722485 e Laura 3395041414.<\/p>\n","protected":false},"excerpt":{"rendered":"<p>&#8220;Chiamati ad animare!&#8221; \u00e8 la giornata di formazione pensata per gli animatori delle attivit\u00e0 estive dai 14 ai 19 anni che si svolger\u00e0 sabato 28 maggio presso l&#8217;oratorio della parrocchia Don Bosco di Viareggio. La giornata inizer\u00e0 alle ore 16.00 e avr\u00e0 il seguente svolgimento: ore 16.00 ritrovoore 16.30 Inizio attivit\u00e0ore 16.30-17.00 Preghiera e intro [&hellip;]<\/p>\n","protected":false},"author":269,"featured_media":1688,"comment_status":"closed","ping_status":"closed","sticky":false,"template":"","format":"standard","meta":{"footnotes":""},"categories":[18],"tags":[],"class_list":["post-1687","post","type-post","status-publish","format-standard","has-post-thumbnail","hentry","category-formazione"],"_links":{"self":[{"href":"https:\/\/www.diocesilucca.it\/giovani\/wp-json\/wp\/v2\/posts\/1687","targetHints":{"allow":["GET"]}}],"collection":[{"href":"https:\/\/www.diocesilucca.it\/giovani\/wp-json\/wp\/v2\/posts"}],"about":[{"href":"https:\/\/www.diocesilucca.it\/giovani\/wp-json\/wp\/v2\/types\/post"}],"author":[{"embeddable":true,"href":"https:\/\/www.diocesilucca.it\/giovani\/wp-json\/wp\/v2\/users\/269"}],"replies":[{"embeddable":true,"href":"https:\/\/www.diocesilucca.it\/giovani\/wp-json\/wp\/v2\/comments?post=1687"}],"version-history":[{"count":2,"href":"https:\/\/www.diocesilucca.it\/giovani\/wp-json\/wp\/v2\/posts\/1687\/revisions"}],"predecessor-version":[{"id":1690,"href":"https:\/\/www.diocesilucca.it\/giovani\/wp-json\/wp\/v2\/posts\/1687\/revisions\/1690"}],"wp:featuredmedia":[{"embeddable":true,"href":"https:\/\/www.diocesilucca.it\/giovani\/wp-json\/wp\/v2\/media\/1688"}],"wp:attachment":[{"href":"https:\/\/www.diocesilucca.it\/giovani\/wp-json\/wp\/v2\/media?parent=1687"}],"wp:term":[{"taxonomy":"category","embeddable":true,"href":"https:\/\/www.diocesilucca.it\/giovani\/wp-json\/wp\/v2\/categories?post=1687"},{"taxonomy":"post_tag","embeddable":true,"href":"https:\/\/www.diocesilucca.it\/giovani\/wp-json\/wp\/v2\/tags?post=1687"}],"curies":[{"name":"wp","href":"https:\/\/api.w.org\/{rel}","templated":true}]}}