{"id":1647,"date":"2022-03-01T16:47:46","date_gmt":"2022-03-01T15:47:46","guid":{"rendered":"https:\/\/www.diocesilucca.it\/giovani\/?p=1647"},"modified":"2022-04-11T17:35:37","modified_gmt":"2022-04-11T15:35:37","slug":"via-crucis-per-giovani-versilia-8-4-22","status":"publish","type":"post","link":"https:\/\/www.diocesilucca.it\/giovani\/2022\/03\/01\/via-crucis-per-giovani-versilia-8-4-22\/","title":{"rendered":"Via Crucis per Giovani &#8211; Versilia 8\/4\/22"},"content":{"rendered":"\n<p><strong>Venerd\u00ec 8 aprile<\/strong> avr\u00e0 luogo alla Cittadella del Carnevale di Viareggio la <strong><em>Via Crucis<\/em><\/strong> &#8220;<em><strong>Una luce enlle tenebre<\/strong><\/em>&#8221; promossa dall&#8217;equipe territoriale della Versilia in collaborazione con AC e Agesci. <\/p>\n\n\n\n<p>Inizier\u00e0 alle ore 20,45 e sar\u00e0 presieduta dal Vescovo Paolo. Tutti i giovani delle diverse parrocchie sono invitati a partecipare. <br><br>Sar\u00e0 possibile seguirla anche in diretta su NoiTV. <\/p>\n\n\n\n<div class=\"wp-block-file\"><a id=\"wp-block-file--media-160b39ec-81b2-4d19-8023-75da2985b0ff\" href=\"https:\/\/www.diocesilucca.it\/giovani\/wp-content\/uploads\/sites\/2\/2022\/03\/Via-Crucis-2022-Una-Luce-nella-Notte.pdf\">Via Crucis 2022 &#8211; Una Luce nella Notte &#8211; Testo<\/a><a href=\"https:\/\/www.diocesilucca.it\/giovani\/wp-content\/uploads\/sites\/2\/2022\/03\/Via-Crucis-2022-Una-Luce-nella-Notte.pdf\" class=\"wp-block-file__button\" download aria-describedby=\"wp-block-file--media-160b39ec-81b2-4d19-8023-75da2985b0ff\">Download<\/a><\/div>\n\n\n\n<figure class=\"wp-block-image size-large\"><a href=\"https:\/\/www.diocesilucca.it\/giovani\/wp-content\/uploads\/sites\/2\/2022\/03\/Via-Crucis-PG-2022-scaled.jpg\"><img loading=\"lazy\" decoding=\"async\" width=\"724\" height=\"1024\" src=\"https:\/\/www.diocesilucca.it\/giovani\/wp-content\/uploads\/sites\/2\/2022\/03\/Via-Crucis-PG-2022-724x1024.jpg\" alt=\"\" class=\"wp-image-1648\" srcset=\"https:\/\/www.diocesilucca.it\/giovani\/wp-content\/uploads\/sites\/2\/2022\/03\/Via-Crucis-PG-2022-724x1024.jpg 724w, https:\/\/www.diocesilucca.it\/giovani\/wp-content\/uploads\/sites\/2\/2022\/03\/Via-Crucis-PG-2022-212x300.jpg 212w, https:\/\/www.diocesilucca.it\/giovani\/wp-content\/uploads\/sites\/2\/2022\/03\/Via-Crucis-PG-2022-768x1086.jpg 768w, https:\/\/www.diocesilucca.it\/giovani\/wp-content\/uploads\/sites\/2\/2022\/03\/Via-Crucis-PG-2022-1086x1536.jpg 1086w, https:\/\/www.diocesilucca.it\/giovani\/wp-content\/uploads\/sites\/2\/2022\/03\/Via-Crucis-PG-2022-1448x2048.jpg 1448w, https:\/\/www.diocesilucca.it\/giovani\/wp-content\/uploads\/sites\/2\/2022\/03\/Via-Crucis-PG-2022-1320x1867.jpg 1320w, https:\/\/www.diocesilucca.it\/giovani\/wp-content\/uploads\/sites\/2\/2022\/03\/Via-Crucis-PG-2022-scaled.jpg 1810w\" sizes=\"auto, (max-width: 724px) 100vw, 724px\" \/><\/a><\/figure>\n","protected":false},"excerpt":{"rendered":"<p>Venerd\u00ec 8 aprile avr\u00e0 luogo alla Cittadella del Carnevale di Viareggio la Via Crucis &#8220;Una luce enlle tenebre&#8221; promossa dall&#8217;equipe territoriale della Versilia in collaborazione con AC e Agesci. Inizier\u00e0 alle ore 20,45 e sar\u00e0 presieduta dal Vescovo Paolo. Tutti i giovani delle diverse parrocchie sono invitati a partecipare. Sar\u00e0 possibile seguirla anche in diretta [&hellip;]<\/p>\n","protected":false},"author":269,"featured_media":1649,"comment_status":"closed","ping_status":"closed","sticky":false,"template":"","format":"standard","meta":{"footnotes":""},"categories":[27],"tags":[],"class_list":["post-1647","post","type-post","status-publish","format-standard","has-post-thumbnail","hentry","category-eventi-versilia"],"_links":{"self":[{"href":"https:\/\/www.diocesilucca.it\/giovani\/wp-json\/wp\/v2\/posts\/1647","targetHints":{"allow":["GET"]}}],"collection":[{"href":"https:\/\/www.diocesilucca.it\/giovani\/wp-json\/wp\/v2\/posts"}],"about":[{"href":"https:\/\/www.diocesilucca.it\/giovani\/wp-json\/wp\/v2\/types\/post"}],"author":[{"embeddable":true,"href":"https:\/\/www.diocesilucca.it\/giovani\/wp-json\/wp\/v2\/users\/269"}],"replies":[{"embeddable":true,"href":"https:\/\/www.diocesilucca.it\/giovani\/wp-json\/wp\/v2\/comments?post=1647"}],"version-history":[{"count":6,"href":"https:\/\/www.diocesilucca.it\/giovani\/wp-json\/wp\/v2\/posts\/1647\/revisions"}],"predecessor-version":[{"id":1661,"href":"https:\/\/www.diocesilucca.it\/giovani\/wp-json\/wp\/v2\/posts\/1647\/revisions\/1661"}],"wp:featuredmedia":[{"embeddable":true,"href":"https:\/\/www.diocesilucca.it\/giovani\/wp-json\/wp\/v2\/media\/1649"}],"wp:attachment":[{"href":"https:\/\/www.diocesilucca.it\/giovani\/wp-json\/wp\/v2\/media?parent=1647"}],"wp:term":[{"taxonomy":"category","embeddable":true,"href":"https:\/\/www.diocesilucca.it\/giovani\/wp-json\/wp\/v2\/categories?post=1647"},{"taxonomy":"post_tag","embeddable":true,"href":"https:\/\/www.diocesilucca.it\/giovani\/wp-json\/wp\/v2\/tags?post=1647"}],"curies":[{"name":"wp","href":"https:\/\/api.w.org\/{rel}","templated":true}]}}