{"id":1629,"date":"2022-04-20T10:40:41","date_gmt":"2022-04-20T08:40:41","guid":{"rendered":"https:\/\/www.diocesilucca.it\/giovani\/?p=1629"},"modified":"2022-05-04T09:32:46","modified_gmt":"2022-05-04T07:32:46","slug":"ovunque-sarai-saro-gli-es-23-25-aprile-2022","status":"publish","type":"post","link":"https:\/\/www.diocesilucca.it\/giovani\/2022\/04\/20\/ovunque-sarai-saro-gli-es-23-25-aprile-2022\/","title":{"rendered":"Con-TATTO &#8211; Ritiro per giovani over 18 24 aprile 2022"},"content":{"rendered":"\n<p>Gli ES sono rimandati, ma i <strong>giovani dai 18 ai 35 anni <\/strong>della Diocesi sono invitati <strong>domenica 24 aprile<\/strong> al ritiro &#8220;<strong>Con-Tatto<\/strong>&#8221; . <br>Il ritrovo \u00e8 per le ore 9.00 al seminario arcivescovile di Lucca. <br><br>Sar\u00e0 una giornata di incontro, preghiera e riflessione che si concluder\u00e0 con una pizza tutti insieme. <\/p>\n\n\n\n<p><em>Per maggiori informazioni<\/em> <em>e iscrizioni<\/em>: Don Riccardo 3282329351. <\/p>\n","protected":false},"excerpt":{"rendered":"<p>Gli ES sono rimandati, ma i giovani dai 18 ai 35 anni della Diocesi sono invitati domenica 24 aprile al ritiro &#8220;Con-Tatto&#8221; . Il ritrovo \u00e8 per le ore 9.00 al seminario arcivescovile di Lucca. Sar\u00e0 una giornata di incontro, preghiera e riflessione che si concluder\u00e0 con una pizza tutti insieme. Per maggiori informazioni e [&hellip;]<\/p>\n","protected":false},"author":269,"featured_media":1680,"comment_status":"closed","ping_status":"closed","sticky":false,"template":"","format":"standard","meta":{"footnotes":""},"categories":[29],"tags":[],"class_list":["post-1629","post","type-post","status-publish","format-standard","has-post-thumbnail","hentry","category-eventi-diocesani-2022"],"_links":{"self":[{"href":"https:\/\/www.diocesilucca.it\/giovani\/wp-json\/wp\/v2\/posts\/1629","targetHints":{"allow":["GET"]}}],"collection":[{"href":"https:\/\/www.diocesilucca.it\/giovani\/wp-json\/wp\/v2\/posts"}],"about":[{"href":"https:\/\/www.diocesilucca.it\/giovani\/wp-json\/wp\/v2\/types\/post"}],"author":[{"embeddable":true,"href":"https:\/\/www.diocesilucca.it\/giovani\/wp-json\/wp\/v2\/users\/269"}],"replies":[{"embeddable":true,"href":"https:\/\/www.diocesilucca.it\/giovani\/wp-json\/wp\/v2\/comments?post=1629"}],"version-history":[{"count":4,"href":"https:\/\/www.diocesilucca.it\/giovani\/wp-json\/wp\/v2\/posts\/1629\/revisions"}],"predecessor-version":[{"id":1678,"href":"https:\/\/www.diocesilucca.it\/giovani\/wp-json\/wp\/v2\/posts\/1629\/revisions\/1678"}],"wp:featuredmedia":[{"embeddable":true,"href":"https:\/\/www.diocesilucca.it\/giovani\/wp-json\/wp\/v2\/media\/1680"}],"wp:attachment":[{"href":"https:\/\/www.diocesilucca.it\/giovani\/wp-json\/wp\/v2\/media?parent=1629"}],"wp:term":[{"taxonomy":"category","embeddable":true,"href":"https:\/\/www.diocesilucca.it\/giovani\/wp-json\/wp\/v2\/categories?post=1629"},{"taxonomy":"post_tag","embeddable":true,"href":"https:\/\/www.diocesilucca.it\/giovani\/wp-json\/wp\/v2\/tags?post=1629"}],"curies":[{"name":"wp","href":"https:\/\/api.w.org\/{rel}","templated":true}]}}