{"id":1607,"date":"2022-03-15T12:06:02","date_gmt":"2022-03-15T11:06:02","guid":{"rendered":"https:\/\/www.diocesilucca.it\/giovani\/?p=1607"},"modified":"2022-05-04T09:33:47","modified_gmt":"2022-05-04T07:33:47","slug":"sussidio-quaresima-2022","status":"publish","type":"post","link":"https:\/\/www.diocesilucca.it\/giovani\/2022\/03\/15\/sussidio-quaresima-2022\/","title":{"rendered":"Sussidio Quaresima 2022"},"content":{"rendered":"\n<p>L&#8217;equipe comunicazioni della Pastorale Giovanile ha preparato un sussidio di Quaresima per tutti i giovani dal dopocresima ai 35 anni! <br>Il suo formato \u00e8 quello di un calendario online che scandir\u00e0 i quaranta giorni di questo tempo liturgico cos\u00ec da risultare consultabile ovunque e quando si vuole.<br>Ogni giorno sar\u00e0 possibile ritagliarsi un momento di preghiera e spiritualit\u00e0 cliccando sopra il giorno in corso. <br>Di volta in volta si potr\u00e0 leggere un brano tratto da un discorso di papa Francesco, un breve commento tratto dai padri della Chiesa e dai santi di tutti i tempi, qualche video musicale ispirato dalla liturgia del giorno e qualche consiglio per prepararsi alla Pasqua.<\/p>\n\n\n\n<p>A questo <a href=\"https:\/\/calendar.myadvent.net\/?id=etxqjvlsegjzp76hadhgy984qtzcy4u8\" data-type=\"URL\" data-id=\"https:\/\/calendar.myadvent.net\/?id=etxqjvlsegjzp76hadhgy984qtzcy4u8\" target=\"_blank\" rel=\"noreferrer noopener\">link <\/a>\u00e8 consultabile il calendario. <br><br><\/p>\n","protected":false},"excerpt":{"rendered":"<p>L&#8217;equipe comunicazioni della Pastorale Giovanile ha preparato un sussidio di Quaresima per tutti i giovani dal dopocresima ai 35 anni! Il suo formato \u00e8 quello di un calendario online che scandir\u00e0 i quaranta giorni di questo tempo liturgico cos\u00ec da risultare consultabile ovunque e quando si vuole.Ogni giorno sar\u00e0 possibile ritagliarsi un momento di preghiera [&hellip;]<\/p>\n","protected":false},"author":269,"featured_media":1608,"comment_status":"closed","ping_status":"closed","sticky":false,"template":"","format":"standard","meta":{"footnotes":""},"categories":[18],"tags":[],"class_list":["post-1607","post","type-post","status-publish","format-standard","has-post-thumbnail","hentry","category-formazione"],"_links":{"self":[{"href":"https:\/\/www.diocesilucca.it\/giovani\/wp-json\/wp\/v2\/posts\/1607","targetHints":{"allow":["GET"]}}],"collection":[{"href":"https:\/\/www.diocesilucca.it\/giovani\/wp-json\/wp\/v2\/posts"}],"about":[{"href":"https:\/\/www.diocesilucca.it\/giovani\/wp-json\/wp\/v2\/types\/post"}],"author":[{"embeddable":true,"href":"https:\/\/www.diocesilucca.it\/giovani\/wp-json\/wp\/v2\/users\/269"}],"replies":[{"embeddable":true,"href":"https:\/\/www.diocesilucca.it\/giovani\/wp-json\/wp\/v2\/comments?post=1607"}],"version-history":[{"count":1,"href":"https:\/\/www.diocesilucca.it\/giovani\/wp-json\/wp\/v2\/posts\/1607\/revisions"}],"predecessor-version":[{"id":1609,"href":"https:\/\/www.diocesilucca.it\/giovani\/wp-json\/wp\/v2\/posts\/1607\/revisions\/1609"}],"wp:featuredmedia":[{"embeddable":true,"href":"https:\/\/www.diocesilucca.it\/giovani\/wp-json\/wp\/v2\/media\/1608"}],"wp:attachment":[{"href":"https:\/\/www.diocesilucca.it\/giovani\/wp-json\/wp\/v2\/media?parent=1607"}],"wp:term":[{"taxonomy":"category","embeddable":true,"href":"https:\/\/www.diocesilucca.it\/giovani\/wp-json\/wp\/v2\/categories?post=1607"},{"taxonomy":"post_tag","embeddable":true,"href":"https:\/\/www.diocesilucca.it\/giovani\/wp-json\/wp\/v2\/tags?post=1607"}],"curies":[{"name":"wp","href":"https:\/\/api.w.org\/{rel}","templated":true}]}}