{"id":1585,"date":"2022-05-31T18:22:00","date_gmt":"2022-05-31T16:22:00","guid":{"rendered":"https:\/\/www.diocesilucca.it\/giovani\/?p=1585"},"modified":"2022-09-09T14:26:24","modified_gmt":"2022-09-09T12:26:24","slug":"pellegrinaggio-dei-giovani-over-18-a-santiago","status":"publish","type":"post","link":"https:\/\/www.diocesilucca.it\/giovani\/2022\/05\/31\/pellegrinaggio-dei-giovani-over-18-a-santiago\/","title":{"rendered":"Pellegrinaggio dei giovani over 18 a Santiago"},"content":{"rendered":"\n<p><strong>Tutti i giovani dai 18 ai 35 anni della Diocesi <\/strong>sono invitati al pellegrinaggio a Santiago che si terr\u00e0 <strong>da luned\u00ec 25 luglio a luned\u00ec 8 agosto 2022. <\/strong><\/p>\n\n\n\n<p>L&#8217;esperienza prevede una prima parte di cammino sulla tratta di 110 km da Ribeira a Santiago de Compostela e a seguire la partecipazione al <strong><a rel=\"noreferrer noopener\" href=\"http:\/\/www.pastoraldejuventud.es\/pej22\/\" data-type=\"URL\" data-id=\"http:\/\/www.pastoraldejuventud.es\/pej22\/\" target=\"_blank\">PEJ<\/a><\/strong>, ovvero <strong>il pellegrinaggio Europeo della giovent\u00f9<\/strong> che si terr\u00e0 dal 3 al 7 agosto a Santiago. <\/p>\n\n\n\n<p>Lo spostamento di andata e ritorno avverr\u00e0 in pullman e preveder\u00e0 qualche giorno di viaggio. <br>Sar\u00e0 un&#8217;esperienza di incontro, riflessione, crescita e divertimento da vivere insieme come Diocesi. <br><br><strong>La quota di partecipazione sar\u00e0 di massimo 500 euro <\/strong>a testa e per questo le comunit\u00e0 parrocchiali sono invitate a sostenere i viaggi dei propri giovani, creando anche delle occasioni di autofinanziamento. <br>Nella quota sono inclusi gli spostamenti in autobus, i pasti e i pernottamenti lungo il cammino e la partecipazione al PEJ.<\/p>\n\n\n\n<p class=\"has-luminous-vivid-amber-background-color has-background\"><strong>POSTI ANCORA DISPONIBILI!<\/strong><\/p>\n\n\n\n<p><em>Per avere maggiori informazioni<\/em> \u00e8 possibile scrivere a <strong>pgdiocesilucca@gmail.com <\/strong>o chiamare Don Gilberto 328 285 3522 o Laura 339 504 1414. <\/p>\n\n\n\n<div class=\"wp-block-buttons is-layout-flex wp-block-buttons-is-layout-flex\">\n<div class=\"wp-block-button is-style-fill\"><a class=\"wp-block-button__link has-black-color has-luminous-vivid-amber-background-color has-text-color has-background\" href=\"https:\/\/forms.gle\/dTfhqHPiNQd8aGZt8\" target=\"_blank\" rel=\"noreferrer noopener\"><strong>ISCRIVIMI<\/strong><\/a><\/div>\n<\/div>\n\n\n\n<figure class=\"wp-block-image size-large\"><a href=\"https:\/\/www.diocesilucca.it\/giovani\/wp-content\/uploads\/sites\/2\/2022\/02\/Santiago-2022-scaled.jpg\"><img loading=\"lazy\" decoding=\"async\" width=\"724\" height=\"1024\" src=\"https:\/\/www.diocesilucca.it\/giovani\/wp-content\/uploads\/sites\/2\/2022\/02\/Santiago-2022-724x1024.jpg\" alt=\"\" class=\"wp-image-1586\" srcset=\"https:\/\/www.diocesilucca.it\/giovani\/wp-content\/uploads\/sites\/2\/2022\/02\/Santiago-2022-724x1024.jpg 724w, https:\/\/www.diocesilucca.it\/giovani\/wp-content\/uploads\/sites\/2\/2022\/02\/Santiago-2022-212x300.jpg 212w, https:\/\/www.diocesilucca.it\/giovani\/wp-content\/uploads\/sites\/2\/2022\/02\/Santiago-2022-768x1086.jpg 768w, https:\/\/www.diocesilucca.it\/giovani\/wp-content\/uploads\/sites\/2\/2022\/02\/Santiago-2022-1086x1536.jpg 1086w, https:\/\/www.diocesilucca.it\/giovani\/wp-content\/uploads\/sites\/2\/2022\/02\/Santiago-2022-1448x2048.jpg 1448w, https:\/\/www.diocesilucca.it\/giovani\/wp-content\/uploads\/sites\/2\/2022\/02\/Santiago-2022-1320x1867.jpg 1320w, https:\/\/www.diocesilucca.it\/giovani\/wp-content\/uploads\/sites\/2\/2022\/02\/Santiago-2022-scaled.jpg 1810w\" sizes=\"auto, (max-width: 724px) 100vw, 724px\" \/><\/a><\/figure>\n","protected":false},"excerpt":{"rendered":"<p>Tutti i giovani dai 18 ai 35 anni della Diocesi sono invitati al pellegrinaggio a Santiago che si terr\u00e0 da luned\u00ec 25 luglio a luned\u00ec 8 agosto 2022. L&#8217;esperienza prevede una prima parte di cammino sulla tratta di 110 km da Ribeira a Santiago de Compostela e a seguire la partecipazione al PEJ, ovvero il [&hellip;]<\/p>\n","protected":false},"author":269,"featured_media":1587,"comment_status":"closed","ping_status":"closed","sticky":false,"template":"","format":"standard","meta":{"footnotes":""},"categories":[29],"tags":[],"class_list":["post-1585","post","type-post","status-publish","format-standard","has-post-thumbnail","hentry","category-eventi-diocesani-2022"],"_links":{"self":[{"href":"https:\/\/www.diocesilucca.it\/giovani\/wp-json\/wp\/v2\/posts\/1585","targetHints":{"allow":["GET"]}}],"collection":[{"href":"https:\/\/www.diocesilucca.it\/giovani\/wp-json\/wp\/v2\/posts"}],"about":[{"href":"https:\/\/www.diocesilucca.it\/giovani\/wp-json\/wp\/v2\/types\/post"}],"author":[{"embeddable":true,"href":"https:\/\/www.diocesilucca.it\/giovani\/wp-json\/wp\/v2\/users\/269"}],"replies":[{"embeddable":true,"href":"https:\/\/www.diocesilucca.it\/giovani\/wp-json\/wp\/v2\/comments?post=1585"}],"version-history":[{"count":5,"href":"https:\/\/www.diocesilucca.it\/giovani\/wp-json\/wp\/v2\/posts\/1585\/revisions"}],"predecessor-version":[{"id":1705,"href":"https:\/\/www.diocesilucca.it\/giovani\/wp-json\/wp\/v2\/posts\/1585\/revisions\/1705"}],"wp:featuredmedia":[{"embeddable":true,"href":"https:\/\/www.diocesilucca.it\/giovani\/wp-json\/wp\/v2\/media\/1587"}],"wp:attachment":[{"href":"https:\/\/www.diocesilucca.it\/giovani\/wp-json\/wp\/v2\/media?parent=1585"}],"wp:term":[{"taxonomy":"category","embeddable":true,"href":"https:\/\/www.diocesilucca.it\/giovani\/wp-json\/wp\/v2\/categories?post=1585"},{"taxonomy":"post_tag","embeddable":true,"href":"https:\/\/www.diocesilucca.it\/giovani\/wp-json\/wp\/v2\/tags?post=1585"}],"curies":[{"name":"wp","href":"https:\/\/api.w.org\/{rel}","templated":true}]}}