{"id":1567,"date":"2022-05-03T09:00:10","date_gmt":"2022-05-03T07:00:10","guid":{"rendered":"https:\/\/www.diocesilucca.it\/giovani\/?p=1567"},"modified":"2022-05-16T16:39:29","modified_gmt":"2022-05-16T14:39:29","slug":"animagrest-formazione-per-gli-animatori-dei-grest","status":"publish","type":"post","link":"https:\/\/www.diocesilucca.it\/giovani\/2022\/05\/03\/animagrest-formazione-per-gli-animatori-dei-grest\/","title":{"rendered":"AnimaGREST-Formazione per animatori dei GREST"},"content":{"rendered":"\n<p>&#8220;<strong>AnimaGREST<\/strong>&#8221; \u00e8 il percorso formativo pensato per <strong>i giovani dai 14 ai 18 anni<\/strong> che gi\u00e0 svolgono servizio come animatori nei <strong>GREST estivi <\/strong>o che vogliono iniziare.<\/p>\n\n\n\n<p>Il percorso \u00e8 pensato in <em>collaborazione con AGESCI,AC e ANSPI.<\/em> <\/p>\n\n\n\n<p class=\"has-pale-cyan-blue-background-color has-background\">Gli appuntamenti sono i seguenti: <br>&#8211;<strong>7 MAGGIO  2022: GIORNATA DEGLI ORATORI (ANSPI e non solo)<\/strong> organizzata ogni anno da Anspi e che prevede sia un momento di formazione che di gioco e incontro <br>&#8211; <strong>28 Maggio: <strong>GIORNATA DI FORMAZIONE <\/strong>indirizzata agli junior (chi inizia) e senior (chi ne ha gi\u00e0 esperienza) <\/strong><br>&#8211;<strong>6 LUGLIO 2022: GIORNATA DEI GREST<\/strong> rivolta a tutti i GREST della Diocesi  <\/p>\n\n\n\n<p><br><br>La giornata vedr\u00e0 momenti di incontro, preghiera e formazione laboratoriale. <br>Sar\u00e0 un&#8217;occasione di incontro diocesano e di crescita per gli animatori delle diverse comunit\u00e0. <br><strong>Presto ulteriori dettagli! <\/strong><\/p>\n\n\n\n<figure class=\"wp-block-image size-large\"><a href=\"https:\/\/www.diocesilucca.it\/giovani\/wp-content\/uploads\/sites\/2\/2022\/03\/Anima-GREST-Aggiornato-scaled.jpg\"><img loading=\"lazy\" decoding=\"async\" width=\"724\" height=\"1024\" src=\"https:\/\/www.diocesilucca.it\/giovani\/wp-content\/uploads\/sites\/2\/2022\/03\/Anima-GREST-Aggiornato-724x1024.jpg\" alt=\"\" class=\"wp-image-1665\" srcset=\"https:\/\/www.diocesilucca.it\/giovani\/wp-content\/uploads\/sites\/2\/2022\/03\/Anima-GREST-Aggiornato-724x1024.jpg 724w, https:\/\/www.diocesilucca.it\/giovani\/wp-content\/uploads\/sites\/2\/2022\/03\/Anima-GREST-Aggiornato-212x300.jpg 212w, https:\/\/www.diocesilucca.it\/giovani\/wp-content\/uploads\/sites\/2\/2022\/03\/Anima-GREST-Aggiornato-768x1086.jpg 768w, https:\/\/www.diocesilucca.it\/giovani\/wp-content\/uploads\/sites\/2\/2022\/03\/Anima-GREST-Aggiornato-1086x1536.jpg 1086w, https:\/\/www.diocesilucca.it\/giovani\/wp-content\/uploads\/sites\/2\/2022\/03\/Anima-GREST-Aggiornato-1448x2048.jpg 1448w, https:\/\/www.diocesilucca.it\/giovani\/wp-content\/uploads\/sites\/2\/2022\/03\/Anima-GREST-Aggiornato-1320x1867.jpg 1320w, https:\/\/www.diocesilucca.it\/giovani\/wp-content\/uploads\/sites\/2\/2022\/03\/Anima-GREST-Aggiornato-scaled.jpg 1810w\" sizes=\"auto, (max-width: 724px) 100vw, 724px\" \/><\/a><\/figure>\n","protected":false},"excerpt":{"rendered":"<p>&#8220;AnimaGREST&#8221; \u00e8 il percorso formativo pensato per i giovani dai 14 ai 18 anni che gi\u00e0 svolgono servizio come animatori nei GREST estivi o che vogliono iniziare. Il percorso \u00e8 pensato in collaborazione con AGESCI,AC e ANSPI. Gli appuntamenti sono i seguenti: &#8211;7 MAGGIO 2022: GIORNATA DEGLI ORATORI (ANSPI e non solo) organizzata ogni anno [&hellip;]<\/p>\n","protected":false},"author":269,"featured_media":1568,"comment_status":"closed","ping_status":"closed","sticky":false,"template":"","format":"standard","meta":{"footnotes":""},"categories":[18],"tags":[],"class_list":["post-1567","post","type-post","status-publish","format-standard","has-post-thumbnail","hentry","category-formazione"],"_links":{"self":[{"href":"https:\/\/www.diocesilucca.it\/giovani\/wp-json\/wp\/v2\/posts\/1567","targetHints":{"allow":["GET"]}}],"collection":[{"href":"https:\/\/www.diocesilucca.it\/giovani\/wp-json\/wp\/v2\/posts"}],"about":[{"href":"https:\/\/www.diocesilucca.it\/giovani\/wp-json\/wp\/v2\/types\/post"}],"author":[{"embeddable":true,"href":"https:\/\/www.diocesilucca.it\/giovani\/wp-json\/wp\/v2\/users\/269"}],"replies":[{"embeddable":true,"href":"https:\/\/www.diocesilucca.it\/giovani\/wp-json\/wp\/v2\/comments?post=1567"}],"version-history":[{"count":10,"href":"https:\/\/www.diocesilucca.it\/giovani\/wp-json\/wp\/v2\/posts\/1567\/revisions"}],"predecessor-version":[{"id":1666,"href":"https:\/\/www.diocesilucca.it\/giovani\/wp-json\/wp\/v2\/posts\/1567\/revisions\/1666"}],"wp:featuredmedia":[{"embeddable":true,"href":"https:\/\/www.diocesilucca.it\/giovani\/wp-json\/wp\/v2\/media\/1568"}],"wp:attachment":[{"href":"https:\/\/www.diocesilucca.it\/giovani\/wp-json\/wp\/v2\/media?parent=1567"}],"wp:term":[{"taxonomy":"category","embeddable":true,"href":"https:\/\/www.diocesilucca.it\/giovani\/wp-json\/wp\/v2\/categories?post=1567"},{"taxonomy":"post_tag","embeddable":true,"href":"https:\/\/www.diocesilucca.it\/giovani\/wp-json\/wp\/v2\/tags?post=1567"}],"curies":[{"name":"wp","href":"https:\/\/api.w.org\/{rel}","templated":true}]}}