{"id":1481,"date":"2021-12-01T09:34:51","date_gmt":"2021-12-01T08:34:51","guid":{"rendered":"https:\/\/www.diocesilucca.it\/giovani\/?p=1481"},"modified":"2022-02-09T09:57:27","modified_gmt":"2022-02-09T08:57:27","slug":"incontro-di-preghiera-19-dicembre-marlia","status":"publish","type":"post","link":"https:\/\/www.diocesilucca.it\/giovani\/2021\/12\/01\/incontro-di-preghiera-19-dicembre-marlia\/","title":{"rendered":"Incontro di preghiera -19 dicembre 2021 Marlia"},"content":{"rendered":"\n<p>&#8220;Incontra-Ascolta-Discerni&#8221; \u00e8 l&#8217;incontro per gli educatori dei gruppi giovanissimi e giovani della Piana in vista del Natale. Un momento per fermarsi e ricaricare le pile insieme. <\/p>\n\n\n\n<p>L&#8217;appuntamento \u00e8 per domenica <strong>19 dicembre ore 16.00 alla chiesa di Marlia<\/strong>. <\/p>\n\n\n\n<p>Per maggiori info \u00e8 possibile contattare Don Francesco 3478804368 o Stefano 3351675804.<br>Per l&#8217;incontro \u00e8 <em>necessario il green pass<\/em>! <\/p>\n\n\n\n<div class=\"wp-block-buttons is-layout-flex wp-block-buttons-is-layout-flex\">\n<div class=\"wp-block-button\"><a class=\"wp-block-button__link\" href=\"https:\/\/forms.gle\/9sftVkQCmYAjRKBM6\" target=\"_blank\" rel=\"noreferrer noopener\">Iscrivimi<\/a><\/div>\n<\/div>\n\n\n\n<figure class=\"wp-block-image size-large is-resized\"><a href=\"https:\/\/www.diocesilucca.it\/giovani\/wp-content\/uploads\/sites\/2\/2021\/12\/WhatsApp-Image-2021-11-30-at-10.07.46.jpeg\"><img loading=\"lazy\" decoding=\"async\" src=\"https:\/\/www.diocesilucca.it\/giovani\/wp-content\/uploads\/sites\/2\/2021\/12\/WhatsApp-Image-2021-11-30-at-10.07.46-724x1024.jpeg\" alt=\"\" class=\"wp-image-1482\" width=\"467\" height=\"661\" \/><\/a><\/figure>\n","protected":false},"excerpt":{"rendered":"<p>&#8220;Incontra-Ascolta-Discerni&#8221; \u00e8 l&#8217;incontro per gli educatori dei gruppi giovanissimi e giovani della Piana in vista del Natale. Un momento per fermarsi e ricaricare le pile insieme. L&#8217;appuntamento \u00e8 per domenica 19 dicembre ore 16.00 alla chiesa di Marlia. Per maggiori info \u00e8 possibile contattare Don Francesco 3478804368 o Stefano 3351675804.Per l&#8217;incontro \u00e8 necessario il green [&hellip;]<\/p>\n","protected":false},"author":269,"featured_media":1540,"comment_status":"closed","ping_status":"closed","sticky":false,"template":"","format":"standard","meta":{"footnotes":""},"categories":[25],"tags":[],"class_list":["post-1481","post","type-post","status-publish","format-standard","has-post-thumbnail","hentry","category-eventi-piana-di-lucca"],"_links":{"self":[{"href":"https:\/\/www.diocesilucca.it\/giovani\/wp-json\/wp\/v2\/posts\/1481","targetHints":{"allow":["GET"]}}],"collection":[{"href":"https:\/\/www.diocesilucca.it\/giovani\/wp-json\/wp\/v2\/posts"}],"about":[{"href":"https:\/\/www.diocesilucca.it\/giovani\/wp-json\/wp\/v2\/types\/post"}],"author":[{"embeddable":true,"href":"https:\/\/www.diocesilucca.it\/giovani\/wp-json\/wp\/v2\/users\/269"}],"replies":[{"embeddable":true,"href":"https:\/\/www.diocesilucca.it\/giovani\/wp-json\/wp\/v2\/comments?post=1481"}],"version-history":[{"count":3,"href":"https:\/\/www.diocesilucca.it\/giovani\/wp-json\/wp\/v2\/posts\/1481\/revisions"}],"predecessor-version":[{"id":1487,"href":"https:\/\/www.diocesilucca.it\/giovani\/wp-json\/wp\/v2\/posts\/1481\/revisions\/1487"}],"wp:featuredmedia":[{"embeddable":true,"href":"https:\/\/www.diocesilucca.it\/giovani\/wp-json\/wp\/v2\/media\/1540"}],"wp:attachment":[{"href":"https:\/\/www.diocesilucca.it\/giovani\/wp-json\/wp\/v2\/media?parent=1481"}],"wp:term":[{"taxonomy":"category","embeddable":true,"href":"https:\/\/www.diocesilucca.it\/giovani\/wp-json\/wp\/v2\/categories?post=1481"},{"taxonomy":"post_tag","embeddable":true,"href":"https:\/\/www.diocesilucca.it\/giovani\/wp-json\/wp\/v2\/tags?post=1481"}],"curies":[{"name":"wp","href":"https:\/\/api.w.org\/{rel}","templated":true}]}}