{"id":1385,"date":"2021-11-10T11:55:19","date_gmt":"2021-11-10T10:55:19","guid":{"rendered":"https:\/\/www.diocesilucca.it\/giovani\/?p=1385"},"modified":"2022-09-24T17:37:23","modified_gmt":"2022-09-24T15:37:23","slug":"capodanno-con-taize-28-12-1-1-torino","status":"publish","type":"post","link":"https:\/\/www.diocesilucca.it\/giovani\/2021\/11\/10\/capodanno-con-taize-28-12-1-1-torino\/","title":{"rendered":"Capodanno con Taiz\u00e8- 28\/12-1\/1 ONLINE"},"content":{"rendered":"\n<p>Con le nuove restrizioni legate all\u2019evoluzione della pandemia, <strong>non sar\u00e0 possibile<\/strong> vivere l\u2019Incontro Europeo di Torino <strong>in presenza .<\/strong> Ma <strong>fra il 28 dicembre 2021 e il 1\u00b0 gennaio 2022, avr\u00e0 luogo un incontro online<\/strong> e chi vorr\u00e0, potr\u00e0 seguirlo in streaming. <br>Per saperne di pi\u00f9 \u00e8 possibile consultare il sito<strong> <\/strong><a href=\"https:\/\/www.taizetorino.it\/\" data-type=\"URL\" data-id=\"https:\/\/www.taizetorino.it\/\">https:\/\/www.taizetorino.it\/<\/a><strong>.<\/strong><\/p>\n","protected":false},"excerpt":{"rendered":"<p>Con le nuove restrizioni legate all\u2019evoluzione della pandemia, non sar\u00e0 possibile vivere l\u2019Incontro Europeo di Torino in presenza . Ma fra il 28 dicembre 2021 e il 1\u00b0 gennaio 2022, avr\u00e0 luogo un incontro online e chi vorr\u00e0, potr\u00e0 seguirlo in streaming. Per saperne di pi\u00f9 \u00e8 possibile consultare il sito https:\/\/www.taizetorino.it\/.<\/p>\n","protected":false},"author":269,"featured_media":1386,"comment_status":"closed","ping_status":"closed","sticky":false,"template":"","format":"standard","meta":{"footnotes":""},"categories":[24],"tags":[],"class_list":["post-1385","post","type-post","status-publish","format-standard","has-post-thumbnail","hentry","category-eventi-diocesani"],"_links":{"self":[{"href":"https:\/\/www.diocesilucca.it\/giovani\/wp-json\/wp\/v2\/posts\/1385","targetHints":{"allow":["GET"]}}],"collection":[{"href":"https:\/\/www.diocesilucca.it\/giovani\/wp-json\/wp\/v2\/posts"}],"about":[{"href":"https:\/\/www.diocesilucca.it\/giovani\/wp-json\/wp\/v2\/types\/post"}],"author":[{"embeddable":true,"href":"https:\/\/www.diocesilucca.it\/giovani\/wp-json\/wp\/v2\/users\/269"}],"replies":[{"embeddable":true,"href":"https:\/\/www.diocesilucca.it\/giovani\/wp-json\/wp\/v2\/comments?post=1385"}],"version-history":[{"count":20,"href":"https:\/\/www.diocesilucca.it\/giovani\/wp-json\/wp\/v2\/posts\/1385\/revisions"}],"predecessor-version":[{"id":1489,"href":"https:\/\/www.diocesilucca.it\/giovani\/wp-json\/wp\/v2\/posts\/1385\/revisions\/1489"}],"wp:featuredmedia":[{"embeddable":true,"href":"https:\/\/www.diocesilucca.it\/giovani\/wp-json\/wp\/v2\/media\/1386"}],"wp:attachment":[{"href":"https:\/\/www.diocesilucca.it\/giovani\/wp-json\/wp\/v2\/media?parent=1385"}],"wp:term":[{"taxonomy":"category","embeddable":true,"href":"https:\/\/www.diocesilucca.it\/giovani\/wp-json\/wp\/v2\/categories?post=1385"},{"taxonomy":"post_tag","embeddable":true,"href":"https:\/\/www.diocesilucca.it\/giovani\/wp-json\/wp\/v2\/tags?post=1385"}],"curies":[{"name":"wp","href":"https:\/\/api.w.org\/{rel}","templated":true}]}}