{"id":1282,"date":"2021-08-24T10:15:58","date_gmt":"2021-08-24T08:15:58","guid":{"rendered":"https:\/\/www.diocesilucca.it\/giovani\/?p=1282"},"modified":"2022-01-31T11:32:12","modified_gmt":"2022-01-31T10:32:12","slug":"cammino-lucca-argegna-24-29-agosto-2021","status":"publish","type":"post","link":"https:\/\/www.diocesilucca.it\/giovani\/2021\/08\/24\/cammino-lucca-argegna-24-29-agosto-2021\/","title":{"rendered":"Campeggio all&#8217;Argegna 27-29 agosto 2021"},"content":{"rendered":"\n<p>&#8220;<strong>Lui vive e ti vuole vivo<\/strong>&#8221; si \u00e8 trasformato in un campeggio dai <strong>16 ai 19 anni da venerd\u00ec 27 a domenica 29 agosto: <br><\/strong><\/p>\n\n\n\n<p><strong>Tema<\/strong> incentrato sulla Christus Vivit di papa Francesco<\/p>\n\n\n\n<p><strong>Quota 90 \u20ac<\/strong> \ud83e\ude99<\/p>\n\n\n\n<p><strong>\u00c8 necessario il green-pass.<\/strong><br>Con la ricevuta del test molecolare sar\u00e0 possibile un rimborso del tampone effettuato.<\/p>\n\n\n\n<p><strong>PROGRAMMA :<\/strong> <\/p>\n\n\n\n<p><strong>Venerd\u00ec<\/strong> <strong>27<\/strong><br>Partenza con mezzi privati (orario e luogo da confermare) da Torre del Lago alle 7:00 e da Lucca alle 7:30 per arrivare alle 8:30 a Piazza al Serchio \ud83d\udd57<br>Cammino a piedi fino al santuario dell\u2019Argegna e pranzo.<\/p>\n\n\n\n<p><strong>Sabato 28<\/strong> <br>Gita al lago di Gramolazzo \ud83d\udccd<\/p>\n\n\n\n<p><strong>Domenica 29<\/strong> <br>Messa alle ore 11 con l\u2019arcivescovo e rientro a casa per il tardo pomeriggio.<\/p>\n\n\n\n<p>Per info: <br>Don Samuele  3333885531<\/p>\n\n\n\n<div class=\"wp-block-buttons is-layout-flex wp-block-buttons-is-layout-flex\">\n<div class=\"wp-block-button\"><a class=\"wp-block-button__link\" href=\"https:\/\/forms.gle\/UxXgZKYAabka8yWPA\" target=\"_blank\" rel=\"noreferrer noopener\">Iscrivimi<\/a><\/div>\n<\/div>\n\n\n\n<figure class=\"wp-block-image size-large\"><a href=\"https:\/\/www.diocesilucca.it\/giovani\/wp-content\/uploads\/sites\/2\/2021\/08\/WhatsApp-Image-2021-08-20-at-08.27.13.jpeg\"><img loading=\"lazy\" decoding=\"async\" width=\"724\" height=\"1024\" src=\"https:\/\/www.diocesilucca.it\/giovani\/wp-content\/uploads\/sites\/2\/2021\/08\/WhatsApp-Image-2021-08-20-at-08.27.13-724x1024.jpeg\" alt=\"\" class=\"wp-image-1350\" srcset=\"https:\/\/www.diocesilucca.it\/giovani\/wp-content\/uploads\/sites\/2\/2021\/08\/WhatsApp-Image-2021-08-20-at-08.27.13-724x1024.jpeg 724w, https:\/\/www.diocesilucca.it\/giovani\/wp-content\/uploads\/sites\/2\/2021\/08\/WhatsApp-Image-2021-08-20-at-08.27.13-212x300.jpeg 212w, https:\/\/www.diocesilucca.it\/giovani\/wp-content\/uploads\/sites\/2\/2021\/08\/WhatsApp-Image-2021-08-20-at-08.27.13-768x1086.jpeg 768w, https:\/\/www.diocesilucca.it\/giovani\/wp-content\/uploads\/sites\/2\/2021\/08\/WhatsApp-Image-2021-08-20-at-08.27.13-1086x1536.jpeg 1086w, https:\/\/www.diocesilucca.it\/giovani\/wp-content\/uploads\/sites\/2\/2021\/08\/WhatsApp-Image-2021-08-20-at-08.27.13.jpeg 1131w\" sizes=\"auto, (max-width: 724px) 100vw, 724px\" \/><\/a><\/figure>\n","protected":false},"excerpt":{"rendered":"<p>&#8220;Lui vive e ti vuole vivo&#8221; si \u00e8 trasformato in un campeggio dai 16 ai 19 anni da venerd\u00ec 27 a domenica 29 agosto: Tema incentrato sulla Christus Vivit di papa Francesco Quota 90 \u20ac \ud83e\ude99 \u00c8 necessario il green-pass.Con la ricevuta del test molecolare sar\u00e0 possibile un rimborso del tampone effettuato. PROGRAMMA : Venerd\u00ec [&hellip;]<\/p>\n","protected":false},"author":269,"featured_media":1283,"comment_status":"closed","ping_status":"closed","sticky":false,"template":"","format":"standard","meta":{"footnotes":""},"categories":[24],"tags":[],"class_list":["post-1282","post","type-post","status-publish","format-standard","has-post-thumbnail","hentry","category-eventi-diocesani"],"_links":{"self":[{"href":"https:\/\/www.diocesilucca.it\/giovani\/wp-json\/wp\/v2\/posts\/1282","targetHints":{"allow":["GET"]}}],"collection":[{"href":"https:\/\/www.diocesilucca.it\/giovani\/wp-json\/wp\/v2\/posts"}],"about":[{"href":"https:\/\/www.diocesilucca.it\/giovani\/wp-json\/wp\/v2\/types\/post"}],"author":[{"embeddable":true,"href":"https:\/\/www.diocesilucca.it\/giovani\/wp-json\/wp\/v2\/users\/269"}],"replies":[{"embeddable":true,"href":"https:\/\/www.diocesilucca.it\/giovani\/wp-json\/wp\/v2\/comments?post=1282"}],"version-history":[{"count":4,"href":"https:\/\/www.diocesilucca.it\/giovani\/wp-json\/wp\/v2\/posts\/1282\/revisions"}],"predecessor-version":[{"id":1352,"href":"https:\/\/www.diocesilucca.it\/giovani\/wp-json\/wp\/v2\/posts\/1282\/revisions\/1352"}],"wp:featuredmedia":[{"embeddable":true,"href":"https:\/\/www.diocesilucca.it\/giovani\/wp-json\/wp\/v2\/media\/1283"}],"wp:attachment":[{"href":"https:\/\/www.diocesilucca.it\/giovani\/wp-json\/wp\/v2\/media?parent=1282"}],"wp:term":[{"taxonomy":"category","embeddable":true,"href":"https:\/\/www.diocesilucca.it\/giovani\/wp-json\/wp\/v2\/categories?post=1282"},{"taxonomy":"post_tag","embeddable":true,"href":"https:\/\/www.diocesilucca.it\/giovani\/wp-json\/wp\/v2\/tags?post=1282"}],"curies":[{"name":"wp","href":"https:\/\/api.w.org\/{rel}","templated":true}]}}