{"id":1274,"date":"2021-05-24T15:20:02","date_gmt":"2021-05-24T13:20:02","guid":{"rendered":"https:\/\/www.diocesilucca.it\/giovani\/?p=1274"},"modified":"2022-01-31T11:32:42","modified_gmt":"2022-01-31T10:32:42","slug":"maturo-per-scelta-incontro-per-maturandi-26-5-21","status":"publish","type":"post","link":"https:\/\/www.diocesilucca.it\/giovani\/2021\/05\/24\/maturo-per-scelta-incontro-per-maturandi-26-5-21\/","title":{"rendered":"Maturo per scelta- Incontro per maturandi 26\/5\/21"},"content":{"rendered":"\n<p>Il Progetto Policoro della Diocesi di Lucca insieme alla Pastorale giovanile sta organizzando un\u2019iniziativa dedicata ai maturandi : &#8220;<em><strong>MATURO PER SCELTA<\/strong><\/em>&#8221; ! <br>Saranno presenti diversi studenti universitari disponibili a confrontarsi con i giovani circa la propria facolt\u00e0 e aiutarli cos\u00ec ad orientarsi sul <strong>futuro post diploma<\/strong>.<\/p>\n\n\n\n<p>L&#8217;appuntamento \u00e8 per <strong>mercoled\u00ec 26 Maggio alle ore 17.30 al Seminario Arcivescovile<\/strong>.<br>Alle<strong> 19.00<\/strong> ci sar\u00e0 un momento di confronto e di in bocca al lupo da parte del <strong>Vescovo Paolo Giulietti<\/strong>! <\/p>\n\n\n\n<p>I posti sono limitati, per registrarsi \u00e8 necessario compilare il <a rel=\"noreferrer noopener\" href=\"https:\/\/docs.google.com\/forms\/d\/e\/1FAIpQLSeHbkJDpFSeiJoALbGJY7TdPObF9jzvEQQJm9m5p8ox0s5vfA\/viewform\" data-type=\"URL\" data-id=\"https:\/\/docs.google.com\/forms\/d\/e\/1FAIpQLSeHbkJDpFSeiJoALbGJY7TdPObF9jzvEQQJm9m5p8ox0s5vfA\/viewform\" target=\"_blank\">form<\/a>.<\/p>\n\n\n\n<figure class=\"wp-block-image size-large\"><a href=\"https:\/\/www.diocesilucca.it\/giovani\/wp-content\/uploads\/sites\/2\/2021\/05\/WhatsApp-Image-2021-05-21-at-09.40.19.jpeg\"><img loading=\"lazy\" decoding=\"async\" width=\"724\" height=\"1024\" src=\"https:\/\/www.diocesilucca.it\/giovani\/wp-content\/uploads\/sites\/2\/2021\/05\/WhatsApp-Image-2021-05-21-at-09.40.19-724x1024.jpeg\" alt=\"\" class=\"wp-image-1275\" srcset=\"https:\/\/www.diocesilucca.it\/giovani\/wp-content\/uploads\/sites\/2\/2021\/05\/WhatsApp-Image-2021-05-21-at-09.40.19-724x1024.jpeg 724w, https:\/\/www.diocesilucca.it\/giovani\/wp-content\/uploads\/sites\/2\/2021\/05\/WhatsApp-Image-2021-05-21-at-09.40.19-212x300.jpeg 212w, https:\/\/www.diocesilucca.it\/giovani\/wp-content\/uploads\/sites\/2\/2021\/05\/WhatsApp-Image-2021-05-21-at-09.40.19-768x1086.jpeg 768w, https:\/\/www.diocesilucca.it\/giovani\/wp-content\/uploads\/sites\/2\/2021\/05\/WhatsApp-Image-2021-05-21-at-09.40.19-1086x1536.jpeg 1086w, https:\/\/www.diocesilucca.it\/giovani\/wp-content\/uploads\/sites\/2\/2021\/05\/WhatsApp-Image-2021-05-21-at-09.40.19.jpeg 1131w\" sizes=\"auto, (max-width: 724px) 100vw, 724px\" \/><\/a><\/figure>\n","protected":false},"excerpt":{"rendered":"<p>Il Progetto Policoro della Diocesi di Lucca insieme alla Pastorale giovanile sta organizzando un\u2019iniziativa dedicata ai maturandi : &#8220;MATURO PER SCELTA&#8221; ! Saranno presenti diversi studenti universitari disponibili a confrontarsi con i giovani circa la propria facolt\u00e0 e aiutarli cos\u00ec ad orientarsi sul futuro post diploma. L&#8217;appuntamento \u00e8 per mercoled\u00ec 26 Maggio alle ore 17.30 [&hellip;]<\/p>\n","protected":false},"author":269,"featured_media":1278,"comment_status":"closed","ping_status":"closed","sticky":false,"template":"","format":"standard","meta":{"footnotes":""},"categories":[24],"tags":[],"class_list":["post-1274","post","type-post","status-publish","format-standard","has-post-thumbnail","hentry","category-eventi-diocesani"],"_links":{"self":[{"href":"https:\/\/www.diocesilucca.it\/giovani\/wp-json\/wp\/v2\/posts\/1274","targetHints":{"allow":["GET"]}}],"collection":[{"href":"https:\/\/www.diocesilucca.it\/giovani\/wp-json\/wp\/v2\/posts"}],"about":[{"href":"https:\/\/www.diocesilucca.it\/giovani\/wp-json\/wp\/v2\/types\/post"}],"author":[{"embeddable":true,"href":"https:\/\/www.diocesilucca.it\/giovani\/wp-json\/wp\/v2\/users\/269"}],"replies":[{"embeddable":true,"href":"https:\/\/www.diocesilucca.it\/giovani\/wp-json\/wp\/v2\/comments?post=1274"}],"version-history":[{"count":2,"href":"https:\/\/www.diocesilucca.it\/giovani\/wp-json\/wp\/v2\/posts\/1274\/revisions"}],"predecessor-version":[{"id":1280,"href":"https:\/\/www.diocesilucca.it\/giovani\/wp-json\/wp\/v2\/posts\/1274\/revisions\/1280"}],"wp:featuredmedia":[{"embeddable":true,"href":"https:\/\/www.diocesilucca.it\/giovani\/wp-json\/wp\/v2\/media\/1278"}],"wp:attachment":[{"href":"https:\/\/www.diocesilucca.it\/giovani\/wp-json\/wp\/v2\/media?parent=1274"}],"wp:term":[{"taxonomy":"category","embeddable":true,"href":"https:\/\/www.diocesilucca.it\/giovani\/wp-json\/wp\/v2\/categories?post=1274"},{"taxonomy":"post_tag","embeddable":true,"href":"https:\/\/www.diocesilucca.it\/giovani\/wp-json\/wp\/v2\/tags?post=1274"}],"curies":[{"name":"wp","href":"https:\/\/api.w.org\/{rel}","templated":true}]}}