{"id":1156,"date":"2021-04-07T13:00:00","date_gmt":"2021-04-07T11:00:00","guid":{"rendered":"https:\/\/www.diocesilucca.it\/giovani\/?p=1156"},"modified":"2021-05-11T16:31:47","modified_gmt":"2021-05-11T14:31:47","slug":"30-04-01-02-maggio-2021-esercizi-spirituali","status":"publish","type":"post","link":"https:\/\/www.diocesilucca.it\/giovani\/2021\/04\/07\/30-04-01-02-maggio-2021-esercizi-spirituali\/","title":{"rendered":"Esercizi Spirituali 30 aprile e 01-02 maggio 2021"},"content":{"rendered":"\n<p><strong>SOGNARE:CORAGGIO O FOLLIA?&nbsp;<\/strong><\/p>\n\n\n\n<p>Dal 30 aprile al 2 maggio, se hai dai 18 ai 30 anni metti in agenda gli &#8220;ES&#8221;,ovvero gli esercizi spirituali. <br>Prenditi una pausa e lascia che lo Spirito metta un po&#8217; in subbuglio la tua vita! <br><br>Hai dei sogni? Stai cercando una direzione? Prenditi un tempo per te e cogli questa opportunit\u00e0! <br><br>Visto il cambio colore della Regione Toscana, gli esercizi si svolgeranno in presenza, nel rispetto delle norme covid,  presso il <strong>Seminario Arcivescovile di Lucca<\/strong>, Via del Seminario 790, Monte S.Quirico (Lucca).<\/p>\n\n\n\n<p><br>Per chi preferisse restare a casa, sar\u00e0 possibile collegarsi al canale youtube della Pastorale Giovanile e seguire i momenti di riflessione e preghiera insieme. <\/p>\n\n\n\n<p><strong>Il programma resta invariato, come da volantino che segue<\/strong>. <\/p>\n\n\n\n<p>Le iscrizioni sono ancora aperte! <\/p>\n\n\n\n<p><a rel=\"noreferrer noopener\" href=\"https:\/\/forms.gle\/zzuYVSBgfwxgQy6s6\" target=\"_blank\">Clicca qui per iscriverti <\/a><\/p>\n\n\n\n<p><strong><em>P.s A chi partecipa \u00e8 richiesto di portare un oggetto o una foto o un qualcosa che lo rappresenti in questo momento, servir\u00e0 per l&#8217;attivit\u00e0 di presentazione! <\/em><\/strong><\/p>\n\n\n\n<figure class=\"wp-block-image size-large is-resized\"><a href=\"https:\/\/www.diocesilucca.it\/giovani\/wp-content\/uploads\/sites\/2\/2021\/04\/EserciziSpirituali-2021_Programma.jpg\"><img loading=\"lazy\" decoding=\"async\" src=\"https:\/\/www.diocesilucca.it\/giovani\/wp-content\/uploads\/sites\/2\/2021\/04\/EserciziSpirituali-2021_Programma-724x1024.jpg\" alt=\"\" class=\"wp-image-1222\" width=\"663\" height=\"938\" srcset=\"https:\/\/www.diocesilucca.it\/giovani\/wp-content\/uploads\/sites\/2\/2021\/04\/EserciziSpirituali-2021_Programma-724x1024.jpg 724w, https:\/\/www.diocesilucca.it\/giovani\/wp-content\/uploads\/sites\/2\/2021\/04\/EserciziSpirituali-2021_Programma-212x300.jpg 212w, https:\/\/www.diocesilucca.it\/giovani\/wp-content\/uploads\/sites\/2\/2021\/04\/EserciziSpirituali-2021_Programma-768x1086.jpg 768w, https:\/\/www.diocesilucca.it\/giovani\/wp-content\/uploads\/sites\/2\/2021\/04\/EserciziSpirituali-2021_Programma-1086x1536.jpg 1086w, https:\/\/www.diocesilucca.it\/giovani\/wp-content\/uploads\/sites\/2\/2021\/04\/EserciziSpirituali-2021_Programma.jpg 1200w\" sizes=\"auto, (max-width: 663px) 100vw, 663px\" \/><\/a><\/figure>\n","protected":false},"excerpt":{"rendered":"<p>SOGNARE:CORAGGIO O FOLLIA?&nbsp; Dal 30 aprile al 2 maggio, se hai dai 18 ai 30 anni metti in agenda gli &#8220;ES&#8221;,ovvero gli esercizi spirituali. Prenditi una pausa e lascia che lo Spirito metta un po&#8217; in subbuglio la tua vita! Hai dei sogni? Stai cercando una direzione? Prenditi un tempo per te e cogli questa [&hellip;]<\/p>\n","protected":false},"author":269,"featured_media":1206,"comment_status":"closed","ping_status":"open","sticky":false,"template":"","format":"standard","meta":{"footnotes":""},"categories":[24],"tags":[],"class_list":["post-1156","post","type-post","status-publish","format-standard","has-post-thumbnail","hentry","category-eventi-diocesani"],"_links":{"self":[{"href":"https:\/\/www.diocesilucca.it\/giovani\/wp-json\/wp\/v2\/posts\/1156","targetHints":{"allow":["GET"]}}],"collection":[{"href":"https:\/\/www.diocesilucca.it\/giovani\/wp-json\/wp\/v2\/posts"}],"about":[{"href":"https:\/\/www.diocesilucca.it\/giovani\/wp-json\/wp\/v2\/types\/post"}],"author":[{"embeddable":true,"href":"https:\/\/www.diocesilucca.it\/giovani\/wp-json\/wp\/v2\/users\/269"}],"replies":[{"embeddable":true,"href":"https:\/\/www.diocesilucca.it\/giovani\/wp-json\/wp\/v2\/comments?post=1156"}],"version-history":[{"count":16,"href":"https:\/\/www.diocesilucca.it\/giovani\/wp-json\/wp\/v2\/posts\/1156\/revisions"}],"predecessor-version":[{"id":1249,"href":"https:\/\/www.diocesilucca.it\/giovani\/wp-json\/wp\/v2\/posts\/1156\/revisions\/1249"}],"wp:featuredmedia":[{"embeddable":true,"href":"https:\/\/www.diocesilucca.it\/giovani\/wp-json\/wp\/v2\/media\/1206"}],"wp:attachment":[{"href":"https:\/\/www.diocesilucca.it\/giovani\/wp-json\/wp\/v2\/media?parent=1156"}],"wp:term":[{"taxonomy":"category","embeddable":true,"href":"https:\/\/www.diocesilucca.it\/giovani\/wp-json\/wp\/v2\/categories?post=1156"},{"taxonomy":"post_tag","embeddable":true,"href":"https:\/\/www.diocesilucca.it\/giovani\/wp-json\/wp\/v2\/tags?post=1156"}],"curies":[{"name":"wp","href":"https:\/\/api.w.org\/{rel}","templated":true}]}}