{"id":1064,"date":"2021-02-03T15:56:00","date_gmt":"2021-02-03T14:56:00","guid":{"rendered":"https:\/\/www.diocesilucca.it\/giovani\/?p=1064"},"modified":"2021-03-11T12:50:41","modified_gmt":"2021-03-11T11:50:41","slug":"the-economy-of-francesco-18-02-21-incontro-online","status":"publish","type":"post","link":"https:\/\/www.diocesilucca.it\/giovani\/2021\/02\/03\/the-economy-of-francesco-18-02-21-incontro-online\/","title":{"rendered":"&#8220;The Economy of Francesco&#8221;- 18\/02\/21 Incontro online"},"content":{"rendered":"\n<p><strong>Gioved\u00ec 18 febbraio alle ore 21<\/strong> sar\u00e0 possibile collegarsi all&#8217;incontro promosso dall&#8217;Azione Cattolica Giovani Garfagnana in collaborazione con la consulta giovanile comunale di Castelnuovo e le equipe territoriali della Pastorale Giovanile e Pastorale Scolastica.<br><br>&#8220;The economy of Francesco&#8221; \u00e8 un tema che sar\u00e0 approfondito con gli ospiti <strong>Giuseppe Notarstefano<\/strong> e <strong>Lorenzo Maraviglia. <\/strong><br><br>Interverr\u00e0 anche l&#8217;arcivescovo <strong>Paolo Giulietti<\/strong> e l&#8217;animatrice senior del Progetto Policoro per presentare la Smart School del progetto &#8220;<strong>Economia di tutti<\/strong>&#8220;. <\/p>\n\n\n\n<p>Per richiedere le credenziali dell&#8217;incontro, \u00e8 possibile scrivere a : <strong>mlac.azionecattolicalucca@gmail.com<\/strong> .<\/p>\n\n\n\n<div class=\"wp-block-image\"><figure class=\"aligncenter size-large is-resized\"><a href=\"https:\/\/www.diocesilucca.it\/giovani\/wp-content\/uploads\/sites\/2\/2021\/02\/WhatsApp-Image-2021-01-30-at-13.22.35.jpeg\"><img loading=\"lazy\" decoding=\"async\" src=\"https:\/\/www.diocesilucca.it\/giovani\/wp-content\/uploads\/sites\/2\/2021\/02\/WhatsApp-Image-2021-01-30-at-13.22.35-731x1024.jpeg\" alt=\"\" class=\"wp-image-1065\" width=\"475\" height=\"665\" srcset=\"https:\/\/www.diocesilucca.it\/giovani\/wp-content\/uploads\/sites\/2\/2021\/02\/WhatsApp-Image-2021-01-30-at-13.22.35-731x1024.jpeg 731w, https:\/\/www.diocesilucca.it\/giovani\/wp-content\/uploads\/sites\/2\/2021\/02\/WhatsApp-Image-2021-01-30-at-13.22.35-214x300.jpeg 214w, https:\/\/www.diocesilucca.it\/giovani\/wp-content\/uploads\/sites\/2\/2021\/02\/WhatsApp-Image-2021-01-30-at-13.22.35-768x1075.jpeg 768w, https:\/\/www.diocesilucca.it\/giovani\/wp-content\/uploads\/sites\/2\/2021\/02\/WhatsApp-Image-2021-01-30-at-13.22.35-1097x1536.jpeg 1097w, https:\/\/www.diocesilucca.it\/giovani\/wp-content\/uploads\/sites\/2\/2021\/02\/WhatsApp-Image-2021-01-30-at-13.22.35.jpeg 1200w\" sizes=\"auto, (max-width: 475px) 100vw, 475px\" \/><\/a><\/figure><\/div>\n","protected":false},"excerpt":{"rendered":"<p>Gioved\u00ec 18 febbraio alle ore 21 sar\u00e0 possibile collegarsi all&#8217;incontro promosso dall&#8217;Azione Cattolica Giovani Garfagnana in collaborazione con la consulta giovanile comunale di Castelnuovo e le equipe territoriali della Pastorale Giovanile e Pastorale Scolastica. &#8220;The economy of Francesco&#8221; \u00e8 un tema che sar\u00e0 approfondito con gli ospiti Giuseppe Notarstefano e Lorenzo Maraviglia. Interverr\u00e0 anche l&#8217;arcivescovo [&hellip;]<\/p>\n","protected":false},"author":16,"featured_media":1082,"comment_status":"closed","ping_status":"open","sticky":false,"template":"","format":"standard","meta":{"footnotes":""},"categories":[26],"tags":[],"class_list":["post-1064","post","type-post","status-publish","format-standard","has-post-thumbnail","hentry","category-eventi-mediavalle-del-serchio"],"_links":{"self":[{"href":"https:\/\/www.diocesilucca.it\/giovani\/wp-json\/wp\/v2\/posts\/1064","targetHints":{"allow":["GET"]}}],"collection":[{"href":"https:\/\/www.diocesilucca.it\/giovani\/wp-json\/wp\/v2\/posts"}],"about":[{"href":"https:\/\/www.diocesilucca.it\/giovani\/wp-json\/wp\/v2\/types\/post"}],"author":[{"embeddable":true,"href":"https:\/\/www.diocesilucca.it\/giovani\/wp-json\/wp\/v2\/users\/16"}],"replies":[{"embeddable":true,"href":"https:\/\/www.diocesilucca.it\/giovani\/wp-json\/wp\/v2\/comments?post=1064"}],"version-history":[{"count":2,"href":"https:\/\/www.diocesilucca.it\/giovani\/wp-json\/wp\/v2\/posts\/1064\/revisions"}],"predecessor-version":[{"id":1070,"href":"https:\/\/www.diocesilucca.it\/giovani\/wp-json\/wp\/v2\/posts\/1064\/revisions\/1070"}],"wp:featuredmedia":[{"embeddable":true,"href":"https:\/\/www.diocesilucca.it\/giovani\/wp-json\/wp\/v2\/media\/1082"}],"wp:attachment":[{"href":"https:\/\/www.diocesilucca.it\/giovani\/wp-json\/wp\/v2\/media?parent=1064"}],"wp:term":[{"taxonomy":"category","embeddable":true,"href":"https:\/\/www.diocesilucca.it\/giovani\/wp-json\/wp\/v2\/categories?post=1064"},{"taxonomy":"post_tag","embeddable":true,"href":"https:\/\/www.diocesilucca.it\/giovani\/wp-json\/wp\/v2\/tags?post=1064"}],"curies":[{"name":"wp","href":"https:\/\/api.w.org\/{rel}","templated":true}]}}