{"id":2660,"date":"2026-01-06T21:02:47","date_gmt":"2026-01-06T20:02:47","guid":{"rendered":"https:\/\/www.diocesilucca.it\/famiglia\/?p=2660"},"modified":"2026-01-06T21:02:48","modified_gmt":"2026-01-06T20:02:48","slug":"5-febbraio-2026-cenainamorislaetitita","status":"publish","type":"post","link":"https:\/\/www.diocesilucca.it\/famiglia\/2026\/01\/06\/5-febbraio-2026-cenainamorislaetitita\/","title":{"rendered":"5 Febbraio 2026 #cenainAmorislaetitita"},"content":{"rendered":"\n<h2 class=\"wp-block-heading\">FIDANZATI: da segnare in agenda come appuntamento da non perdere<\/h2>\n\n\n\n<p>San Valentino si avvicina, e come gi\u00e0 proposto negli anni passati \u00e8 nostro desiderio incontrare i fidanzati che si preparano al matrimonio per fare un momento di festa assieme, parteciper\u00e0 alla cena anche l&#8217;Arcivescovo Mons. Paolo Giulietti; naturalmente non \u00e8 nostra intenzione competere con il business e quanto altro, si \u00e8 che si creato attorno a questa particolare festa. Fidanzati vi aspettiamo a questa cena un po&#8217; fuori dall\u2019ordinario: state pronti a dedicarvi una serata tutta per voi, pronti a mettervi in gioco proprio come accade nella vita, dando il meglio di voi stessi. Chiedete ai vostri accompagnatori del percorso oppure potete direttamente contattarci ai numeri in locandina per la vostra prenotazione entro gioved\u00ec 29 Gennaio 2026. La cena quest&#8217;anno si terr\u00e0 presso il ristorante <strong><a href=\"https:\/\/www.ristorantestefani.it\/\" data-type=\"link\" data-id=\"https:\/\/www.ristorantestefani.it\/\">ANTICA TRATTORIA STEFANI<\/a><\/strong> &#8211; Loc. S.Lorenzo a Vaccoli (LU) che ringraziamo fin da ora per la preziosissima collaborazione.<\/p>\n\n\n\n<p><\/p>\n\n\n\n<figure class=\"wp-block-image size-large\"><img loading=\"lazy\" decoding=\"async\" width=\"683\" height=\"1024\" src=\"https:\/\/www.diocesilucca.it\/famiglia\/wp-content\/uploads\/sites\/5\/2025\/12\/INVITO-CENA-IN-AMORIS-LAETITIA2026-683x1024.jpg\" alt=\"\" class=\"wp-image-2661\" srcset=\"https:\/\/www.diocesilucca.it\/famiglia\/wp-content\/uploads\/sites\/5\/2025\/12\/INVITO-CENA-IN-AMORIS-LAETITIA2026-683x1024.jpg 683w, https:\/\/www.diocesilucca.it\/famiglia\/wp-content\/uploads\/sites\/5\/2025\/12\/INVITO-CENA-IN-AMORIS-LAETITIA2026-200x300.jpg 200w, https:\/\/www.diocesilucca.it\/famiglia\/wp-content\/uploads\/sites\/5\/2025\/12\/INVITO-CENA-IN-AMORIS-LAETITIA2026.jpg 1024w\" sizes=\"auto, (max-width: 683px) 100vw, 683px\" \/><\/figure>\n\n\n\n<figure class=\"wp-block-image size-large\"><img loading=\"lazy\" decoding=\"async\" width=\"683\" height=\"1024\" src=\"https:\/\/www.diocesilucca.it\/famiglia\/wp-content\/uploads\/sites\/5\/2025\/12\/MENU-CENA-IN-AMORIS-LAETITIA2026-683x1024.jpg\" alt=\"\" class=\"wp-image-2668\" srcset=\"https:\/\/www.diocesilucca.it\/famiglia\/wp-content\/uploads\/sites\/5\/2025\/12\/MENU-CENA-IN-AMORIS-LAETITIA2026-683x1024.jpg 683w, https:\/\/www.diocesilucca.it\/famiglia\/wp-content\/uploads\/sites\/5\/2025\/12\/MENU-CENA-IN-AMORIS-LAETITIA2026-200x300.jpg 200w, https:\/\/www.diocesilucca.it\/famiglia\/wp-content\/uploads\/sites\/5\/2025\/12\/MENU-CENA-IN-AMORIS-LAETITIA2026.jpg 1024w\" sizes=\"auto, (max-width: 683px) 100vw, 683px\" \/><\/figure>\n","protected":false},"excerpt":{"rendered":"<p>FIDANZATI: da segnare in agenda come appuntamento da non perdere San Valentino si avvicina, e come gi\u00e0 proposto negli anni passati \u00e8 nostro desiderio incontrare i fidanzati che si preparano al matrimonio per fare un momento di festa assieme, parteciper\u00e0 alla cena anche l&#8217;Arcivescovo Mons. Paolo Giulietti; naturalmente non \u00e8 nostra intenzione competere con il business e quanto altro, si \u00e8 che si creato attorno a questa particolare festa. Fidanzati vi aspettiamo a questa cena&#8230;<\/p>\n","protected":false},"author":260,"featured_media":2675,"comment_status":"closed","ping_status":"closed","sticky":false,"template":"","format":"standard","meta":{"footnotes":""},"categories":[1],"tags":[],"class_list":["post-2660","post","type-post","status-publish","format-standard","has-post-thumbnail","hentry","category-iniziative"],"_links":{"self":[{"href":"https:\/\/www.diocesilucca.it\/famiglia\/wp-json\/wp\/v2\/posts\/2660","targetHints":{"allow":["GET"]}}],"collection":[{"href":"https:\/\/www.diocesilucca.it\/famiglia\/wp-json\/wp\/v2\/posts"}],"about":[{"href":"https:\/\/www.diocesilucca.it\/famiglia\/wp-json\/wp\/v2\/types\/post"}],"author":[{"embeddable":true,"href":"https:\/\/www.diocesilucca.it\/famiglia\/wp-json\/wp\/v2\/users\/260"}],"replies":[{"embeddable":true,"href":"https:\/\/www.diocesilucca.it\/famiglia\/wp-json\/wp\/v2\/comments?post=2660"}],"version-history":[{"count":4,"href":"https:\/\/www.diocesilucca.it\/famiglia\/wp-json\/wp\/v2\/posts\/2660\/revisions"}],"predecessor-version":[{"id":2677,"href":"https:\/\/www.diocesilucca.it\/famiglia\/wp-json\/wp\/v2\/posts\/2660\/revisions\/2677"}],"wp:featuredmedia":[{"embeddable":true,"href":"https:\/\/www.diocesilucca.it\/famiglia\/wp-json\/wp\/v2\/media\/2675"}],"wp:attachment":[{"href":"https:\/\/www.diocesilucca.it\/famiglia\/wp-json\/wp\/v2\/media?parent=2660"}],"wp:term":[{"taxonomy":"category","embeddable":true,"href":"https:\/\/www.diocesilucca.it\/famiglia\/wp-json\/wp\/v2\/categories?post=2660"},{"taxonomy":"post_tag","embeddable":true,"href":"https:\/\/www.diocesilucca.it\/famiglia\/wp-json\/wp\/v2\/tags?post=2660"}],"curies":[{"name":"wp","href":"https:\/\/api.w.org\/{rel}","templated":true}]}}