{"id":2290,"date":"2023-01-25T12:06:54","date_gmt":"2023-01-25T11:06:54","guid":{"rendered":"https:\/\/www.diocesilucca.it\/famiglia\/?p=2290"},"modified":"2024-01-07T23:36:02","modified_gmt":"2024-01-07T22:36:02","slug":"larcivescovo-paolo-incontra-i-fidanzati","status":"publish","type":"post","link":"https:\/\/www.diocesilucca.it\/famiglia\/2023\/01\/25\/larcivescovo-paolo-incontra-i-fidanzati\/","title":{"rendered":"l\u2019arcivescovo Paolo incontra i fidanzati:"},"content":{"rendered":"\n<p class=\"has-large-font-size\"><strong>&#8220;<em>CENA IN AMORIS LAETITIA<\/em><\/strong>&#8220;<\/p>\n\n\n\n<figure class=\"wp-block-image size-large\"><img loading=\"lazy\" decoding=\"async\" width=\"1024\" height=\"659\" src=\"https:\/\/www.diocesilucca.it\/famiglia\/wp-content\/uploads\/sites\/5\/2023\/02\/cena-in-amoris-laetitia-1-1024x659.jpg\" alt=\"\" class=\"wp-image-2349\" srcset=\"https:\/\/www.diocesilucca.it\/famiglia\/wp-content\/uploads\/sites\/5\/2023\/02\/cena-in-amoris-laetitia-1-1024x659.jpg 1024w, https:\/\/www.diocesilucca.it\/famiglia\/wp-content\/uploads\/sites\/5\/2023\/02\/cena-in-amoris-laetitia-1-300x193.jpg 300w, https:\/\/www.diocesilucca.it\/famiglia\/wp-content\/uploads\/sites\/5\/2023\/02\/cena-in-amoris-laetitia-1-174x111.jpg 174w, https:\/\/www.diocesilucca.it\/famiglia\/wp-content\/uploads\/sites\/5\/2023\/02\/cena-in-amoris-laetitia-1-95x62.jpg 95w, https:\/\/www.diocesilucca.it\/famiglia\/wp-content\/uploads\/sites\/5\/2023\/02\/cena-in-amoris-laetitia-1.jpg 1116w\" sizes=\"auto, (max-width: 1024px) 100vw, 1024px\" \/><\/figure>\n\n\n\n<p>Il 17 febbraio, proprio nella settimana in cui si festeggia la festa per antonomasia degli innamorati, si \u00e8 svolto, nei locali parrocchiali della Migliarina a Viareggio, un incontro voluto dal Vescovo Paolo Giulietti, con i fidanzati della diocesi. Hanno partecipato alla serata, organizzata dall\u2019Ufficio Diocesano per la Pastorale della Famiglia e intitolata \u201cCENA IN AMORIS LAETITIA\u201d 27 coppie di fidanzati e 7 coppie che accompagnano il loro cammino nelle varie parrocchie della diocesi.<\/p>\n\n\n\n<p>Perch\u00e9&nbsp; questo titolo? Perch\u00e9 si \u00e8 giocato sulle tre parole che Papa Francesco ha scritto nella sua esortazione apostolica e ha pi\u00f9 volte ripetuto alle coppie: PERMESSO, GRAZIE e SCUSA.<\/p>\n\n\n\n<p>Si legge nell\u2019Amoris Laetitia al n. 133 <em>\u201c<\/em><em>Nella famiglia \u00ab\u00e8 necessario usare tre parole. Vorrei ripeterlo. Tre parole: permesso, grazie, scusa. Tre parole chiave!\u00bb.<\/em><em> \u00abQuando in una famiglia non si \u00e8 invadenti e si chiede \u201cpermesso\u201d, quando in una famiglia non si \u00e8 egoisti e si impara a dire \u201cgrazie\u201d, e quando in una famiglia uno si accorge che ha fatto una cosa brutta e sa chiedere \u201cscusa\u201d, in quella famiglia c\u2019\u00e8 pace e c\u2019\u00e8 gioia\u00bb.\u201d<\/em><\/p>\n\n\n\n<p>Dopo il saluto alle coppie presenti da parte del Vescovo e dei Direttori dell\u2019Ufficio Diocesano per la Pastorale della Famiglia, la cena si \u00e8 cos\u00ec svolta con momenti di gioco e di riflessione su questa tematica guidati dal presentatore della serata, il blogger Gianni Discolo.<\/p>\n\n\n\n<p>Un ringraziamento particolare va anche a chi ha collaborato con l\u2019ufficio per la preparazione e l\u2019organizzazione della cena: il parroco don Daniele Ricci e i volontari della parrocchia.<\/p>\n\n\n\n<p>Alle coppie a termine serata \u00e8 stata donata una copia dell\u2019esortazione di papa Francesco \u201cAmoris laetitia\u201d con una dedica del Vescovo Paolo.<\/p>\n\n\n\n<h2 class=\"has-text-align-center wp-block-heading\">&#8230;<strong><em>alcuni momenti della serata<\/em><\/strong><\/h2>\n\n\n<div class=\"wp-block-image\">\n<figure class=\"alignleft size-large is-resized\"><img loading=\"lazy\" decoding=\"async\" src=\"https:\/\/www.diocesilucca.it\/famiglia\/wp-content\/uploads\/sites\/5\/2023\/02\/foto-articolo-04-1024x693.jpg\" alt=\"\" class=\"wp-image-2342\" width=\"548\" height=\"371\" srcset=\"https:\/\/www.diocesilucca.it\/famiglia\/wp-content\/uploads\/sites\/5\/2023\/02\/foto-articolo-04-1024x693.jpg 1024w, https:\/\/www.diocesilucca.it\/famiglia\/wp-content\/uploads\/sites\/5\/2023\/02\/foto-articolo-04-300x203.jpg 300w, https:\/\/www.diocesilucca.it\/famiglia\/wp-content\/uploads\/sites\/5\/2023\/02\/foto-articolo-04-1536x1039.jpg 1536w, https:\/\/www.diocesilucca.it\/famiglia\/wp-content\/uploads\/sites\/5\/2023\/02\/foto-articolo-04-2048x1385.jpg 2048w\" sizes=\"auto, (max-width: 548px) 100vw, 548px\" \/><figcaption class=\"wp-element-caption\"><strong>Gianni Discolo, presentatore della serata con i direttori dell&#8217;UPF <br \/>don Marek insieme a Diva e Raffaello<\/strong><\/figcaption><\/figure>\n<\/div>\n\n<div class=\"wp-block-image\">\n<figure class=\"aligncenter size-large is-resized\"><img loading=\"lazy\" decoding=\"async\" src=\"https:\/\/www.diocesilucca.it\/famiglia\/wp-content\/uploads\/sites\/5\/2023\/02\/foto-articolo-05-1024x779.jpg\" alt=\"\" class=\"wp-image-2343\" width=\"542\" height=\"412\" srcset=\"https:\/\/www.diocesilucca.it\/famiglia\/wp-content\/uploads\/sites\/5\/2023\/02\/foto-articolo-05-1024x779.jpg 1024w, https:\/\/www.diocesilucca.it\/famiglia\/wp-content\/uploads\/sites\/5\/2023\/02\/foto-articolo-05-300x228.jpg 300w, https:\/\/www.diocesilucca.it\/famiglia\/wp-content\/uploads\/sites\/5\/2023\/02\/foto-articolo-05-1536x1169.jpg 1536w, https:\/\/www.diocesilucca.it\/famiglia\/wp-content\/uploads\/sites\/5\/2023\/02\/foto-articolo-05-2048x1559.jpg 2048w\" sizes=\"auto, (max-width: 542px) 100vw, 542px\" \/><figcaption class=\"wp-element-caption\"><strong>La parola all&#8217;arcivescovo Mons. Paolo Giulietti<\/strong><\/figcaption><\/figure>\n<\/div>\n\n<div class=\"wp-block-image\">\n<figure class=\"alignleft size-large is-resized\"><img decoding=\"async\" src=\"https:\/\/www.diocesilucca.it\/famiglia\/wp-content\/uploads\/sites\/5\/2023\/02\/foto-articolo-06-1024x631.jpg\" alt=\"\" class=\"wp-image-2357\" width=\"-299\" height=\"-184\" srcset=\"https:\/\/www.diocesilucca.it\/famiglia\/wp-content\/uploads\/sites\/5\/2023\/02\/foto-articolo-06-1024x631.jpg 1024w, https:\/\/www.diocesilucca.it\/famiglia\/wp-content\/uploads\/sites\/5\/2023\/02\/foto-articolo-06-300x185.jpg 300w, https:\/\/www.diocesilucca.it\/famiglia\/wp-content\/uploads\/sites\/5\/2023\/02\/foto-articolo-06-1536x946.jpg 1536w, https:\/\/www.diocesilucca.it\/famiglia\/wp-content\/uploads\/sites\/5\/2023\/02\/foto-articolo-06-2048x1261.jpg 2048w\" sizes=\"(max-width: 1024px) 100vw, 1024px\" \/><\/figure>\n<\/div>\n\n<div class=\"wp-block-image\">\n<figure class=\"alignleft size-full is-resized\"><img loading=\"lazy\" decoding=\"async\" src=\"https:\/\/www.diocesilucca.it\/famiglia\/wp-content\/uploads\/sites\/5\/2023\/01\/cuori.jpg\" alt=\"\" class=\"wp-image-2327\" width=\"175\" height=\"116\" srcset=\"https:\/\/www.diocesilucca.it\/famiglia\/wp-content\/uploads\/sites\/5\/2023\/01\/cuori.jpg 665w, https:\/\/www.diocesilucca.it\/famiglia\/wp-content\/uploads\/sites\/5\/2023\/01\/cuori-300x199.jpg 300w, https:\/\/www.diocesilucca.it\/famiglia\/wp-content\/uploads\/sites\/5\/2023\/01\/cuori-95x62.jpg 95w\" sizes=\"auto, (max-width: 175px) 100vw, 175px\" \/><\/figure>\n<\/div>\n\n\n<figure class=\"wp-block-image size-large is-resized\"><img loading=\"lazy\" decoding=\"async\" src=\"https:\/\/www.diocesilucca.it\/famiglia\/wp-content\/uploads\/sites\/5\/2023\/02\/WhatsApp-Image-2023-02-18-at-00.41.13-768x1024.jpeg\" alt=\"\" class=\"wp-image-2359\" width=\"433\" height=\"577\" srcset=\"https:\/\/www.diocesilucca.it\/famiglia\/wp-content\/uploads\/sites\/5\/2023\/02\/WhatsApp-Image-2023-02-18-at-00.41.13-768x1024.jpeg 768w, https:\/\/www.diocesilucca.it\/famiglia\/wp-content\/uploads\/sites\/5\/2023\/02\/WhatsApp-Image-2023-02-18-at-00.41.13-225x300.jpeg 225w, https:\/\/www.diocesilucca.it\/famiglia\/wp-content\/uploads\/sites\/5\/2023\/02\/WhatsApp-Image-2023-02-18-at-00.41.13-1152x1536.jpeg 1152w, https:\/\/www.diocesilucca.it\/famiglia\/wp-content\/uploads\/sites\/5\/2023\/02\/WhatsApp-Image-2023-02-18-at-00.41.13.jpeg 1200w\" sizes=\"auto, (max-width: 433px) 100vw, 433px\" \/><\/figure>\n\n\n<div class=\"wp-block-image\">\n<figure class=\"alignleft size-large is-resized\"><img loading=\"lazy\" decoding=\"async\" src=\"https:\/\/www.diocesilucca.it\/famiglia\/wp-content\/uploads\/sites\/5\/2023\/02\/foto-articolo-01-1-1024x683.jpg\" alt=\"\" class=\"wp-image-2346\" width=\"545\" height=\"363\" srcset=\"https:\/\/www.diocesilucca.it\/famiglia\/wp-content\/uploads\/sites\/5\/2023\/02\/foto-articolo-01-1-1024x683.jpg 1024w, https:\/\/www.diocesilucca.it\/famiglia\/wp-content\/uploads\/sites\/5\/2023\/02\/foto-articolo-01-1-300x200.jpg 300w, https:\/\/www.diocesilucca.it\/famiglia\/wp-content\/uploads\/sites\/5\/2023\/02\/foto-articolo-01-1-1536x1025.jpg 1536w, https:\/\/www.diocesilucca.it\/famiglia\/wp-content\/uploads\/sites\/5\/2023\/02\/foto-articolo-01-1-2048x1367.jpg 2048w, https:\/\/www.diocesilucca.it\/famiglia\/wp-content\/uploads\/sites\/5\/2023\/02\/foto-articolo-01-1-95x62.jpg 95w\" sizes=\"auto, (max-width: 545px) 100vw, 545px\" \/><\/figure>\n<\/div>\n\n<div class=\"wp-block-image\">\n<figure class=\"alignright size-full is-resized\"><img loading=\"lazy\" decoding=\"async\" src=\"https:\/\/www.diocesilucca.it\/famiglia\/wp-content\/uploads\/sites\/5\/2023\/01\/cuori.jpg\" alt=\"\" class=\"wp-image-2327\" width=\"231\" height=\"153\" srcset=\"https:\/\/www.diocesilucca.it\/famiglia\/wp-content\/uploads\/sites\/5\/2023\/01\/cuori.jpg 665w, https:\/\/www.diocesilucca.it\/famiglia\/wp-content\/uploads\/sites\/5\/2023\/01\/cuori-300x199.jpg 300w, https:\/\/www.diocesilucca.it\/famiglia\/wp-content\/uploads\/sites\/5\/2023\/01\/cuori-95x62.jpg 95w\" sizes=\"auto, (max-width: 231px) 100vw, 231px\" \/><\/figure>\n<\/div>\n\n\n<p><\/p>\n\n\n<div class=\"wp-block-image\">\n<figure class=\"alignright size-large is-resized\"><img loading=\"lazy\" decoding=\"async\" src=\"https:\/\/www.diocesilucca.it\/famiglia\/wp-content\/uploads\/sites\/5\/2023\/02\/foto-articolo-03-1024x683.jpg\" alt=\"\" class=\"wp-image-2347\" width=\"566\" height=\"378\" srcset=\"https:\/\/www.diocesilucca.it\/famiglia\/wp-content\/uploads\/sites\/5\/2023\/02\/foto-articolo-03-1024x683.jpg 1024w, https:\/\/www.diocesilucca.it\/famiglia\/wp-content\/uploads\/sites\/5\/2023\/02\/foto-articolo-03-300x200.jpg 300w, https:\/\/www.diocesilucca.it\/famiglia\/wp-content\/uploads\/sites\/5\/2023\/02\/foto-articolo-03-1536x1025.jpg 1536w, https:\/\/www.diocesilucca.it\/famiglia\/wp-content\/uploads\/sites\/5\/2023\/02\/foto-articolo-03-2048x1367.jpg 2048w, https:\/\/www.diocesilucca.it\/famiglia\/wp-content\/uploads\/sites\/5\/2023\/02\/foto-articolo-03-95x62.jpg 95w\" sizes=\"auto, (max-width: 566px) 100vw, 566px\" \/><\/figure>\n<\/div>\n\n<div class=\"wp-block-image\">\n<figure class=\"alignright size-full is-resized\"><img loading=\"lazy\" decoding=\"async\" src=\"https:\/\/www.diocesilucca.it\/famiglia\/wp-content\/uploads\/sites\/5\/2023\/01\/cuori.jpg\" alt=\"\" class=\"wp-image-2327\" width=\"231\" height=\"153\" srcset=\"https:\/\/www.diocesilucca.it\/famiglia\/wp-content\/uploads\/sites\/5\/2023\/01\/cuori.jpg 665w, https:\/\/www.diocesilucca.it\/famiglia\/wp-content\/uploads\/sites\/5\/2023\/01\/cuori-300x199.jpg 300w, https:\/\/www.diocesilucca.it\/famiglia\/wp-content\/uploads\/sites\/5\/2023\/01\/cuori-95x62.jpg 95w\" sizes=\"auto, (max-width: 231px) 100vw, 231px\" \/><\/figure>\n<\/div>\n\n\n<figure class=\"wp-block-image size-large is-resized\"><img loading=\"lazy\" decoding=\"async\" src=\"https:\/\/www.diocesilucca.it\/famiglia\/wp-content\/uploads\/sites\/5\/2023\/02\/foto-articolo-02-1-1024x586.jpg\" alt=\"\" class=\"wp-image-2348\" width=\"839\" height=\"479\" srcset=\"https:\/\/www.diocesilucca.it\/famiglia\/wp-content\/uploads\/sites\/5\/2023\/02\/foto-articolo-02-1-1024x586.jpg 1024w, https:\/\/www.diocesilucca.it\/famiglia\/wp-content\/uploads\/sites\/5\/2023\/02\/foto-articolo-02-1-300x172.jpg 300w, https:\/\/www.diocesilucca.it\/famiglia\/wp-content\/uploads\/sites\/5\/2023\/02\/foto-articolo-02-1-1536x878.jpg 1536w, https:\/\/www.diocesilucca.it\/famiglia\/wp-content\/uploads\/sites\/5\/2023\/02\/foto-articolo-02-1-2048x1171.jpg 2048w, https:\/\/www.diocesilucca.it\/famiglia\/wp-content\/uploads\/sites\/5\/2023\/02\/foto-articolo-02-1-148x85.jpg 148w, https:\/\/www.diocesilucca.it\/famiglia\/wp-content\/uploads\/sites\/5\/2023\/02\/foto-articolo-02-1-71x40.jpg 71w\" sizes=\"auto, (max-width: 839px) 100vw, 839px\" \/><figcaption class=\"wp-element-caption\"><strong><em><a href=\"https:\/\/www.youtube.com\/watch?v=mHYThfIHbxg\">&#8230;tutti attenti alle parole di Papa Francesco!<\/a>       <\/em><\/strong><\/figcaption><\/figure>\n\n\n\n<figure class=\"wp-block-image size-large\"><img loading=\"lazy\" decoding=\"async\" width=\"1024\" height=\"644\" src=\"https:\/\/www.diocesilucca.it\/famiglia\/wp-content\/uploads\/sites\/5\/2023\/02\/WhatsApp-Image-2023-02-18-at-12.09.31-1-1024x644.jpeg\" alt=\"\" class=\"wp-image-2355\" srcset=\"https:\/\/www.diocesilucca.it\/famiglia\/wp-content\/uploads\/sites\/5\/2023\/02\/WhatsApp-Image-2023-02-18-at-12.09.31-1-1024x644.jpeg 1024w, https:\/\/www.diocesilucca.it\/famiglia\/wp-content\/uploads\/sites\/5\/2023\/02\/WhatsApp-Image-2023-02-18-at-12.09.31-1-300x189.jpeg 300w, https:\/\/www.diocesilucca.it\/famiglia\/wp-content\/uploads\/sites\/5\/2023\/02\/WhatsApp-Image-2023-02-18-at-12.09.31-1-1536x965.jpeg 1536w, https:\/\/www.diocesilucca.it\/famiglia\/wp-content\/uploads\/sites\/5\/2023\/02\/WhatsApp-Image-2023-02-18-at-12.09.31-1-563x353.jpeg 563w, https:\/\/www.diocesilucca.it\/famiglia\/wp-content\/uploads\/sites\/5\/2023\/02\/WhatsApp-Image-2023-02-18-at-12.09.31-1.jpeg 1599w\" sizes=\"auto, (max-width: 1024px) 100vw, 1024px\" \/><figcaption class=\"wp-element-caption\"><strong>Don Marek e Gianni Discolo con i collaboratori dell&#8217;UPF a fine di questa bella serata &#8230;stanchi ma felici!<\/strong><\/figcaption><\/figure>\n\n\n\n<h2 class=\"wp-block-heading\">Grazie a tutti&#8230;<\/h2>\n\n\n\n<p><mark style=\"background-color:#cf2e2e\" class=\"has-inline-color has-vivid-red-color\">__________________  _____________________________________________________________________________________________<\/mark><\/p>\n\n\n<div class=\"wp-block-image\">\n<figure class=\"alignleft size-large is-resized\"><img loading=\"lazy\" decoding=\"async\" src=\"https:\/\/www.diocesilucca.it\/famiglia\/wp-content\/uploads\/sites\/5\/2023\/01\/WhatsApp-Image-2023-01-23-at-07.57.03-724x1024.jpeg\" alt=\"\" class=\"wp-image-2302\" width=\"411\" height=\"581\" srcset=\"https:\/\/www.diocesilucca.it\/famiglia\/wp-content\/uploads\/sites\/5\/2023\/01\/WhatsApp-Image-2023-01-23-at-07.57.03-724x1024.jpeg 724w, https:\/\/www.diocesilucca.it\/famiglia\/wp-content\/uploads\/sites\/5\/2023\/01\/WhatsApp-Image-2023-01-23-at-07.57.03-212x300.jpeg 212w, https:\/\/www.diocesilucca.it\/famiglia\/wp-content\/uploads\/sites\/5\/2023\/01\/WhatsApp-Image-2023-01-23-at-07.57.03-1086x1536.jpeg 1086w, https:\/\/www.diocesilucca.it\/famiglia\/wp-content\/uploads\/sites\/5\/2023\/01\/WhatsApp-Image-2023-01-23-at-07.57.03.jpeg 1131w\" sizes=\"auto, (max-width: 411px) 100vw, 411px\" \/><\/figure>\n<\/div>\n\n\n<p><strong><mark style=\"background-color:#cf2e2e\" class=\"has-inline-color has-vivid-red-color\">_______________________________________________________<\/mark><\/strong><\/p>\n\n\n\n<figure class=\"wp-block-image size-large is-resized\"><img loading=\"lazy\" decoding=\"async\" src=\"https:\/\/www.diocesilucca.it\/famiglia\/wp-content\/uploads\/sites\/5\/2023\/01\/menu2-850x1024.jpg\" alt=\"\" class=\"wp-image-2318\" width=\"411\" height=\"492\" \/><\/figure>\n\n\n\n<p><mark style=\"background-color:#cf2e2e\" class=\"has-inline-color has-vivid-red-color\">_______________________________________________________<\/mark><\/p>\n\n\n<div class=\"wp-block-image\">\n<figure class=\"alignright size-full is-resized\"><img loading=\"lazy\" decoding=\"async\" src=\"https:\/\/www.diocesilucca.it\/famiglia\/wp-content\/uploads\/sites\/5\/2023\/01\/cuori.jpg\" alt=\"\" class=\"wp-image-2327\" width=\"152\" height=\"101\" srcset=\"https:\/\/www.diocesilucca.it\/famiglia\/wp-content\/uploads\/sites\/5\/2023\/01\/cuori.jpg 665w, https:\/\/www.diocesilucca.it\/famiglia\/wp-content\/uploads\/sites\/5\/2023\/01\/cuori-300x199.jpg 300w, https:\/\/www.diocesilucca.it\/famiglia\/wp-content\/uploads\/sites\/5\/2023\/01\/cuori-95x62.jpg 95w\" sizes=\"auto, (max-width: 152px) 100vw, 152px\" \/><\/figure>\n<\/div>\n\n\n<p><mark style=\"background-color:#cf2e2e\" class=\"has-inline-color has-vivid-red-color\">_________________________________________________________________________________________<\/mark><\/p>\n","protected":false},"excerpt":{"rendered":"<p>&#8220;CENA IN AMORIS LAETITIA&#8220; Il 17 febbraio, proprio nella settimana in cui si festeggia la festa per antonomasia degli innamorati, si \u00e8 svolto, nei locali parrocchiali della Migliarina a Viareggio, un incontro voluto dal Vescovo Paolo Giulietti, con i fidanzati della diocesi. Hanno partecipato alla serata, organizzata dall\u2019Ufficio Diocesano per la Pastorale della Famiglia e intitolata \u201cCENA IN AMORIS LAETITIA\u201d 27 coppie di fidanzati e 7 coppie che accompagnano il loro cammino nelle varie parrocchie&#8230;<\/p>\n","protected":false},"author":260,"featured_media":2292,"comment_status":"closed","ping_status":"closed","sticky":false,"template":"","format":"standard","meta":{"footnotes":""},"categories":[45],"tags":[],"class_list":["post-2290","post","type-post","status-publish","format-standard","has-post-thumbnail","hentry","category-archivio-eventi"],"_links":{"self":[{"href":"https:\/\/www.diocesilucca.it\/famiglia\/wp-json\/wp\/v2\/posts\/2290","targetHints":{"allow":["GET"]}}],"collection":[{"href":"https:\/\/www.diocesilucca.it\/famiglia\/wp-json\/wp\/v2\/posts"}],"about":[{"href":"https:\/\/www.diocesilucca.it\/famiglia\/wp-json\/wp\/v2\/types\/post"}],"author":[{"embeddable":true,"href":"https:\/\/www.diocesilucca.it\/famiglia\/wp-json\/wp\/v2\/users\/260"}],"replies":[{"embeddable":true,"href":"https:\/\/www.diocesilucca.it\/famiglia\/wp-json\/wp\/v2\/comments?post=2290"}],"version-history":[{"count":21,"href":"https:\/\/www.diocesilucca.it\/famiglia\/wp-json\/wp\/v2\/posts\/2290\/revisions"}],"predecessor-version":[{"id":2362,"href":"https:\/\/www.diocesilucca.it\/famiglia\/wp-json\/wp\/v2\/posts\/2290\/revisions\/2362"}],"wp:featuredmedia":[{"embeddable":true,"href":"https:\/\/www.diocesilucca.it\/famiglia\/wp-json\/wp\/v2\/media\/2292"}],"wp:attachment":[{"href":"https:\/\/www.diocesilucca.it\/famiglia\/wp-json\/wp\/v2\/media?parent=2290"}],"wp:term":[{"taxonomy":"category","embeddable":true,"href":"https:\/\/www.diocesilucca.it\/famiglia\/wp-json\/wp\/v2\/categories?post=2290"},{"taxonomy":"post_tag","embeddable":true,"href":"https:\/\/www.diocesilucca.it\/famiglia\/wp-json\/wp\/v2\/tags?post=2290"}],"curies":[{"name":"wp","href":"https:\/\/api.w.org\/{rel}","templated":true}]}}