{"id":1414,"date":"2022-01-25T09:02:49","date_gmt":"2022-01-25T08:02:49","guid":{"rendered":"https:\/\/www.diocesilucca.it\/famiglia\/?p=1414"},"modified":"2022-11-22T13:23:50","modified_gmt":"2022-11-22T12:23:50","slug":"messaggio-dellufficio-famiglia-in-occasione-della-giornata-per-la-vita","status":"publish","type":"post","link":"https:\/\/www.diocesilucca.it\/famiglia\/2022\/01\/25\/messaggio-dellufficio-famiglia-in-occasione-della-giornata-per-la-vita\/","title":{"rendered":"Messaggio dell\u2019ufficio famiglia in occasione della giornata per la vita"},"content":{"rendered":"\n<p><\/p>\n\n\n\n<p>Non si pu\u00f2 non amare la vita: \u00e8 il primo e il pi\u00f9 prezioso bene per ogni essere umano. Dall\u2019amore scaturisce la vita e la vita desidera e chiede amore. Per questo la vita umana pu\u00f2 e deve essere donata, per amore, e nel dono trova la pienezza del suo significato, mai pu\u00f2 essere disprezzata e tanto meno distrutta. Certo, i giorni della vita non sono sempre uguali: c\u2019\u00e8 il tempo della gioia e il tempo della sofferenza, il tempo della gratificazione e il tempo della delusione, il tempo della giovinezza e il tempo della vecchiaia, il tempo della salute e il tempo della malattia&#8230; A volte si \u00e8 indotti spontaneamente ad apprezzare la vita e a ringraziarne Dio, \u201camante della vita\u201d (Sap 11,26), altre volte la fatica, la malattia, la solitudine ce la fanno sentire come un peso.<\/p>\n\n\n\n<p>Chi ama la vita, infatti, non la toglie ma la dona, non se ne appropria ma la mette a servizio degli altri. Amare la vita significa anche non negarla ad alcuno, neppure al pi\u00f9 piccolo e indifeso nascituro, tanto meno quando presenta gravi disabilit\u00e0. Nulla \u00e8 pi\u00f9 disumano della selezione migliorativa che in forme dirette e indirette viene sempre pi\u00f9 evocata e, a volte, praticata. Nessuna vita umana, fosse anche alla sua prima scintilla, pu\u00f2 essere ritenuta di minor valore o disponibile per la ricerca scientifica. Il desiderio di un figlio non d\u00e0 diritto ad averlo ad ogni costo. Un bambino pu\u00f2 essere concepito da una donna nel proprio grembo, ma pu\u00f2 anche essere adottato o accolto in affidamento: e sar\u00e0 un\u2019altra nascita, ugualmente prodigiosa. Il nostro tempo, la nostra cultura, la nostra nazione amano davvero la vita? Tutti gli uomini che hanno a cuore il bene della vita umana sono interpellati dalla piaga dell\u2019aborto, dal tentativo di legittimare l\u2019eutanasia, ma anche dal gravissimo e persistente problema del calo demografico, dalle situazioni di umiliante sfruttamento della vita in cui si trovano tanti uomini e donne, soprattutto immigrati, che sono venuti nel nostro Paese per cercare un\u2019esistenza libera e dignitosa.<\/p>\n\n\n\n<p>Nella nostra societ\u00e0 fa pi\u00f9 clamore il diritto a morire che quello a vivere<\/p>\n\n\n\n<p>La richiesta di eutanasia ed eventualmente la scelta della societ\u00e0 di cedere su questo fronte \u00e8 puro egoismo. \u00c8 la risposta pi\u00f9 facile e pi\u00f9 sbagliata perch\u00e9 i malati vanno aiutati a vivere e questo \u00e8 possibile solo attraverso un\u2019assistenza adeguata e dignitosa.<\/p>\n\n\n\n<p>\u201cSenza voler entrare nelle importanti questioni giuridiche implicate, \u00e8 necessario ribadire che non vi \u00e8 espressione di compassione nell\u2019aiutare a morire, ma il prevalere di una concezione antropologica e nichilista in cui non trovano pi\u00f9 spazio n\u00e9 la speranza n\u00e9 le relazioni interpersonali. [\u2026] Chi soffre va accompagnato e aiutato a ritrovare ragioni di vita; occorre chiedere l\u2019applicazione della legge sulle cure palliative e la terapia del dolore\u201d<em>(Card. G. Bassetti, Introduzione ai lavori del Consiglio Episcopale Permanente, 27 settembre 2021).<\/em><\/p>\n\n\n\n<p>\u00c8 un\u2019accoglienza del malato e della sua sofferenza che alla societ\u00e0 inevitabilmente \u201ccosta\u201d. L\u2019impegno di chi lavora per il diritto alla vita diventa allora quello di fare del tutto perch\u00e9 quel \u201ccosto\u201d non diventi mai un \u201cpeso\u201d e che la societ\u00e0 nel suo insieme non dimentichi mai che la vita \u00e8 un dono, e che vale la pena di viverlo fino in fondo\u201d.<\/p>\n\n\n\n<p>\u00c8 necessaria una decisa svolta per imboccare il sentiero virtuoso dell\u2019amore alla vita. Non bastano i \u201cno\u201d se non si pronunciano dei \u201cs\u00ec\u201d, forti e lungimiranti a sostegno della famiglia fondata sul matrimonio, dei giovani e dei pi\u00f9 disagiati.<\/p>\n\n\n\n<p><\/p>\n\n\n\n<p><\/p>\n","protected":false},"excerpt":{"rendered":"<p>Non si pu\u00f2 non amare la vita: \u00e8 il primo e il pi\u00f9 prezioso bene per ogni essere umano. Dall\u2019amore scaturisce la vita e la vita desidera e chiede amore. Per questo la vita umana pu\u00f2 e deve essere donata, per amore, e nel dono trova la pienezza del suo significato, mai pu\u00f2 essere disprezzata e tanto meno distrutta. Certo, i giorni della vita non sono sempre uguali: c\u2019\u00e8 il tempo della gioia e il&#8230;<\/p>\n","protected":false},"author":260,"featured_media":0,"comment_status":"closed","ping_status":"closed","sticky":false,"template":"","format":"standard","meta":{"footnotes":""},"categories":[],"tags":[],"class_list":["post-1414","post","type-post","status-publish","format-standard","hentry"],"_links":{"self":[{"href":"https:\/\/www.diocesilucca.it\/famiglia\/wp-json\/wp\/v2\/posts\/1414","targetHints":{"allow":["GET"]}}],"collection":[{"href":"https:\/\/www.diocesilucca.it\/famiglia\/wp-json\/wp\/v2\/posts"}],"about":[{"href":"https:\/\/www.diocesilucca.it\/famiglia\/wp-json\/wp\/v2\/types\/post"}],"author":[{"embeddable":true,"href":"https:\/\/www.diocesilucca.it\/famiglia\/wp-json\/wp\/v2\/users\/260"}],"replies":[{"embeddable":true,"href":"https:\/\/www.diocesilucca.it\/famiglia\/wp-json\/wp\/v2\/comments?post=1414"}],"version-history":[{"count":2,"href":"https:\/\/www.diocesilucca.it\/famiglia\/wp-json\/wp\/v2\/posts\/1414\/revisions"}],"predecessor-version":[{"id":1740,"href":"https:\/\/www.diocesilucca.it\/famiglia\/wp-json\/wp\/v2\/posts\/1414\/revisions\/1740"}],"wp:attachment":[{"href":"https:\/\/www.diocesilucca.it\/famiglia\/wp-json\/wp\/v2\/media?parent=1414"}],"wp:term":[{"taxonomy":"category","embeddable":true,"href":"https:\/\/www.diocesilucca.it\/famiglia\/wp-json\/wp\/v2\/categories?post=1414"},{"taxonomy":"post_tag","embeddable":true,"href":"https:\/\/www.diocesilucca.it\/famiglia\/wp-json\/wp\/v2\/tags?post=1414"}],"curies":[{"name":"wp","href":"https:\/\/api.w.org\/{rel}","templated":true}]}}