{"id":1200,"date":"2021-11-23T09:57:50","date_gmt":"2021-11-23T08:57:50","guid":{"rendered":"https:\/\/www.diocesilucca.it\/famiglia\/?p=1200"},"modified":"2025-01-18T11:18:51","modified_gmt":"2025-01-18T10:18:51","slug":"anno-famiglia-amoris-laetitia-19-marzo-2021-26-giugno-2022","status":"publish","type":"post","link":"https:\/\/www.diocesilucca.it\/famiglia\/2021\/11\/23\/anno-famiglia-amoris-laetitia-19-marzo-2021-26-giugno-2022\/","title":{"rendered":"Anno &#8220;Famiglia Amoris Laetitia&#8221;                 19 marzo 2021 &#8211; 26 giugno 2022"},"content":{"rendered":"<h1>&nbsp; &nbsp;L&#8217;iniziativa<\/h1>\n<p>L\u2019Anno \u201cFamiglia&nbsp;<em>Amoris Laetitia<\/em>\u201d \u00e8&nbsp;un\u2019iniziativa di Papa Francesco, che intende raggiungere ogni famiglia nel mondo attraverso varie&nbsp;proposte di tipo spirituale, pastorale e culturale che si potranno attuare nelle parrocchie, nelle diocesi, nelle universit\u00e0, nell\u2019ambito dei movimenti ecclesiali e delle associazioni familiari.<br \/><strong>L\u2019esperienza della pandemia ha messo in luce il ruolo centrale della famiglia<\/strong>&nbsp;come Chiesa domestica e<strong>&nbsp;l\u2019importanza dei legami comunitari tra famiglie<\/strong>, che rendono la Chiesa una \u201cfamiglia di famiglie\u201d (AL 87).<br \/>Essa merita un <strong>anno di celebrazioni&nbsp;<\/strong> perch\u00e9&nbsp; sia&nbsp; posta al centro&nbsp; dell\u2019impegno&nbsp; e&nbsp; della&nbsp; cura&nbsp; da&nbsp; parte&nbsp; di&nbsp; ogni realt\u00e0 pastorale ed ecclesiale.<\/p>\n<h1>&nbsp; &nbsp;Gli obiettivi&nbsp;<\/h1>\n<ol>\n<li>&nbsp;Diffondere il contenuto dell\u2019esortazione apostolica \u201c<em>Amoris Laetitia<\/em>\u201d, per \u201cfar sperimentare che il Vangelo della&nbsp; famiglia \u00e8 gioia che <em>riempie il cuore e la vita intera<\/em>\u201d (AL 200).&nbsp; &nbsp;Una famiglia che scopre e sperimenta la gioia di avere un dono e di essere dono per la Chiesa e la societ\u00e0, \u201cpu\u00f2 diventare una luce nel buio del mondo\u201d (AL 66).&nbsp; &nbsp; E il mondo oggi ha bisogno di questa luce!<\/li>\n<li>\n<p><strong>Annunciare che il sacramento del matrimonio \u00e8 dono<\/strong>&nbsp;e ha in s\u00e9 una forza trasformante dell\u2019amore umano. A tal fine \u00e8 necessario che pastori e famiglie camminino insieme in una corresponsabilit\u00e0 e complementarit\u00e0 pastorale tra le diverse vocazioni nella Chiesa (cfr. AL 203).<\/p>\n<\/li>\n<li>\n<p><strong>Rendere le famiglie<\/strong>&nbsp;<strong>protagoniste della pastorale familiare<\/strong>. A questo scopo, \u00e8 richiesto \u201cuno sforzo evangelizzatore e catechetico indirizzato all\u2019interno della famiglia\u201d (AL 200), poich\u00e9 una famiglia discepola diviene anche una famiglia missionaria.<\/p>\n<\/li>\n<li>\n<p><strong>Rendere i giovani&nbsp;<\/strong><strong>consapevoli&nbsp;<\/strong>dell\u2019importanza della formazione alla verit\u00e0 dell\u2019amore e al dono di s\u00e9 con iniziative a loro dedicate.<\/p>\n<\/li>\n<li>\n<p><strong>Ampliare lo sguardo e l&#8217;azione della pastorale familiare<\/strong>&nbsp;affinch\u00e9 divenga trasversale sulla famiglia, cos\u00ec da includere gli sposi, i bambini, i giovani, gli anziani e le situazioni di fragilit\u00e0 familiare.<\/p>\n<\/li>\n<\/ol>\n<h1>&nbsp; &nbsp;I destinatari&nbsp;<\/h1>\n<ul>\n<li><strong>Conferenze episcopali<\/strong><\/li>\n<li><strong>Diocesi<\/strong><\/li>\n<li><strong>Parrocchie<\/strong><\/li>\n<li><strong>Movimenti ecclesiali<\/strong><\/li>\n<li><strong>Associazioni familiari<\/strong><\/li>\n<li>ma soprattutto&nbsp;<strong>le famiglie di tutto il mondo<\/strong><\/li>\n<\/ul>\n<p>L&#8217;invito, rivolto a tutte le comunit\u00e0, \u00e8 a&nbsp;<strong>partecipare<\/strong>&nbsp;e&nbsp;<strong>rendersi protagoniste&nbsp;<\/strong>con ulteriori&nbsp;<strong>proposte da realizzare a livello di Chiesa locale&nbsp;<\/strong>(diocesi, parrocchie, comunit\u00e0 ecclesiali).<\/p>\n\n\n<figure class=\"wp-block-image size-large is-resized\"><img loading=\"lazy\" decoding=\"async\" src=\"https:\/\/www.diocesilucca.it\/famiglia\/wp-content\/uploads\/sites\/5\/2021\/11\/Senza-titolo1-1024x216.png\" alt=\"\" class=\"wp-image-1208\" width=\"839\" height=\"177\" srcset=\"https:\/\/www.diocesilucca.it\/famiglia\/wp-content\/uploads\/sites\/5\/2021\/11\/Senza-titolo1-1024x216.png 1024w, https:\/\/www.diocesilucca.it\/famiglia\/wp-content\/uploads\/sites\/5\/2021\/11\/Senza-titolo1-300x63.png 300w, https:\/\/www.diocesilucca.it\/famiglia\/wp-content\/uploads\/sites\/5\/2021\/11\/Senza-titolo1-1536x324.png 1536w, https:\/\/www.diocesilucca.it\/famiglia\/wp-content\/uploads\/sites\/5\/2021\/11\/Senza-titolo1.png 1587w\" sizes=\"auto, (max-width: 839px) 100vw, 839px\" \/><\/figure>\n","protected":false},"excerpt":{"rendered":"<p>&nbsp; &nbsp;L&#8217;iniziativa L\u2019Anno \u201cFamiglia&nbsp;Amoris Laetitia\u201d \u00e8&nbsp;un\u2019iniziativa di Papa Francesco, che intende raggiungere ogni famiglia nel mondo attraverso varie&nbsp;proposte di tipo spirituale, pastorale e culturale che si potranno attuare nelle parrocchie, nelle diocesi, nelle universit\u00e0, nell\u2019ambito dei movimenti ecclesiali e delle associazioni familiari.L\u2019esperienza della pandemia ha messo in luce il ruolo centrale della famiglia&nbsp;come Chiesa domestica e&nbsp;l\u2019importanza dei legami comunitari tra famiglie, che rendono la Chiesa una \u201cfamiglia di famiglie\u201d (AL 87).Essa merita un anno di&#8230;<\/p>\n","protected":false},"author":260,"featured_media":1342,"comment_status":"closed","ping_status":"closed","sticky":false,"template":"","format":"standard","meta":{"footnotes":""},"categories":[45],"tags":[],"class_list":["post-1200","post","type-post","status-publish","format-standard","has-post-thumbnail","hentry","category-archivio-eventi"],"_links":{"self":[{"href":"https:\/\/www.diocesilucca.it\/famiglia\/wp-json\/wp\/v2\/posts\/1200","targetHints":{"allow":["GET"]}}],"collection":[{"href":"https:\/\/www.diocesilucca.it\/famiglia\/wp-json\/wp\/v2\/posts"}],"about":[{"href":"https:\/\/www.diocesilucca.it\/famiglia\/wp-json\/wp\/v2\/types\/post"}],"author":[{"embeddable":true,"href":"https:\/\/www.diocesilucca.it\/famiglia\/wp-json\/wp\/v2\/users\/260"}],"replies":[{"embeddable":true,"href":"https:\/\/www.diocesilucca.it\/famiglia\/wp-json\/wp\/v2\/comments?post=1200"}],"version-history":[{"count":15,"href":"https:\/\/www.diocesilucca.it\/famiglia\/wp-json\/wp\/v2\/posts\/1200\/revisions"}],"predecessor-version":[{"id":1563,"href":"https:\/\/www.diocesilucca.it\/famiglia\/wp-json\/wp\/v2\/posts\/1200\/revisions\/1563"}],"wp:featuredmedia":[{"embeddable":true,"href":"https:\/\/www.diocesilucca.it\/famiglia\/wp-json\/wp\/v2\/media\/1342"}],"wp:attachment":[{"href":"https:\/\/www.diocesilucca.it\/famiglia\/wp-json\/wp\/v2\/media?parent=1200"}],"wp:term":[{"taxonomy":"category","embeddable":true,"href":"https:\/\/www.diocesilucca.it\/famiglia\/wp-json\/wp\/v2\/categories?post=1200"},{"taxonomy":"post_tag","embeddable":true,"href":"https:\/\/www.diocesilucca.it\/famiglia\/wp-json\/wp\/v2\/tags?post=1200"}],"curies":[{"name":"wp","href":"https:\/\/api.w.org\/{rel}","templated":true}]}}