{"id":993,"date":"2020-05-23T11:02:22","date_gmt":"2020-05-23T09:02:22","guid":{"rendered":"https:\/\/www.diocesilucca.it\/caritas\/?p=993"},"modified":"2020-06-18T11:29:20","modified_gmt":"2020-06-18T09:29:20","slug":"un-vademecum-per-la-riapertura-dei-servizi-caritas","status":"publish","type":"post","link":"https:\/\/www.diocesilucca.it\/caritas\/2020\/05\/23\/un-vademecum-per-la-riapertura-dei-servizi-caritas\/","title":{"rendered":"Un Vademecum per la riapertura dei servizi Caritas"},"content":{"rendered":"\r\n<p>In concomitanza con la ripartenza dei servizi Caritas che le varie parrocchie offrono nel territorio, Caritas diocesana ha sviluppato <strong>un documento che accompagner\u00e0 i volontari<\/strong> nella riorganizzazione delle attivit\u00e0. Partendo dai protocolli emanati dal Governo e dall&#8217;OMS, il <strong>Vademecum per la riapertura<\/strong> mette in chiaro tutte le buone norme di sicurezza sanitaria da rispettare nei vari servizi, dai Centri di Ascolto alle mense, dai dormitori ai centri diurni.<br><br>Il vademecum presenta una parte generale dedicata a tutti i comportamenti da tenere per <strong>limitare il contagio<\/strong> e una parte specifica che approfondisce aspetti anche tecnici <strong>per ogni tipologia di servizio<\/strong>. Nelle sue ultime pagine, il documento riporta infine la segnaletica che richiama al rispetto delle norme di sicurezza sanitaria, da stampare e collocare nei luoghi dove i servizi vengono svolti.<br><br>Si tratta dunque di uno strumento con cui Caritas diocesana indica a tutti i volontari come riorganizzarsi dopo il lockdown, per essere s\u00ec vicini ai pi\u00f9 fragili, ma nel modo pi\u00f9 sicuro per tutti. Puoi <strong>scaricare gratuitamente il vademecum<\/strong> cliccando sul pulsante qua sotto.<\/p>\r\n\r\n\r\n\r\n<div class=\"wp-block-buttons aligncenter is-layout-flex wp-block-buttons-is-layout-flex\">\r\n<div class=\"wp-block-button is-style-fill\"><a class=\"wp-block-button__link has-very-light-gray-color has-text-color has-background\" href=\"https:\/\/www.diocesilucca.it\/caritas\/wp-content\/uploads\/sites\/10\/2020\/05\/Vademecum-per-la-riapertura-22-05-20.pdf\" style=\"border-radius:50px;background-color:#29721e\" target=\"_blank\" rel=\"https:\/\/www.diocesilucca.it\/caritas\/wp-content\/uploads\/sites\/10\/2020\/05\/Vademecum-per-la-riapertura-22-05-20.pdf noopener noreferrer\"><strong>SCARICA GRATUITAMENTE IL VADEMECUM<\/strong><\/a><\/div>\r\n<\/div>\r\n\r\n\r\n\r\n<p><\/p>\r\n","protected":false},"excerpt":{"rendered":"<p>In concomitanza con la ripartenza dei servizi Caritas che le varie parrocchie offrono nel territorio, Caritas diocesana ha sviluppato un documento che accompagner\u00e0 i volontari nella riorganizzazione delle attivit\u00e0. Partendo dai protocolli emanati dal Governo e dall&#8217;OMS, il Vademecum per la riapertura mette in chiaro&#8230;<\/p>\n","protected":false},"author":7,"featured_media":994,"comment_status":"closed","ping_status":"closed","sticky":false,"template":"","format":"standard","meta":{"footnotes":""},"categories":[8],"tags":[],"class_list":["post-993","post","type-post","status-publish","format-standard","has-post-thumbnail","hentry","category-covid19"],"_links":{"self":[{"href":"https:\/\/www.diocesilucca.it\/caritas\/wp-json\/wp\/v2\/posts\/993","targetHints":{"allow":["GET"]}}],"collection":[{"href":"https:\/\/www.diocesilucca.it\/caritas\/wp-json\/wp\/v2\/posts"}],"about":[{"href":"https:\/\/www.diocesilucca.it\/caritas\/wp-json\/wp\/v2\/types\/post"}],"author":[{"embeddable":true,"href":"https:\/\/www.diocesilucca.it\/caritas\/wp-json\/wp\/v2\/users\/7"}],"replies":[{"embeddable":true,"href":"https:\/\/www.diocesilucca.it\/caritas\/wp-json\/wp\/v2\/comments?post=993"}],"version-history":[{"count":9,"href":"https:\/\/www.diocesilucca.it\/caritas\/wp-json\/wp\/v2\/posts\/993\/revisions"}],"predecessor-version":[{"id":1027,"href":"https:\/\/www.diocesilucca.it\/caritas\/wp-json\/wp\/v2\/posts\/993\/revisions\/1027"}],"wp:featuredmedia":[{"embeddable":true,"href":"https:\/\/www.diocesilucca.it\/caritas\/wp-json\/wp\/v2\/media\/994"}],"wp:attachment":[{"href":"https:\/\/www.diocesilucca.it\/caritas\/wp-json\/wp\/v2\/media?parent=993"}],"wp:term":[{"taxonomy":"category","embeddable":true,"href":"https:\/\/www.diocesilucca.it\/caritas\/wp-json\/wp\/v2\/categories?post=993"},{"taxonomy":"post_tag","embeddable":true,"href":"https:\/\/www.diocesilucca.it\/caritas\/wp-json\/wp\/v2\/tags?post=993"}],"curies":[{"name":"wp","href":"https:\/\/api.w.org\/{rel}","templated":true}]}}