{"id":650,"date":"2020-04-01T10:00:00","date_gmt":"2020-04-01T08:00:00","guid":{"rendered":"https:\/\/www.diocesilucca.it\/caritas\/?p=650"},"modified":"2020-04-28T09:05:06","modified_gmt":"2020-04-28T07:05:06","slug":"la-chiesa-del-varignano-rinasce","status":"publish","type":"post","link":"https:\/\/www.diocesilucca.it\/caritas\/2020\/04\/01\/la-chiesa-del-varignano-rinasce\/","title":{"rendered":"CaritasPrint: un aiuto per chi non pu\u00f2 stampare"},"content":{"rendered":"\r\n<p>Ora che le scuole funzionano solo con la <strong>didattica a distanza<\/strong>, uno dei problemi che alcune famiglie potrebbero riscontrare riguarda lo stampare in autonomia il materiale inviato dalla scuola. Caritas diocesana lancia quindi <strong>CaritasPrint<\/strong>, un servizio per venire incontro alle famiglie pi\u00f9 in difficolt\u00e0: quando non \u00e8 possibile fare diversamente, <strong>sar\u00e0 Caritas stessa a stampare e consegnare gratuitamente a domicilio<\/strong> il materiale necessario. Il servizio \u00e8 attivo su <strong>tutta la diocesi<\/strong>, quindi anche in Versilia e nella Valle del Serchio: per farne richiesta sar\u00e0 sufficiente chiamare il numero 0583430961.<\/p>\r\n","protected":false},"excerpt":{"rendered":"<p>Ora che le scuole funzionano solo con la didattica a distanza, uno dei problemi che alcune famiglie potrebbero riscontrare riguarda lo stampare in autonomia il materiale inviato dalla scuola. Caritas diocesana lancia quindi CaritasPrint, un servizio per venire incontro alle famiglie pi\u00f9 in difficolt\u00e0: quando&#8230;<\/p>\n","protected":false},"author":7,"featured_media":860,"comment_status":"closed","ping_status":"closed","sticky":false,"template":"","format":"standard","meta":{"footnotes":""},"categories":[8,10,5,9],"tags":[],"class_list":["post-650","post","type-post","status-publish","format-standard","has-post-thumbnail","hentry","category-covid19","category-didattica-a-distanza","category-giovani","category-scuola"],"_links":{"self":[{"href":"https:\/\/www.diocesilucca.it\/caritas\/wp-json\/wp\/v2\/posts\/650","targetHints":{"allow":["GET"]}}],"collection":[{"href":"https:\/\/www.diocesilucca.it\/caritas\/wp-json\/wp\/v2\/posts"}],"about":[{"href":"https:\/\/www.diocesilucca.it\/caritas\/wp-json\/wp\/v2\/types\/post"}],"author":[{"embeddable":true,"href":"https:\/\/www.diocesilucca.it\/caritas\/wp-json\/wp\/v2\/users\/7"}],"replies":[{"embeddable":true,"href":"https:\/\/www.diocesilucca.it\/caritas\/wp-json\/wp\/v2\/comments?post=650"}],"version-history":[{"count":3,"href":"https:\/\/www.diocesilucca.it\/caritas\/wp-json\/wp\/v2\/posts\/650\/revisions"}],"predecessor-version":[{"id":868,"href":"https:\/\/www.diocesilucca.it\/caritas\/wp-json\/wp\/v2\/posts\/650\/revisions\/868"}],"wp:featuredmedia":[{"embeddable":true,"href":"https:\/\/www.diocesilucca.it\/caritas\/wp-json\/wp\/v2\/media\/860"}],"wp:attachment":[{"href":"https:\/\/www.diocesilucca.it\/caritas\/wp-json\/wp\/v2\/media?parent=650"}],"wp:term":[{"taxonomy":"category","embeddable":true,"href":"https:\/\/www.diocesilucca.it\/caritas\/wp-json\/wp\/v2\/categories?post=650"},{"taxonomy":"post_tag","embeddable":true,"href":"https:\/\/www.diocesilucca.it\/caritas\/wp-json\/wp\/v2\/tags?post=650"}],"curies":[{"name":"wp","href":"https:\/\/api.w.org\/{rel}","templated":true}]}}