{"id":65,"date":"2020-04-02T10:00:00","date_gmt":"2020-04-02T08:00:00","guid":{"rendered":"http:\/\/localhost:8999\/?p=1"},"modified":"2020-05-13T10:52:50","modified_gmt":"2020-05-13T08:52:50","slug":"hello-world","status":"publish","type":"post","link":"https:\/\/www.diocesilucca.it\/caritas\/2020\/04\/02\/hello-world\/","title":{"rendered":"#ciaocomestai: vicinanza telefonica ai tempi del Covid-19"},"content":{"rendered":"\r\n<p>E dopo CaritasPrint, ecco anche <strong>#ciaocomestai<\/strong>, il nuovo servizio che Caritas diocesana lancia per portare una voce amica nelle case di chi \u00e8 pi\u00f9 solo in questo periodo di lockdown e isolamento forzato. Chi ne fa richiesta, potr\u00e0 essere <strong>raggiunto telefonicamente da un operatore con il quale conversare<\/strong>. Il servizio \u00e8 rivolto a chi ha un problema quotidiano che non riesce a risolvere, ha paura o anche semplicemente si sente solo e ha <strong>bisogno di essere ascoltato<\/strong>. Per attivare #ciaocomestai basta chiamare il numero 0583430961.<\/p>\r\n","protected":false},"excerpt":{"rendered":"<p>E dopo CaritasPrint, ecco anche #ciaocomestai, il nuovo servizio che Caritas diocesana lancia per portare una voce amica nelle case di chi \u00e8 pi\u00f9 solo in questo periodo di lockdown e isolamento forzato. Chi ne fa richiesta, potr\u00e0 essere raggiunto telefonicamente da un operatore con&#8230;<\/p>\n","protected":false},"author":7,"featured_media":869,"comment_status":"closed","ping_status":"closed","sticky":false,"template":"","format":"standard","meta":{"footnotes":""},"categories":[11,8],"tags":[],"class_list":["post-65","post","type-post","status-publish","format-standard","has-post-thumbnail","hentry","category-ascolto","category-covid19"],"_links":{"self":[{"href":"https:\/\/www.diocesilucca.it\/caritas\/wp-json\/wp\/v2\/posts\/65","targetHints":{"allow":["GET"]}}],"collection":[{"href":"https:\/\/www.diocesilucca.it\/caritas\/wp-json\/wp\/v2\/posts"}],"about":[{"href":"https:\/\/www.diocesilucca.it\/caritas\/wp-json\/wp\/v2\/types\/post"}],"author":[{"embeddable":true,"href":"https:\/\/www.diocesilucca.it\/caritas\/wp-json\/wp\/v2\/users\/7"}],"replies":[{"embeddable":true,"href":"https:\/\/www.diocesilucca.it\/caritas\/wp-json\/wp\/v2\/comments?post=65"}],"version-history":[{"count":3,"href":"https:\/\/www.diocesilucca.it\/caritas\/wp-json\/wp\/v2\/posts\/65\/revisions"}],"predecessor-version":[{"id":870,"href":"https:\/\/www.diocesilucca.it\/caritas\/wp-json\/wp\/v2\/posts\/65\/revisions\/870"}],"wp:featuredmedia":[{"embeddable":true,"href":"https:\/\/www.diocesilucca.it\/caritas\/wp-json\/wp\/v2\/media\/869"}],"wp:attachment":[{"href":"https:\/\/www.diocesilucca.it\/caritas\/wp-json\/wp\/v2\/media?parent=65"}],"wp:term":[{"taxonomy":"category","embeddable":true,"href":"https:\/\/www.diocesilucca.it\/caritas\/wp-json\/wp\/v2\/categories?post=65"},{"taxonomy":"post_tag","embeddable":true,"href":"https:\/\/www.diocesilucca.it\/caritas\/wp-json\/wp\/v2\/tags?post=65"}],"curies":[{"name":"wp","href":"https:\/\/api.w.org\/{rel}","templated":true}]}}