{"id":2695,"date":"2025-09-11T18:00:00","date_gmt":"2025-09-11T16:00:00","guid":{"rendered":"https:\/\/www.diocesilucca.it\/caritas\/?p=2695"},"modified":"2025-09-15T17:22:25","modified_gmt":"2025-09-15T15:22:25","slug":"riparte-la-lol-ecco-gli-open-days","status":"publish","type":"post","link":"https:\/\/www.diocesilucca.it\/caritas\/2025\/09\/11\/riparte-la-lol-ecco-gli-open-days\/","title":{"rendered":"Riparte la LOL, ecco gli open days"},"content":{"rendered":"\n<p class=\"has-black-color has-text-color has-link-color wp-elements-6a6bd03ad7729e67093017ba4527b160\"><strong>Riparte la LOL<\/strong> e in Caritas siamo davvero felici. La LOL \u00e8 un\u2019orchestra per bambini e ragazzi dai 6 ai 16 anni dove si impara a fare musica suonando, da subito, tutti insieme. Se hai figli o nipoti che possono essere interessati, proponi loro di venire a fare una prova gratuita durante gli open days.<br><br>Gli<strong> open days<\/strong> si terranno dalle ore 16.00 alle ore 18.00:<br>\u2022\u2060 \u2060mercoled\u00ec 24\/9 a San Marco, presso le stanze parrocchiali in Via delle Ville Prima 36, a Lucca;<br>\u2022\u2060 \u2060gioved\u00ec 25\/9 a San Concordio, presso le stanze parrocchiali in Via Guidiccioni 74, a Lucca;<br>\u2022\u2060 \u2060venerd\u00ec 26\/9 in Centro Storico a Lucca, in Via San Tommaso 17;<br>\u2022\u2060 \u2060luned\u00ec 29\/9 a Sant\u2019Anna, presso l\u2019Oratorio Giovanni Paolo II in Via Fratelli Cervi, a Lucca;<br>\u2022\u2060 \u2060marted\u00ec 30\/9 a San Concordio, presso le stanze parrocchiali in Via Guidiccioni 74, a Lucca;<br>\u2022\u2060 \u2060marted\u00ec 30\/9 alla Migliarina, presso l\u2019oratorio in Via Bartoletti 7, a Viareggio.<br><br>A seguire, cominceranno i <strong>corsi<\/strong>, che si terranno dalle 15.30 alle 19.00<br>\u2022\u2060 \u2060a Sant\u2019Anna il luned\u00ec;<br>\u2022\u2060 \u2060alla Migliarina il marted\u00ec;<br>\u2022\u2060 \u2060a San Concordio il marted\u00ec e il gioved\u00ec;<br>\u2022\u2060 \u2060a San Marco il mercoled\u00ec;<br>\u2022\u2060 \u2060in Centro Storico il venerd\u00ec.<br><br>Chi si trova in una situazione di fragilit\u00e0 economica, potr\u00e0 frequentare gratuitamente facendo richiesta a Caritas.<br><br>Per ricevere ulteriori informazioni, contatta:<br>0583 1387542<br>info@tempodimusica.lu.it<br><br>LOL Laboratorio Orchestrale Lucchese Fratel Arturo Paoli che nasce dalla collaborazione tra la Caritas diocesana di Lucca e l\u2019Associazione Tempo di Musica. \u00c8 un\u2019iniziativa di contrasto alla povert\u00e0 educativa attraverso l\u2019insegnamento della musica di insieme, che a breve celebrer\u00e0 i suoi primi 10 anni di attivit\u00e0.<\/p>\n","protected":false},"excerpt":{"rendered":"<p>Riparte la LOL e in Caritas siamo davvero felici. La LOL \u00e8 un\u2019orchestra per bambini e ragazzi dai 6 ai 16 anni dove si impara a fare musica suonando, da subito, tutti insieme. Se hai figli o nipoti che possono essere interessati, proponi loro di&#8230;<\/p>\n","protected":false},"author":244,"featured_media":2696,"comment_status":"closed","ping_status":"closed","sticky":false,"template":"","format":"standard","meta":{"footnotes":""},"categories":[13,78,29,44],"tags":[],"class_list":["post-2695","post","type-post","status-publish","format-standard","has-post-thumbnail","hentry","category-bambini","category-comunita","category-musica","category-poverta"],"_links":{"self":[{"href":"https:\/\/www.diocesilucca.it\/caritas\/wp-json\/wp\/v2\/posts\/2695","targetHints":{"allow":["GET"]}}],"collection":[{"href":"https:\/\/www.diocesilucca.it\/caritas\/wp-json\/wp\/v2\/posts"}],"about":[{"href":"https:\/\/www.diocesilucca.it\/caritas\/wp-json\/wp\/v2\/types\/post"}],"author":[{"embeddable":true,"href":"https:\/\/www.diocesilucca.it\/caritas\/wp-json\/wp\/v2\/users\/244"}],"replies":[{"embeddable":true,"href":"https:\/\/www.diocesilucca.it\/caritas\/wp-json\/wp\/v2\/comments?post=2695"}],"version-history":[{"count":1,"href":"https:\/\/www.diocesilucca.it\/caritas\/wp-json\/wp\/v2\/posts\/2695\/revisions"}],"predecessor-version":[{"id":2697,"href":"https:\/\/www.diocesilucca.it\/caritas\/wp-json\/wp\/v2\/posts\/2695\/revisions\/2697"}],"wp:featuredmedia":[{"embeddable":true,"href":"https:\/\/www.diocesilucca.it\/caritas\/wp-json\/wp\/v2\/media\/2696"}],"wp:attachment":[{"href":"https:\/\/www.diocesilucca.it\/caritas\/wp-json\/wp\/v2\/media?parent=2695"}],"wp:term":[{"taxonomy":"category","embeddable":true,"href":"https:\/\/www.diocesilucca.it\/caritas\/wp-json\/wp\/v2\/categories?post=2695"},{"taxonomy":"post_tag","embeddable":true,"href":"https:\/\/www.diocesilucca.it\/caritas\/wp-json\/wp\/v2\/tags?post=2695"}],"curies":[{"name":"wp","href":"https:\/\/api.w.org\/{rel}","templated":true}]}}