{"id":2664,"date":"2025-05-19T11:58:17","date_gmt":"2025-05-19T09:58:17","guid":{"rendered":"https:\/\/www.diocesilucca.it\/caritas\/?p=2664"},"modified":"2025-05-19T11:58:17","modified_gmt":"2025-05-19T09:58:17","slug":"piccoli-passi-possibili-un-libro-per-celebrare-i-50-anni-di-caritas-lucca-e-leggere-la-poverta-oggi","status":"publish","type":"post","link":"https:\/\/www.diocesilucca.it\/caritas\/2025\/05\/19\/piccoli-passi-possibili-un-libro-per-celebrare-i-50-anni-di-caritas-lucca-e-leggere-la-poverta-oggi\/","title":{"rendered":"Piccoli passi possibili: un libro per celebrare i 50 anni di Caritas Lucca e leggere la povert\u00e0 oggi"},"content":{"rendered":"\n<p class=\"has-black-color has-text-color has-link-color wp-elements-40ee7cc39ec035df2f5739e6e6e6bf8d\"><strong>In occasione dei 50 anni dalla fondazione della Caritas Diocesana di Lucca<\/strong> \u2013 nata nel 1974, tre anni dopo la costituzione di Caritas Italiana<strong> \u2013 viene presentato un volume, \u00abPiccoli passi possibili\u00bb (edito da Maria Pacini Fazzi)<\/strong>, che ne ricorda il cammino e ne rilancia il senso profondo di servizio. \u00abIn una societ\u00e0 povera di speranza \u2013 <strong>scrive nella prefazione l\u2019arcivescovo di Lucca, Paolo Giulietti<\/strong> \u2013 l\u2019azione della Caritas, in questi primi 50 anni di servizio, \u00e8 sempre stata ispirata da questa visione: ci\u00f2 che conta non \u00e8 risolvere gli infiniti problemi che ci si trova ad affrontare, ma affiancarsi alle persone per produrre segni che inducano a guardare al futuro con la convinzione che darsi da fare sia sensato e possibile\u00bb.<br><br><strong>Nell\u2019introduzione al volume, il direttore della Caritas di Lucca, don Simone Giuli, spiega<\/strong>: \u00abAbbiamo scelto di intitolare questo lavoro \u201cPiccoli passi possibili\u201d, espressione cara alla Serva di Dio Chiara Corbella Petrillo. Lei utilizzava queste parole per descrivere un cammino di fede nella relazione. Noi prendiamo in prestito questa felice locuzione per raccontare con semplicit\u00e0 e concretezza lo stile di Caritas e di chi fa servizio\u00bb. Dunque, \u00abPiccoli passi possibili\u00bb raccoglie parte del patrimonio maturato nel tempo, anche grazie alla produzione annuale dei \u00abDossier su povert\u00e0 e risorse\u00bb, diventati riferimento costante per volontari, operatori, istituzioni e cittadini. <strong>L\u2019intero volume \u00e8 la testimonianza viva dei cambiamenti sociali, ma anche della concreta trama di prossimit\u00e0, accompagnamento e dignit\u00e0 che \u00e8 stata costruita attraverso l\u2019ascolto e la relazione. Infine, si pone come punto di partenza per continuare a generare speranza, giustizia e comunit\u00e0<\/strong>.<\/p>\n\n\n<div class=\"wp-block-image\">\n<figure class=\"aligncenter size-large\"><img loading=\"lazy\" decoding=\"async\" width=\"1024\" height=\"1024\" src=\"https:\/\/www.diocesilucca.it\/caritas\/wp-content\/uploads\/sites\/10\/2025\/05\/Piccoli-Passi-Possibili-1x1-1-1024x1024.jpg\" alt=\"\" class=\"wp-image-2657\" srcset=\"https:\/\/www.diocesilucca.it\/caritas\/wp-content\/uploads\/sites\/10\/2025\/05\/Piccoli-Passi-Possibili-1x1-1-1024x1024.jpg 1024w, https:\/\/www.diocesilucca.it\/caritas\/wp-content\/uploads\/sites\/10\/2025\/05\/Piccoli-Passi-Possibili-1x1-1-300x300.jpg 300w, https:\/\/www.diocesilucca.it\/caritas\/wp-content\/uploads\/sites\/10\/2025\/05\/Piccoli-Passi-Possibili-1x1-1-150x150.jpg 150w, https:\/\/www.diocesilucca.it\/caritas\/wp-content\/uploads\/sites\/10\/2025\/05\/Piccoli-Passi-Possibili-1x1-1-768x768.jpg 768w, https:\/\/www.diocesilucca.it\/caritas\/wp-content\/uploads\/sites\/10\/2025\/05\/Piccoli-Passi-Possibili-1x1-1-1536x1536.jpg 1536w, https:\/\/www.diocesilucca.it\/caritas\/wp-content\/uploads\/sites\/10\/2025\/05\/Piccoli-Passi-Possibili-1x1-1-550x550.jpg 550w, https:\/\/www.diocesilucca.it\/caritas\/wp-content\/uploads\/sites\/10\/2025\/05\/Piccoli-Passi-Possibili-1x1-1-1000x1000.jpg 1000w\" sizes=\"auto, (max-width: 1024px) 100vw, 1024px\" \/><\/figure>\n<\/div>\n\n\n<div style=\"height:30px\" aria-hidden=\"true\" class=\"wp-block-spacer\"><\/div>\n\n\n\n<p class=\"has-black-color has-text-color has-link-color wp-elements-f7186a3f41982bb28c8ec60113c44b32\">Il primo capitolo offre un inquadramento sulle povert\u00e0 e disuguaglianze emerse nell\u2019ultimo quindicennio, analizzando i dati raccolti nei CdA. Il secondo si concentra sulle povert\u00e0 minorili, economiche ed educative, approfondendo sfide e interventi nel territorio della Diocesi. Il terzo capitolo d\u00e0 voce ai progetti concreti avviati dalla Caritas: iniziative che raccontano il passaggio dalla lettura dei bisogni all\u2019attivazione di risposte condivise. <strong>Il quarto capitolo restituisce infine una fotografia aggiornata della povert\u00e0 nel 2024<\/strong> \u2013 grazie ai 32 Centri di Ascolto (CdA), 2 empori e 5 associazioni \u2013 evidenziando le risorse mobilitate, le reti coinvolte e le prospettive future.<\/p>\n\n\n\n<div style=\"height:30px\" aria-hidden=\"true\" class=\"wp-block-spacer\"><\/div>\n\n\n\n<h2 class=\"wp-block-heading\"><strong>L\u2019analisi 2024: dati, volti e storie di povert\u00e0<\/strong><\/h2>\n\n\n\n<p class=\"has-black-color has-text-color has-link-color wp-elements-ec74d1780d06f3365427e6914e9efc05\">Nel 2024, i CdA dell\u2019Arcidiocesi di Lucca hanno accolto 2.601 persone, segnando il dato pi\u00f9 alto dalla loro apertura. Rispetto al 2023 si \u00e8 registrato un incremento di 129 unit\u00e0. Ogni persona rappresenta spesso un intero nucleo familiare: l\u2019aiuto offerto coinvolge anche figli, anziani e conviventi, spesso in condizioni di grave deprivazione materiale. La maggior parte vive in povert\u00e0 assoluta e affronta situazioni croniche di precariet\u00e0 abitativa, lavorativa o sanitaria. Un dato significativo \u00e8 l\u2019aumento di persone che ricevono supporto da due anni o pi\u00f9, con solo il 23,3% di utenti accolti per la prima volta nel 2024: un segnale della difficolt\u00e0 nel riconquistare un\u2019autonomia stabile. <strong>Analizzando la distribuzione territoriale<\/strong>, emerge che il 68,8% delle richieste proviene dall\u2019area di Lucca e della Piana, il 22,6% dalla Versilia e l\u20198,5% dalla Valle del Serchio. Le fasce d\u2019et\u00e0 prevalenti variano tra i territori: dai 35-44 anni nella Piana e Versilia, ai 45-54 nella Valle del Serchio. Un quadro che invita a calibrare risposte e interventi in base alle specifiche caratteristiche locali.<br><br><strong>Il profilo delle persone accolte \u00e8 oggi pi\u00f9 variegato rispetto al passato<\/strong>. Circa il 50% \u00e8 di cittadinanza italiana e una persona su due e di sesso maschile, segnando una rottura con gli stereotipi passati. Significativo \u00e8 il fenomeno dei \u00abnuovi poveri\u00bb: adulti che per la prima volta si trovano in difficolt\u00e0 economiche, spesso a seguito della perdita del lavoro o dell\u2019aumento dei costi della vita. Le donne e i giovani lavoratori, specie se impegnati in occupazioni precarie o non tutelate, sono tra i pi\u00f9 colpiti. La fascia d\u2019et\u00e0 pi\u00f9 rappresentata resta quella tra i 25 e i 54 anni, con una forte incidenza di richieste da parte di persone con responsabilit\u00e0 familiari.<br><br><strong>Anche i dati dell&#8217;ultimo anno mettono in luce come le persone migranti siano esposte in misura maggiore alla povert\u00e0, con difficolt\u00e0 d\u2019accesso all\u2019abitazione, al lavoro stabile e alle cure sanitarie<\/strong>. I pi\u00f9 presenti sono cittadini marocchini, seguiti da persone provenienti dall\u2019Est Europa e dall\u2019Asia. Le famiglie con figli, cos\u00ec come le persone sole senza reti di supporto, sono tra le categorie pi\u00f9 fragili.<strong> Quasi la met\u00e0 delle persone accolte non vive da sola<\/strong>. Molti vivono con figli: il 15,7% ha due figli e il 22,7% tre o pi\u00f9. Allo stesso tempo cresce anche la quota di persone sole, soprattutto anziani con patologie croniche. Il 37,1% degli italiani accolti vive da solo. In generale, persiste una forte incidenza della povert\u00e0 tra i nuclei monogenitoriali e nelle famiglie di recente formazione colpite da mutamenti improvvisi, come la perdita del lavoro o la riduzione del reddito. La fragilit\u00e0 abitativa \u00e8 una delle questioni pi\u00f9 critiche. Solo il 9,3% degli utenti ha una casa di propriet\u00e0; molti vivono in affitto, in edilizia popolare o in condizioni di precariet\u00e0 estrema. L\u2019accesso a un\u2019abitazione dignitosa resta un nodo irrisolto.<br><br><strong>Anche l\u2019istruzione si conferma fattore determinante nel rischio di povert\u00e0<\/strong>: il 21% degli assistiti ha solo la licenza elementare e circa il 50% si \u00e8 fermato alla scuola media. Tra gli stranieri, i titoli di studio ottenuti nei paesi d\u2019origine non sempre sono riconosciuti, limitando l\u2019accesso a impieghi qualificati. <strong>Il lavoro, infine, non \u00e8 pi\u00f9 garanzia di sicurezza<\/strong>: il 62,4% delle persone accolte \u00e8 disoccupato. Tra chi lavora, molti sono impiegati in attivit\u00e0 precarie, temporanee o in nero. La povert\u00e0 tra i lavoratori \u2013 in-work poverty \u2013 \u00e8 una realt\u00e0 concreta: nel territorio diocesano interessa il 27,5% degli stranieri e il 18,4% degli italiani che si rivolgono alla Caritas.<\/p>\n\n\n\n<div class=\"wp-block-buttons is-content-justification-center is-layout-flex wp-container-core-buttons-is-layout-16018d1d wp-block-buttons-is-layout-flex\">\n<div class=\"wp-block-button\"><a class=\"wp-block-button__link has-white-color has-vivid-green-cyan-background-color has-text-color has-background has-link-color has-text-align-center wp-element-button\" href=\"https:\/\/www.diocesilucca.it\/caritas\/wp-content\/uploads\/sites\/10\/2025\/05\/Piccoli-passi-possibili.pdf\"><strong>LEGGI IL LIBRO<\/strong><\/a><\/div>\n<\/div>\n\n\n\n<p><\/p>\n","protected":false},"excerpt":{"rendered":"<p>In occasione dei 50 anni dalla fondazione della Caritas Diocesana di Lucca \u2013 nata nel 1974, tre anni dopo la costituzione di Caritas Italiana \u2013 viene presentato un volume, \u00abPiccoli passi possibili\u00bb (edito da Maria Pacini Fazzi), che ne ricorda il cammino e ne rilancia&#8230;<\/p>\n","protected":false},"author":244,"featured_media":2665,"comment_status":"closed","ping_status":"closed","sticky":false,"template":"","format":"standard","meta":{"footnotes":""},"categories":[11,78,30,44,40,45],"tags":[],"class_list":["post-2664","post","type-post","status-publish","format-standard","has-post-thumbnail","hentry","category-ascolto","category-comunita","category-eventi","category-poverta","category-pubblicazioni","category-rapporto"],"_links":{"self":[{"href":"https:\/\/www.diocesilucca.it\/caritas\/wp-json\/wp\/v2\/posts\/2664","targetHints":{"allow":["GET"]}}],"collection":[{"href":"https:\/\/www.diocesilucca.it\/caritas\/wp-json\/wp\/v2\/posts"}],"about":[{"href":"https:\/\/www.diocesilucca.it\/caritas\/wp-json\/wp\/v2\/types\/post"}],"author":[{"embeddable":true,"href":"https:\/\/www.diocesilucca.it\/caritas\/wp-json\/wp\/v2\/users\/244"}],"replies":[{"embeddable":true,"href":"https:\/\/www.diocesilucca.it\/caritas\/wp-json\/wp\/v2\/comments?post=2664"}],"version-history":[{"count":4,"href":"https:\/\/www.diocesilucca.it\/caritas\/wp-json\/wp\/v2\/posts\/2664\/revisions"}],"predecessor-version":[{"id":2673,"href":"https:\/\/www.diocesilucca.it\/caritas\/wp-json\/wp\/v2\/posts\/2664\/revisions\/2673"}],"wp:featuredmedia":[{"embeddable":true,"href":"https:\/\/www.diocesilucca.it\/caritas\/wp-json\/wp\/v2\/media\/2665"}],"wp:attachment":[{"href":"https:\/\/www.diocesilucca.it\/caritas\/wp-json\/wp\/v2\/media?parent=2664"}],"wp:term":[{"taxonomy":"category","embeddable":true,"href":"https:\/\/www.diocesilucca.it\/caritas\/wp-json\/wp\/v2\/categories?post=2664"},{"taxonomy":"post_tag","embeddable":true,"href":"https:\/\/www.diocesilucca.it\/caritas\/wp-json\/wp\/v2\/tags?post=2664"}],"curies":[{"name":"wp","href":"https:\/\/api.w.org\/{rel}","templated":true}]}}