{"id":2608,"date":"2024-12-20T22:09:20","date_gmt":"2024-12-20T21:09:20","guid":{"rendered":"https:\/\/www.diocesilucca.it\/caritas\/?p=2608"},"modified":"2024-12-28T09:49:39","modified_gmt":"2024-12-28T08:49:39","slug":"creuza-de-ma-in-tour-mauro-pagani-in-concerto","status":"publish","type":"post","link":"https:\/\/www.diocesilucca.it\/caritas\/2024\/12\/20\/creuza-de-ma-in-tour-mauro-pagani-in-concerto\/","title":{"rendered":"CR\u00caUZA DE M\u00c4 IN TOUR \u2013 Mauro Pagani in concerto"},"content":{"rendered":"\n<p class=\"has-black-color has-text-color has-link-color wp-elements-be590ac79cac3b9d29a308c7d166d03f\">Concludiamo le celebrazioni per il cinquantesimo anniversario di Caritas Lucca, con un evento da ricordare. Abbiamo scelto la bellezza e l&#8217;arte per chiudere questo percorso e abbiamo voluto che fosse un momento condiviso con la citt\u00e0. <\/p>\n\n\n\n<p class=\"has-black-color has-text-color has-link-color wp-elements-8b152795c1c63797fe7c760b14050e2e\">Mercoled\u00ec 22 Gennaio alle 21:15 sul palco del Teatro del Giglio salir\u00e0 Mauro Pagani, un gigante della musica d&#8217;autore italiana, ex membro della PFM e autore, insieme a Fabrizio De Andr\u00e8, di album che hanno fatto la storia della nostra musica. E proprio uno di questi grandi album, CR\u00caUZA DE M\u00c4, sar\u00e0 il protagonista dello spettacolo: a distanza di 40 anni dalla sua pubblicazione, Pagani riproporr\u00e0 i pezzi di cui \u00e8 coautore, accompagnato da 10 musicisti provenienti da vari paesi del mondo. <\/p>\n\n\n\n<p class=\"has-black-color has-text-color has-link-color wp-elements-e43a2c42a8c48f5bc768eadff621c80a\">Il concerto sar\u00e0 anche un momento di sensibilizzazione della comunit\u00e0 in particolare sul tema della povert\u00e0 alimentare. <strong>L\u2019ingresso sar\u00e0 ad offerta e l\u2019intero ricavato sar\u00e0 destinato a sostenere i progetti di contrasto alla povert\u00e0 alimentare<\/strong> che la Caritas coordina sul territorio diocesano e che accompagnano circa 1400 famiglie. <\/p>\n\n\n\n<p class=\"has-black-color has-text-color has-link-color wp-elements-e04ce582f78d2d27100ea74b0b8fe65d\">Sono <strong>aperte<\/strong> le <strong>prenotazioni<\/strong>.<\/p>\n\n\n\n<p class=\"has-black-color has-text-color has-link-color wp-elements-15c545211f0400a2b1357c4804cb628d\"><img loading=\"lazy\" decoding=\"async\" height=\"16\" width=\"16\" src=\"https:\/\/static.xx.fbcdn.net\/images\/emoji.php\/v9\/tac\/1\/16\/1f4cc.png\" alt=\"\ud83d\udccc\">Se vuoi richiedere il tuo biglietto, clicca qui: <\/p>\n\n\n\n<div class=\"wp-block-buttons is-content-justification-center is-layout-flex wp-container-core-buttons-is-layout-16018d1d wp-block-buttons-is-layout-flex\" style=\"text-transform:capitalize\">\n<div class=\"wp-block-button\"><a class=\"wp-block-button__link has-black-color has-pale-cyan-blue-background-color has-text-color has-background has-link-color wp-element-button\" href=\"https:\/\/forms.gle\/3VYcmgNhr5Bg7sje7\">richiedi il tuo biglietto<\/a><\/div>\n<\/div>\n\n\n\n<p class=\"has-black-color has-text-color has-link-color wp-elements-11d2baf9f660c682dc38dd0d9c2bb766\">Se vuoi <strong>informazioni<\/strong>:<br><img loading=\"lazy\" decoding=\"async\" height=\"16\" width=\"16\" src=\"https:\/\/static.xx.fbcdn.net\/images\/emoji.php\/v9\/t22\/1\/16\/260e.png\" alt=\"\u260e\"> 0583430938<br><img loading=\"lazy\" decoding=\"async\" height=\"16\" width=\"16\" src=\"https:\/\/static.xx.fbcdn.net\/images\/emoji.php\/v9\/tbe\/1\/16\/1f4e7.png\" alt=\"\ud83d\udce7\"> infoconcertopagani@gmail.com<\/p>\n\n\n\n<p class=\"has-black-color has-text-color has-link-color wp-elements-5257eba3fbbbc5a600528836bd847504\">Se vuoi sapere qualcosa in pi\u00f9 sulla carriera di Mauro Pagani, scarica una sua <a href=\"https:\/\/www.diocesilucca.it\/caritas\/wp-content\/uploads\/sites\/10\/2024\/12\/BIOGRAFIA-PAGANI.pdf\"><strong>breve biografia<\/strong>.<\/a><\/p>\n\n\n\n<p class=\"has-black-color has-text-color has-link-color wp-elements-bfc48396da44d453b2bbcea4e9c928aa\"><br><\/p>\n\n\n\n<figure class=\"wp-block-image size-large\"><img loading=\"lazy\" decoding=\"async\" width=\"819\" height=\"1024\" src=\"https:\/\/www.diocesilucca.it\/caritas\/wp-content\/uploads\/sites\/10\/2024\/12\/pagani-819x1024.jpg\" alt=\"\" class=\"wp-image-2607\" srcset=\"https:\/\/www.diocesilucca.it\/caritas\/wp-content\/uploads\/sites\/10\/2024\/12\/pagani-819x1024.jpg 819w, https:\/\/www.diocesilucca.it\/caritas\/wp-content\/uploads\/sites\/10\/2024\/12\/pagani-240x300.jpg 240w, https:\/\/www.diocesilucca.it\/caritas\/wp-content\/uploads\/sites\/10\/2024\/12\/pagani-768x960.jpg 768w, https:\/\/www.diocesilucca.it\/caritas\/wp-content\/uploads\/sites\/10\/2024\/12\/pagani.jpg 1080w\" sizes=\"auto, (max-width: 819px) 100vw, 819px\" \/><\/figure>\n","protected":false},"excerpt":{"rendered":"<p>Concludiamo le celebrazioni per il cinquantesimo anniversario di Caritas Lucca, con un evento da ricordare. Abbiamo scelto la bellezza e l&#8217;arte per chiudere questo percorso e abbiamo voluto che fosse un momento condiviso con la citt\u00e0. Mercoled\u00ec 22 Gennaio alle 21:15 sul palco del Teatro&#8230;<\/p>\n","protected":false},"author":246,"featured_media":2614,"comment_status":"closed","ping_status":"closed","sticky":false,"template":"","format":"standard","meta":{"footnotes":""},"categories":[30,29,44,61],"tags":[],"class_list":["post-2608","post","type-post","status-publish","format-standard","has-post-thumbnail","hentry","category-eventi","category-musica","category-poverta","category-raccolta-fondi"],"_links":{"self":[{"href":"https:\/\/www.diocesilucca.it\/caritas\/wp-json\/wp\/v2\/posts\/2608","targetHints":{"allow":["GET"]}}],"collection":[{"href":"https:\/\/www.diocesilucca.it\/caritas\/wp-json\/wp\/v2\/posts"}],"about":[{"href":"https:\/\/www.diocesilucca.it\/caritas\/wp-json\/wp\/v2\/types\/post"}],"author":[{"embeddable":true,"href":"https:\/\/www.diocesilucca.it\/caritas\/wp-json\/wp\/v2\/users\/246"}],"replies":[{"embeddable":true,"href":"https:\/\/www.diocesilucca.it\/caritas\/wp-json\/wp\/v2\/comments?post=2608"}],"version-history":[{"count":8,"href":"https:\/\/www.diocesilucca.it\/caritas\/wp-json\/wp\/v2\/posts\/2608\/revisions"}],"predecessor-version":[{"id":2621,"href":"https:\/\/www.diocesilucca.it\/caritas\/wp-json\/wp\/v2\/posts\/2608\/revisions\/2621"}],"wp:featuredmedia":[{"embeddable":true,"href":"https:\/\/www.diocesilucca.it\/caritas\/wp-json\/wp\/v2\/media\/2614"}],"wp:attachment":[{"href":"https:\/\/www.diocesilucca.it\/caritas\/wp-json\/wp\/v2\/media?parent=2608"}],"wp:term":[{"taxonomy":"category","embeddable":true,"href":"https:\/\/www.diocesilucca.it\/caritas\/wp-json\/wp\/v2\/categories?post=2608"},{"taxonomy":"post_tag","embeddable":true,"href":"https:\/\/www.diocesilucca.it\/caritas\/wp-json\/wp\/v2\/tags?post=2608"}],"curies":[{"name":"wp","href":"https:\/\/api.w.org\/{rel}","templated":true}]}}