{"id":2569,"date":"2024-12-10T13:05:00","date_gmt":"2024-12-10T12:05:00","guid":{"rendered":"https:\/\/www.diocesilucca.it\/caritas\/?p=2569"},"modified":"2024-12-10T13:31:38","modified_gmt":"2024-12-10T12:31:38","slug":"natale-2024-tutte-le-iniziative","status":"publish","type":"post","link":"https:\/\/www.diocesilucca.it\/caritas\/2024\/12\/10\/natale-2024-tutte-le-iniziative\/","title":{"rendered":"Natale 2024: tutte le iniziative"},"content":{"rendered":"\n<p class=\"has-black-color has-text-color has-link-color wp-elements-2529f958719bd5ab5c52263a323dff7c\">L&#8217;<strong>Avvento<\/strong> e il <strong>periodo natalizio<\/strong> rappresentano uno dei momenti pi\u00f9 &#8220;caldi&#8221; dell&#8217;anno per quanto riguarda l&#8217;agire di Caritas, anche e soprattutto quest&#8217;anno, considerato che stiamo celebrando i <strong>primi cinquant&#8217;anni della Caritas diocesana di Lucca<\/strong>. Per orientarti tra tutte le iniziative in corso, ti invitiamo a leggere le righe che seguono, in modo da farti un&#8217;idea su cosa anche tu potresti fare in questo momento dell&#8217;anno cos\u00ec speciale. <br><br>Come ogni anno, Caritas diocesana individua un <strong>tema specifico<\/strong> intorno al quale fare diverse proposte di solidariet\u00e0, ma anche animative. Lo fa partendo dall&#8217;ascolto dei bisogni che emergono dalle Comunit\u00e0 e dai servizi attivi su tutto il territorio diocesano. L&#8217;ambito cos\u00ec individuato per questo Avvento 2024 \u00e8 quello della <strong>povert\u00e0 alimentare<\/strong>. Oltre a questo, Caritas da molto tempo cerca di porre un&#8217;attenzione specifica a come queste festivit\u00e0, spesso segnate dal consumismo e da ritmi frenetici, possano invece esprimere <strong>solidariet\u00e0<\/strong> e <strong>giustizia<\/strong> per le persone pi\u00f9 fragili.<br><br>Ecco dunque l&#8217;elenco delle iniziative, ognuna delle quali pu\u00f2 essere approfondita in articoli specifici.<\/p>\n\n\n\n<div style=\"height:20px\" aria-hidden=\"true\" class=\"wp-block-spacer\"><\/div>\n\n\n\n<h2 class=\"wp-block-heading has-black-color has-text-color has-link-color wp-elements-df4bbfe639215bb0e316c0b52e558322\">Colletta dell&#8217;Avvento<\/h2>\n\n\n\n<p class=\"has-black-color has-text-color has-link-color wp-elements-98bc5e24e1ab367fdaf48806d6ad4c12\">Anche quest&#8217;anno potrai partecipare alla <strong>colletta dell&#8217;Avvento<\/strong>, la raccolta animata dalle parrocchie e dalle Comunit\u00e0 attraverso la distribuzione dei tradizionali salvadanai dell&#8217;Avvento di fraternit\u00e0. Per partecipare alla colletta, ti baster\u00e0 ritirare in chiesa o chiedere al tuo parroco il&nbsp;salvadanaio, da restituire a Natale o comunque secondo le modalit\u00e0 indicate dalla tua parrocchia.&nbsp;Caritas diocesana \u00e8 a disposizione <strong>per distribuire gratuitamente alle comunit\u00e0 sia i salvadanai che le locandine<\/strong>&nbsp;da affiggere nelle bacheche delle chiese.<br><br><strong><a href=\"https:\/\/www.diocesilucca.it\/caritas\/2024\/11\/27\/avvento-2024-la-colletta-per-la-poverta-alimentare\/\"><mark style=\"background-color:#ffffff\" class=\"has-inline-color has-vivid-red-color\">Leggi di pi\u00f9 sull&#8217;iniziativa cliccando qui.<\/mark><\/a><\/strong><\/p>\n\n\n\n<figure class=\"wp-block-image size-large\"><img loading=\"lazy\" decoding=\"async\" width=\"1024\" height=\"760\" src=\"https:\/\/www.diocesilucca.it\/caritas\/wp-content\/uploads\/sites\/10\/2024\/11\/Materiale-Avvento-1024x760.jpeg\" alt=\"\" class=\"wp-image-2517\" srcset=\"https:\/\/www.diocesilucca.it\/caritas\/wp-content\/uploads\/sites\/10\/2024\/11\/Materiale-Avvento-1024x760.jpeg 1024w, https:\/\/www.diocesilucca.it\/caritas\/wp-content\/uploads\/sites\/10\/2024\/11\/Materiale-Avvento-300x223.jpeg 300w, https:\/\/www.diocesilucca.it\/caritas\/wp-content\/uploads\/sites\/10\/2024\/11\/Materiale-Avvento-768x570.jpeg 768w, https:\/\/www.diocesilucca.it\/caritas\/wp-content\/uploads\/sites\/10\/2024\/11\/Materiale-Avvento-1536x1140.jpeg 1536w\" sizes=\"auto, (max-width: 1024px) 100vw, 1024px\" \/><\/figure>\n\n\n\n<div style=\"height:20px\" aria-hidden=\"true\" class=\"wp-block-spacer\"><\/div>\n\n\n\n<h2 class=\"wp-block-heading has-black-color has-text-color has-link-color wp-elements-879da2dcd596c0582563b57eb07a0233\">Calendario 2025<\/h2>\n\n\n\n<p class=\"has-black-color has-text-color has-link-color wp-elements-709ad522d79100c8c630dd4e9f61643c\">Il calendario Caritas Lucca 2025 \u00e8 arrivato! Ogni mese racconta <strong>storie di impegno e solidariet\u00e0<\/strong>, con iniziative che, grazie al tuo sostegno, possono continuare a fare la differenza nella vita di molte persone. Acquistando il calendario con <strong>un\u2019offerta libera<\/strong>, contribuirai a finanziare progetti che rispondono ai bisogni di chi \u00e8 in difficolt\u00e0: dal supporto alle famiglie in difficolt\u00e0 economiche, all\u2019accompagnamento di persone vulnerabili, fino alle azioni di accoglienza e assistenza. Ma non \u00e8 solo un calendario, \u00e8 anche <strong>un regalo solidale<\/strong>! Un pensiero che unisce, che porta un messaggio di speranza e di condivisione, perfetto per le festivit\u00e0.<br><br><strong>Come ottenerlo?<\/strong><br>Vieni a ritirarlo presso l&#8217;ufficio di Caritas in Piazzale Arrigoni 2, dal luned\u00ec al venerd\u00ec, dalle 9 alle 17.<\/p>\n\n\n\n<figure class=\"wp-block-image size-large\"><img loading=\"lazy\" decoding=\"async\" width=\"1024\" height=\"907\" src=\"https:\/\/www.diocesilucca.it\/caritas\/wp-content\/uploads\/sites\/10\/2024\/12\/Calendario-2025-1024x907.jpg\" alt=\"\" class=\"wp-image-2595\" srcset=\"https:\/\/www.diocesilucca.it\/caritas\/wp-content\/uploads\/sites\/10\/2024\/12\/Calendario-2025-1024x907.jpg 1024w, https:\/\/www.diocesilucca.it\/caritas\/wp-content\/uploads\/sites\/10\/2024\/12\/Calendario-2025-300x266.jpg 300w, https:\/\/www.diocesilucca.it\/caritas\/wp-content\/uploads\/sites\/10\/2024\/12\/Calendario-2025-768x680.jpg 768w, https:\/\/www.diocesilucca.it\/caritas\/wp-content\/uploads\/sites\/10\/2024\/12\/Calendario-2025-1536x1361.jpg 1536w\" sizes=\"auto, (max-width: 1024px) 100vw, 1024px\" \/><\/figure>\n\n\n\n<div style=\"height:20px\" aria-hidden=\"true\" class=\"wp-block-spacer\"><\/div>\n\n\n\n<h2 class=\"wp-block-heading has-black-color has-text-color has-link-color wp-elements-954ed2fbe2c81aad10793b4963bc05c8\">Spesa sospesa<\/h2>\n\n\n\n<p class=\"has-black-color has-text-color has-link-color wp-elements-6800a6c8f3796c7a49f557cda98c7e40\">Nelle settimane che precedono il Natale <strong>potrai acquistare generi alimentari e di prima necessit\u00e0 presso diverse botteghe<\/strong> di Lucca e di altri centri della diocesi. Saranno poi volontari Caritas a ritirarli periodicamente, per poi farli arrivare ai centri di distribuzione e agli empori solidali. I punti vendita aderenti saranno riconoscibili dal materiale di comunicazione realizzato e diffuso dalla stessa Caritas diocesana. I beni acquistati e donati saranno raccolti in cesti e carrelli contrassegnati da un cartello con il logo della&nbsp;<strong>Spesa sospesa<\/strong>.<br><br><strong><a href=\"https:\/\/www.diocesilucca.it\/caritas\/2024\/12\/02\/spesa-sospesa-dove-farla\/\"><mark style=\"background-color:#ffffff\" class=\"has-inline-color has-vivid-red-color\">Leggi di pi\u00f9 sull&#8217;iniziativa cliccando qui.<\/mark><\/a><\/strong><\/p>\n\n\n\n<figure class=\"wp-block-image size-full\"><img loading=\"lazy\" decoding=\"async\" width=\"800\" height=\"533\" src=\"https:\/\/www.diocesilucca.it\/caritas\/wp-content\/uploads\/sites\/10\/2024\/12\/News-Sito-Spesa-Sospesa.png\" alt=\"\" class=\"wp-image-2544\" srcset=\"https:\/\/www.diocesilucca.it\/caritas\/wp-content\/uploads\/sites\/10\/2024\/12\/News-Sito-Spesa-Sospesa.png 800w, https:\/\/www.diocesilucca.it\/caritas\/wp-content\/uploads\/sites\/10\/2024\/12\/News-Sito-Spesa-Sospesa-300x200.png 300w, https:\/\/www.diocesilucca.it\/caritas\/wp-content\/uploads\/sites\/10\/2024\/12\/News-Sito-Spesa-Sospesa-768x512.png 768w\" sizes=\"auto, (max-width: 800px) 100vw, 800px\" \/><\/figure>\n\n\n\n<div style=\"height:20px\" aria-hidden=\"true\" class=\"wp-block-spacer\"><\/div>\n\n\n\n<h2 class=\"wp-block-heading has-black-color has-text-color has-link-color wp-elements-6c18e56b5dffec26653579c98985b636\">Regalo sospeso per giovani<\/h2>\n\n\n\n<p class=\"has-black-color has-text-color has-link-color wp-elements-48a5d8913c3840cabe53144107a10763\">Torna anche in questo 2024 il Reagalo sospeso in collaborazione con l\u2019<strong>InformaGiovani Lucca<\/strong>. Recandoti presso la sede in via delle Trombe 6, puoi&nbsp;<strong>donare un regalo <\/strong>a ragazze e ragazzi dai 13 ai 30 anni sostenuti da Caritas,<strong> oppure donare del tempo<\/strong>&nbsp;da impiegare nel volontariato insieme a Caritas.<br><br><strong><a href=\"https:\/\/www.diocesilucca.it\/caritas\/2024\/12\/05\/regalo-sospeso-presso-linformagiovani-lucca-dona-un-pensierino-o-del-tempo\/\"><mark style=\"background-color:#ffffff\" class=\"has-inline-color has-vivid-red-color\">Leggi di pi\u00f9 sull&#8217;iniziativa cliccando qui.<\/mark><\/a><\/strong><\/p>\n\n\n\n<figure class=\"wp-block-image size-full\"><img loading=\"lazy\" decoding=\"async\" width=\"800\" height=\"533\" src=\"https:\/\/www.diocesilucca.it\/caritas\/wp-content\/uploads\/sites\/10\/2024\/12\/News-Sito-regalo-sospeso-IG.png\" alt=\"\" class=\"wp-image-2564\" srcset=\"https:\/\/www.diocesilucca.it\/caritas\/wp-content\/uploads\/sites\/10\/2024\/12\/News-Sito-regalo-sospeso-IG.png 800w, https:\/\/www.diocesilucca.it\/caritas\/wp-content\/uploads\/sites\/10\/2024\/12\/News-Sito-regalo-sospeso-IG-300x200.png 300w, https:\/\/www.diocesilucca.it\/caritas\/wp-content\/uploads\/sites\/10\/2024\/12\/News-Sito-regalo-sospeso-IG-768x512.png 768w\" sizes=\"auto, (max-width: 800px) 100vw, 800px\" \/><\/figure>\n\n\n\n<div style=\"height:20px\" aria-hidden=\"true\" class=\"wp-block-spacer\"><\/div>\n\n\n\n<h2 class=\"wp-block-heading has-black-color has-text-color has-link-color wp-elements-44326b0d5d8629dfaec68bb8236b6697\">Adotta una letterina<\/h2>\n\n\n\n<p class=\"has-black-color has-text-color has-link-color wp-elements-0de3444984c8fb22fa86fd6f4be4f0ed\">Abbiamo chiesto ad alcuni <strong>minori che vivono in condizioni di vulnerabilit\u00e0<\/strong> di scrivere una lettera con quello che desiderano per Natale. Diventa tu Babbo Natale, <strong>occupandoti dell&#8217;acquisto di un regalo scelto<\/strong>. Non un regalo qualsiasi, ma proprio quello che la persona vorrebbe ricevere. Caritas condivider\u00e0 con te il contenuto della letterina e <strong>far\u00e0 arrivare il tuo dono alla persona<\/strong> che l\u2019ha scritta.<br><br><strong><a href=\"https:\/\/www.diocesilucca.it\/caritas\/2024\/12\/10\/adotta-una-letterina\/\"><mark style=\"background-color:#ffffff\" class=\"has-inline-color has-vivid-red-color\">Leggi di pi\u00f9 sull&#8217;inziativa cliccando qui.<\/mark><\/a><\/strong><\/p>\n\n\n\n<figure class=\"wp-block-image size-full\"><img loading=\"lazy\" decoding=\"async\" width=\"800\" height=\"533\" src=\"https:\/\/www.diocesilucca.it\/caritas\/wp-content\/uploads\/sites\/10\/2024\/12\/News-Sito-Adotta-una-letterina.png\" alt=\"\" class=\"wp-image-2551\" srcset=\"https:\/\/www.diocesilucca.it\/caritas\/wp-content\/uploads\/sites\/10\/2024\/12\/News-Sito-Adotta-una-letterina.png 800w, https:\/\/www.diocesilucca.it\/caritas\/wp-content\/uploads\/sites\/10\/2024\/12\/News-Sito-Adotta-una-letterina-300x200.png 300w, https:\/\/www.diocesilucca.it\/caritas\/wp-content\/uploads\/sites\/10\/2024\/12\/News-Sito-Adotta-una-letterina-768x512.png 768w\" sizes=\"auto, (max-width: 800px) 100vw, 800px\" \/><\/figure>\n\n\n\n<div style=\"height:20px\" aria-hidden=\"true\" class=\"wp-block-spacer\"><\/div>\n\n\n\n<h2 class=\"wp-block-heading has-black-color has-text-color has-link-color wp-elements-0b611f8a600456be949850de5bc586d2\">Altre iniziative<\/h2>\n\n\n\n<p class=\"has-black-color has-text-color has-link-color wp-elements-f597be2e4faa66f9e73f25b7c989debb\">Quelle appena viste sono le iniziative principali. Ma molte altre sono le proposte che animano questo periodo dell&#8217;anno. Si va da una pi\u00f9 vivace <strong>animazione dei social<\/strong>, con riflessioni e contenuti specifici sull&#8217;Avvento e sul Natale, a <strong>eventi<\/strong>, come i concerti <strong><a href=\"https:\/\/www.diocesilucca.it\/caritas\/event\/fratelli-tutti-concerto-con-voce-narrante\/\"><mark style=\"background-color:#ffffff\" class=\"has-inline-color has-vivid-red-color\">Fratelli tutti<\/mark><\/a><\/strong> o <strong><a href=\"https:\/\/www.facebook.com\/caritaslucca\/posts\/pfbid02hmSDFFZxnugy6u3aM7H9bbfwVyeKMFtoqzncSgHPhyQryYPawaPJGEGqwYm4XPTml\"><mark style=\"background-color:#ffffff\" class=\"has-inline-color has-vivid-red-color\">Un bel d\u00ec vedremo&#8230; Puccini in jazz<\/mark><\/a><\/strong> o <strong><a href=\"https:\/\/www.facebook.com\/caritaslucca\/posts\/pfbid02tyfyuAuC9H2Xu8F3KdYkrWfVdwPA2G6DbDHYXMzAQ4PNfqC361GQj9RjSLRiRujkl\"><mark style=\"background-color:#ffffff\" class=\"has-inline-color has-vivid-red-color\">La musica nel cuore<\/mark><\/a><\/strong>, a <strong>incontri<\/strong> e <strong>manifestazioni<\/strong> insieme ad altri soggetti attivi sul territorio.<br><br>In particolare, ci preme ricordarti che il periodo natalizio pu\u00f2 essere un ottimo momento per scegliere di <strong>fare volontariato in Caritas<\/strong>. Se vuoi proporti \u00e8 semplicissimo: vai sulle sezione <strong><a href=\"https:\/\/www.diocesilucca.it\/caritas\/agisco\/\"><mark style=\"background-color:#ffffff\" class=\"has-inline-color has-vivid-red-color\">AGISCO<\/mark><\/a><\/strong> del nostro sito e compila il modulo; un&#8217;operatrice ti ricontatter\u00e0.<br><br>Caritas diocesana, peraltro, proprio in questo periodo, mette in gran risalto l&#8217;<strong>attivit\u00e0 di volontarie e volontari<\/strong>, spesso giovani, che si occupano del ritiro e della consegna della <em>Spesa sospesa<\/em> e del <em>Regalo sospeso<\/em>. Questo servizio \u00e8 stato infatti &#8220;brandizzato&#8221; da Caritas attraverso il sorriso di <strong>Caritaspraim<\/strong>, il marchio fittizio che punta a ironizzare sui miti del consumismo di massa, tanto forti soprattutto durante le festivit\u00e0, facendoli scivolare sulla logica del dono, della prossimit\u00e0, della giustizia.<br><br>Oltre alle immagini qua sotto, puoi vedere in azione <strong>Caritaspraim<\/strong> anche nel <strong><a href=\"https:\/\/www.rainews.it\/tgr\/toscana\/video\/2024\/12\/-tgr-toscana-web-benedetti-tgr-regali-sospesi-lucca-05-12-2024-1200-logomp4-7a94963a-05ba-4e99-9798-97c2bdc2b834.html\"><mark style=\"background-color:#ffffff\" class=\"has-inline-color has-vivid-red-color\">servizio<\/mark><\/a> <\/strong>che<strong> RaiNews<\/strong> la scorsa settimana ha realizzato sull&#8217;iniziativa del <em>Regalo sospeso<\/em>.<\/p>\n\n\n\n<figure class=\"wp-block-gallery has-nested-images columns-default is-cropped wp-block-gallery-1 is-layout-flex wp-block-gallery-is-layout-flex\">\n<figure class=\"wp-block-image size-large\"><img loading=\"lazy\" decoding=\"async\" width=\"1024\" height=\"703\" data-id=\"2136\" src=\"https:\/\/www.diocesilucca.it\/caritas\/wp-content\/uploads\/sites\/10\/2023\/12\/caritaspraim-2-1024x703.jpeg\" alt=\"\" class=\"wp-image-2136\" srcset=\"https:\/\/www.diocesilucca.it\/caritas\/wp-content\/uploads\/sites\/10\/2023\/12\/caritaspraim-2-1024x703.jpeg 1024w, https:\/\/www.diocesilucca.it\/caritas\/wp-content\/uploads\/sites\/10\/2023\/12\/caritaspraim-2-300x206.jpeg 300w, https:\/\/www.diocesilucca.it\/caritas\/wp-content\/uploads\/sites\/10\/2023\/12\/caritaspraim-2-768x527.jpeg 768w, https:\/\/www.diocesilucca.it\/caritas\/wp-content\/uploads\/sites\/10\/2023\/12\/caritaspraim-2-1536x1054.jpeg 1536w\" sizes=\"auto, (max-width: 1024px) 100vw, 1024px\" \/><\/figure>\n\n\n\n<figure class=\"wp-block-image size-large\"><img loading=\"lazy\" decoding=\"async\" width=\"1024\" height=\"768\" data-id=\"2392\" src=\"https:\/\/www.diocesilucca.it\/caritas\/wp-content\/uploads\/sites\/10\/2024\/05\/Volontariato-1024x768.jpeg\" alt=\"\" class=\"wp-image-2392\" srcset=\"https:\/\/www.diocesilucca.it\/caritas\/wp-content\/uploads\/sites\/10\/2024\/05\/Volontariato-1024x768.jpeg 1024w, https:\/\/www.diocesilucca.it\/caritas\/wp-content\/uploads\/sites\/10\/2024\/05\/Volontariato-300x225.jpeg 300w, https:\/\/www.diocesilucca.it\/caritas\/wp-content\/uploads\/sites\/10\/2024\/05\/Volontariato-768x576.jpeg 768w, https:\/\/www.diocesilucca.it\/caritas\/wp-content\/uploads\/sites\/10\/2024\/05\/Volontariato-1536x1152.jpeg 1536w, https:\/\/www.diocesilucca.it\/caritas\/wp-content\/uploads\/sites\/10\/2024\/05\/Volontariato.jpeg 1600w\" sizes=\"auto, (max-width: 1024px) 100vw, 1024px\" \/><\/figure>\n\n\n\n<figure class=\"wp-block-image size-large\"><img loading=\"lazy\" decoding=\"async\" width=\"1024\" height=\"1024\" data-id=\"2384\" src=\"https:\/\/www.diocesilucca.it\/caritas\/wp-content\/uploads\/sites\/10\/2024\/05\/AVS-1024x1024.jpeg\" alt=\"\" class=\"wp-image-2384\" srcset=\"https:\/\/www.diocesilucca.it\/caritas\/wp-content\/uploads\/sites\/10\/2024\/05\/AVS-1024x1024.jpeg 1024w, https:\/\/www.diocesilucca.it\/caritas\/wp-content\/uploads\/sites\/10\/2024\/05\/AVS-300x300.jpeg 300w, https:\/\/www.diocesilucca.it\/caritas\/wp-content\/uploads\/sites\/10\/2024\/05\/AVS-150x150.jpeg 150w, https:\/\/www.diocesilucca.it\/caritas\/wp-content\/uploads\/sites\/10\/2024\/05\/AVS-768x768.jpeg 768w, https:\/\/www.diocesilucca.it\/caritas\/wp-content\/uploads\/sites\/10\/2024\/05\/AVS-550x550.jpeg 550w, https:\/\/www.diocesilucca.it\/caritas\/wp-content\/uploads\/sites\/10\/2024\/05\/AVS-1000x1000.jpeg 1000w, https:\/\/www.diocesilucca.it\/caritas\/wp-content\/uploads\/sites\/10\/2024\/05\/AVS.jpeg 1200w\" sizes=\"auto, (max-width: 1024px) 100vw, 1024px\" \/><\/figure>\n<\/figure>\n\n\n\n<figure class=\"wp-block-image size-large\"><img loading=\"lazy\" decoding=\"async\" width=\"1024\" height=\"536\" src=\"https:\/\/www.diocesilucca.it\/caritas\/wp-content\/uploads\/sites\/10\/2024\/12\/Romina-caritaspraim-1024x536.jpg\" alt=\"\" class=\"wp-image-2588\" srcset=\"https:\/\/www.diocesilucca.it\/caritas\/wp-content\/uploads\/sites\/10\/2024\/12\/Romina-caritaspraim-1024x536.jpg 1024w, https:\/\/www.diocesilucca.it\/caritas\/wp-content\/uploads\/sites\/10\/2024\/12\/Romina-caritaspraim-300x157.jpg 300w, https:\/\/www.diocesilucca.it\/caritas\/wp-content\/uploads\/sites\/10\/2024\/12\/Romina-caritaspraim-768x402.jpg 768w, https:\/\/www.diocesilucca.it\/caritas\/wp-content\/uploads\/sites\/10\/2024\/12\/Romina-caritaspraim-1536x804.jpg 1536w, https:\/\/www.diocesilucca.it\/caritas\/wp-content\/uploads\/sites\/10\/2024\/12\/Romina-caritaspraim.jpg 1900w\" sizes=\"auto, (max-width: 1024px) 100vw, 1024px\" \/><\/figure>\n","protected":false},"excerpt":{"rendered":"<p>L&#8217;Avvento e il periodo natalizio rappresentano uno dei momenti pi\u00f9 &#8220;caldi&#8221; dell&#8217;anno per quanto riguarda l&#8217;agire di Caritas, anche e soprattutto quest&#8217;anno, considerato che stiamo celebrando i primi cinquant&#8217;anni della Caritas diocesana di Lucca. Per orientarti tra tutte le iniziative in corso, ti invitiamo a&#8230;<\/p>\n","protected":false},"author":244,"featured_media":2570,"comment_status":"closed","ping_status":"closed","sticky":false,"template":"","format":"standard","meta":{"footnotes":""},"categories":[80,13,78,5,79,85,44,23],"tags":[],"class_list":["post-2569","post","type-post","status-publish","format-standard","has-post-thumbnail","hentry","category-avvento","category-bambini","category-comunita","category-giovani","category-natale","category-pastorale","category-poverta","category-volontariato"],"_links":{"self":[{"href":"https:\/\/www.diocesilucca.it\/caritas\/wp-json\/wp\/v2\/posts\/2569","targetHints":{"allow":["GET"]}}],"collection":[{"href":"https:\/\/www.diocesilucca.it\/caritas\/wp-json\/wp\/v2\/posts"}],"about":[{"href":"https:\/\/www.diocesilucca.it\/caritas\/wp-json\/wp\/v2\/types\/post"}],"author":[{"embeddable":true,"href":"https:\/\/www.diocesilucca.it\/caritas\/wp-json\/wp\/v2\/users\/244"}],"replies":[{"embeddable":true,"href":"https:\/\/www.diocesilucca.it\/caritas\/wp-json\/wp\/v2\/comments?post=2569"}],"version-history":[{"count":23,"href":"https:\/\/www.diocesilucca.it\/caritas\/wp-json\/wp\/v2\/posts\/2569\/revisions"}],"predecessor-version":[{"id":2597,"href":"https:\/\/www.diocesilucca.it\/caritas\/wp-json\/wp\/v2\/posts\/2569\/revisions\/2597"}],"wp:featuredmedia":[{"embeddable":true,"href":"https:\/\/www.diocesilucca.it\/caritas\/wp-json\/wp\/v2\/media\/2570"}],"wp:attachment":[{"href":"https:\/\/www.diocesilucca.it\/caritas\/wp-json\/wp\/v2\/media?parent=2569"}],"wp:term":[{"taxonomy":"category","embeddable":true,"href":"https:\/\/www.diocesilucca.it\/caritas\/wp-json\/wp\/v2\/categories?post=2569"},{"taxonomy":"post_tag","embeddable":true,"href":"https:\/\/www.diocesilucca.it\/caritas\/wp-json\/wp\/v2\/tags?post=2569"}],"curies":[{"name":"wp","href":"https:\/\/api.w.org\/{rel}","templated":true}]}}