{"id":2560,"date":"2024-12-05T16:50:00","date_gmt":"2024-12-05T15:50:00","guid":{"rendered":"https:\/\/www.diocesilucca.it\/caritas\/?p=2560"},"modified":"2024-12-09T16:54:18","modified_gmt":"2024-12-09T15:54:18","slug":"regalo-sospeso-presso-linformagiovani-lucca-dona-un-pensierino-o-del-tempo","status":"publish","type":"post","link":"https:\/\/www.diocesilucca.it\/caritas\/2024\/12\/05\/regalo-sospeso-presso-linformagiovani-lucca-dona-un-pensierino-o-del-tempo\/","title":{"rendered":"Regalo sospeso presso l&#8217;InformaGiovani Lucca: dona un regalo o del tempo"},"content":{"rendered":"\n<p class=\"has-black-color has-text-color has-link-color wp-elements-96af0df84f04b80d6a6e5fb48fc10d77\">Dopo la buona esperienza dello scorso anno, torna anche in questo Avvento 2024 la possibilit\u00e0, presso l&#8217;<strong>InformaGiovani Lucca<\/strong>, di <strong>donare un regalo oppure del tempo<\/strong> da impiegare nel volontariato con Caritas. Si tratta dell&#8217;iniziativa del <strong>Regalo Sospeso dedicata ai giovani<\/strong>. Due quindi le possibilit\u00e0 per partecipare.<\/p>\n\n\n\n<div style=\"height:20px\" aria-hidden=\"true\" class=\"wp-block-spacer\"><\/div>\n\n\n\n<h2 class=\"wp-block-heading has-black-color has-text-color has-link-color wp-elements-88b7fd3a9f3adfa6c0c610220408ea51\">Fare un dono per una persona dai 13 ai 30 anni<\/h2>\n\n\n\n<p class=\"has-black-color has-text-color has-link-color wp-elements-c188f09dde96523af748def1b2b63be8\"><strong>Dal 5 al 19<\/strong> <strong>dicembre<\/strong> presso l\u2019ufficio InformaGiovani (via delle Trombe, 6) si svolger\u00e0 la <strong>raccolta dei regali di Natale e di Befana<\/strong> da destinare a&nbsp;<strong>ragazze e ragazzi dai 13 ai 30 anni&nbsp;sostenuti dalla Caritas <\/strong>diocesana di Lucca. Negli orari di apertura dell&#8217;InformaGiovani sar\u00e0 possibile portare un regalo nuovo, impacchettato e preferibilmente accompagnato da un biglietto di auguri.<\/p>\n\n\n\n<div style=\"height:20px\" aria-hidden=\"true\" class=\"wp-block-spacer\"><\/div>\n\n\n\n<h2 class=\"wp-block-heading has-black-color has-text-color has-link-color wp-elements-fb881d9ef32fbea87988f0a984a6fb83\">Donare tempo facendo volontariato<\/h2>\n\n\n\n<p class=\"has-black-color has-text-color has-link-color wp-elements-40cfee231eb521550b50e69d041208ab\">L&#8217;alternativa \u00e8 <strong>offrire il proprio tempo per fare volontariato in Caritas<\/strong>: anche questo \u00e8 dono molto prezioso, oltre che una bella occasione per mettersi in gioco facendo qualcosa di nuovo. Per farlo baster\u00e0 recarsi in Via delle Trombe 6, a Lucca, e compilare una piccola scheda in cui esprimere la propria disponibilit\u00e0. \u00c8 possibile comunicare la propria disponibilit\u00e0, o comunque chiedere informazioni, chiamando direttamente InformaGiovani allo 0583 442319 o scrivendo su whatsapp al numero 3333735977.<\/p>\n\n\n\n<div style=\"height:20px\" aria-hidden=\"true\" class=\"wp-block-spacer\"><\/div>\n\n\n\n<p class=\"has-black-color has-text-color has-link-color wp-elements-7c90d864dd440fa6359be0c9b2e450d0\">Guarda a <a href=\"https:\/\/www.rainews.it\/tgr\/toscana\/video\/2024\/12\/-tgr-toscana-web-benedetti-tgr-regali-sospesi-lucca-05-12-2024-1200-logomp4-7a94963a-05ba-4e99-9798-97c2bdc2b834.html\"><strong><mark style=\"background-color:#ffffff\" class=\"has-inline-color has-vivid-red-color\">questo link<\/mark><\/strong><\/a> il video di RaiNews che parla dell&#8217;iniziativa.<\/p>\n\n\n\n<p><\/p>\n","protected":false},"excerpt":{"rendered":"<p>Dopo la buona esperienza dello scorso anno, torna anche in questo Avvento 2024 la possibilit\u00e0, presso l&#8217;InformaGiovani Lucca, di donare un regalo oppure del tempo da impiegare nel volontariato con Caritas. Si tratta dell&#8217;iniziativa del Regalo Sospeso dedicata ai giovani. Due quindi le possibilit\u00e0 per&#8230;<\/p>\n","protected":false},"author":244,"featured_media":2564,"comment_status":"closed","ping_status":"closed","sticky":false,"template":"","format":"standard","meta":{"footnotes":""},"categories":[80,5,79,23],"tags":[],"class_list":["post-2560","post","type-post","status-publish","format-standard","has-post-thumbnail","hentry","category-avvento","category-giovani","category-natale","category-volontariato"],"_links":{"self":[{"href":"https:\/\/www.diocesilucca.it\/caritas\/wp-json\/wp\/v2\/posts\/2560","targetHints":{"allow":["GET"]}}],"collection":[{"href":"https:\/\/www.diocesilucca.it\/caritas\/wp-json\/wp\/v2\/posts"}],"about":[{"href":"https:\/\/www.diocesilucca.it\/caritas\/wp-json\/wp\/v2\/types\/post"}],"author":[{"embeddable":true,"href":"https:\/\/www.diocesilucca.it\/caritas\/wp-json\/wp\/v2\/users\/244"}],"replies":[{"embeddable":true,"href":"https:\/\/www.diocesilucca.it\/caritas\/wp-json\/wp\/v2\/comments?post=2560"}],"version-history":[{"count":7,"href":"https:\/\/www.diocesilucca.it\/caritas\/wp-json\/wp\/v2\/posts\/2560\/revisions"}],"predecessor-version":[{"id":2568,"href":"https:\/\/www.diocesilucca.it\/caritas\/wp-json\/wp\/v2\/posts\/2560\/revisions\/2568"}],"wp:featuredmedia":[{"embeddable":true,"href":"https:\/\/www.diocesilucca.it\/caritas\/wp-json\/wp\/v2\/media\/2564"}],"wp:attachment":[{"href":"https:\/\/www.diocesilucca.it\/caritas\/wp-json\/wp\/v2\/media?parent=2560"}],"wp:term":[{"taxonomy":"category","embeddable":true,"href":"https:\/\/www.diocesilucca.it\/caritas\/wp-json\/wp\/v2\/categories?post=2560"},{"taxonomy":"post_tag","embeddable":true,"href":"https:\/\/www.diocesilucca.it\/caritas\/wp-json\/wp\/v2\/tags?post=2560"}],"curies":[{"name":"wp","href":"https:\/\/api.w.org\/{rel}","templated":true}]}}