{"id":2550,"date":"2024-12-10T13:00:00","date_gmt":"2024-12-10T12:00:00","guid":{"rendered":"https:\/\/www.diocesilucca.it\/caritas\/?p=2550"},"modified":"2024-12-09T15:45:08","modified_gmt":"2024-12-09T14:45:08","slug":"adotta-una-letterina","status":"publish","type":"post","link":"https:\/\/www.diocesilucca.it\/caritas\/2024\/12\/10\/adotta-una-letterina\/","title":{"rendered":"Adotta una letterina"},"content":{"rendered":"\n<p class=\"has-black-color has-text-color has-link-color wp-elements-9239dca0c336aa4bac77ce90aaeac663\">In occasione questo Avvento 2024, Caritas propone l&#8217;iniziativa<strong> Adotta una letterina<\/strong>. Abbiamo chiesto ad alcuni minori in condizioni di vulnerabilit\u00e0 di scrivere una lettera con quello che desiderano per Natale. L&#8217;idea \u00e8 quella di trovare delle persone disponibili a fare da Babbo Natale, occupandosi dell&#8217;acquisto del regalo scelto.<br><br>Si tratta un modo semplice ma molto concreto per esprimere cura e attenzione, dedicandosi a fare un regalo a una specifica persona. Non un regalo qualsiasi, ma proprio quello che la persona vorrebbe ricevere. A chi si render\u00e0 disponibile per questo servizio, Caritas comunicher\u00e0 il contenuto della letterina e far\u00e0 arrivare il dono alla persona che l\u2019ha scritta.<br><br>Il periodo natalizio \u00e8 uno di quelli in cui le persone fragili, in particolare i minori, si accorgono di pi\u00f9 delle ridotte possibilit\u00e0 rispetto ai coetanei. L\u2019iniziativa punta, dunque, a far vivere ai minori coinvolti un Natale pi\u00f9 giusto e bello, nella premura di una comunit\u00e0 solidale.<br><br>Per offrire la propria disponibilit\u00e0, basta scrivere a <a href=\"mailto:francalazzari@diocesilucca.it\">francalazzari@diocesilucca.it<\/a> o telefonare al numero 0583 430938 (lun-ven, 9-17).<\/p>\n\n\n\n<figure class=\"wp-block-image size-large\"><img loading=\"lazy\" decoding=\"async\" width=\"1024\" height=\"1024\" src=\"https:\/\/www.diocesilucca.it\/caritas\/wp-content\/uploads\/sites\/10\/2024\/12\/Adotta-una-letterina-1024x1024.png\" alt=\"\" class=\"wp-image-2552\" srcset=\"https:\/\/www.diocesilucca.it\/caritas\/wp-content\/uploads\/sites\/10\/2024\/12\/Adotta-una-letterina-1024x1024.png 1024w, https:\/\/www.diocesilucca.it\/caritas\/wp-content\/uploads\/sites\/10\/2024\/12\/Adotta-una-letterina-300x300.png 300w, https:\/\/www.diocesilucca.it\/caritas\/wp-content\/uploads\/sites\/10\/2024\/12\/Adotta-una-letterina-150x150.png 150w, https:\/\/www.diocesilucca.it\/caritas\/wp-content\/uploads\/sites\/10\/2024\/12\/Adotta-una-letterina-768x768.png 768w, https:\/\/www.diocesilucca.it\/caritas\/wp-content\/uploads\/sites\/10\/2024\/12\/Adotta-una-letterina-550x550.png 550w, https:\/\/www.diocesilucca.it\/caritas\/wp-content\/uploads\/sites\/10\/2024\/12\/Adotta-una-letterina-1000x1000.png 1000w, https:\/\/www.diocesilucca.it\/caritas\/wp-content\/uploads\/sites\/10\/2024\/12\/Adotta-una-letterina.png 1080w\" sizes=\"auto, (max-width: 1024px) 100vw, 1024px\" \/><\/figure>\n","protected":false},"excerpt":{"rendered":"<p>In occasione questo Avvento 2024, Caritas propone l&#8217;iniziativa Adotta una letterina. Abbiamo chiesto ad alcuni minori in condizioni di vulnerabilit\u00e0 di scrivere una lettera con quello che desiderano per Natale. L&#8217;idea \u00e8 quella di trovare delle persone disponibili a fare da Babbo Natale, occupandosi dell&#8217;acquisto&#8230;<\/p>\n","protected":false},"author":244,"featured_media":2551,"comment_status":"closed","ping_status":"closed","sticky":false,"template":"","format":"standard","meta":{"footnotes":""},"categories":[80,13,5,79,23],"tags":[],"class_list":["post-2550","post","type-post","status-publish","format-standard","has-post-thumbnail","hentry","category-avvento","category-bambini","category-giovani","category-natale","category-volontariato"],"_links":{"self":[{"href":"https:\/\/www.diocesilucca.it\/caritas\/wp-json\/wp\/v2\/posts\/2550","targetHints":{"allow":["GET"]}}],"collection":[{"href":"https:\/\/www.diocesilucca.it\/caritas\/wp-json\/wp\/v2\/posts"}],"about":[{"href":"https:\/\/www.diocesilucca.it\/caritas\/wp-json\/wp\/v2\/types\/post"}],"author":[{"embeddable":true,"href":"https:\/\/www.diocesilucca.it\/caritas\/wp-json\/wp\/v2\/users\/244"}],"replies":[{"embeddable":true,"href":"https:\/\/www.diocesilucca.it\/caritas\/wp-json\/wp\/v2\/comments?post=2550"}],"version-history":[{"count":3,"href":"https:\/\/www.diocesilucca.it\/caritas\/wp-json\/wp\/v2\/posts\/2550\/revisions"}],"predecessor-version":[{"id":2556,"href":"https:\/\/www.diocesilucca.it\/caritas\/wp-json\/wp\/v2\/posts\/2550\/revisions\/2556"}],"wp:featuredmedia":[{"embeddable":true,"href":"https:\/\/www.diocesilucca.it\/caritas\/wp-json\/wp\/v2\/media\/2551"}],"wp:attachment":[{"href":"https:\/\/www.diocesilucca.it\/caritas\/wp-json\/wp\/v2\/media?parent=2550"}],"wp:term":[{"taxonomy":"category","embeddable":true,"href":"https:\/\/www.diocesilucca.it\/caritas\/wp-json\/wp\/v2\/categories?post=2550"},{"taxonomy":"post_tag","embeddable":true,"href":"https:\/\/www.diocesilucca.it\/caritas\/wp-json\/wp\/v2\/tags?post=2550"}],"curies":[{"name":"wp","href":"https:\/\/api.w.org\/{rel}","templated":true}]}}