{"id":2543,"date":"2024-12-02T11:18:33","date_gmt":"2024-12-02T10:18:33","guid":{"rendered":"https:\/\/www.diocesilucca.it\/caritas\/?p=2543"},"modified":"2024-12-09T16:06:07","modified_gmt":"2024-12-09T15:06:07","slug":"spesa-sospesa-dove-farla","status":"publish","type":"post","link":"https:\/\/www.diocesilucca.it\/caritas\/2024\/12\/02\/spesa-sospesa-dove-farla\/","title":{"rendered":"Spesa sospesa: ecco l&#8217;elenco dei negozi aderenti"},"content":{"rendered":"\n<p class=\"has-black-color has-text-color has-link-color wp-elements-555bdb58cae53e91d659413610a1ba60\"><em>Questo articolo \u00e8 in fase aggiornamento. Torna per avere maggiori dettagli e informazioni.<\/em><br><br>Come gi\u00e0 raccontato in <a href=\"https:\/\/www.diocesilucca.it\/caritas\/2024\/11\/27\/avvento-2024-la-colletta-per-la-poverta-alimentare\/\"><strong><mark style=\"background-color:#ffffff\" class=\"has-inline-color has-vivid-red-color\">questo articolo<\/mark><\/strong><\/a>, durante l&#8217;<strong>Avvento 2024<\/strong> Caritas dedicher\u00e0 una particolare attenzione al tema della <strong>povert\u00e0 alimentare<\/strong>, secondo quanto emerso dall\u2019ascolto dei bisogni delle comunit\u00e0. Oltre alla tradizionale colletta, per questa causa \u00e8 stato organizzato un <a href=\"https:\/\/www.diocesilucca.it\/caritas\/event\/fratelli-tutti-concerto-con-voce-narrante\/\"><strong><mark style=\"background-color:#ffffff\" class=\"has-inline-color has-vivid-red-color\">concerto<\/mark><\/strong><\/a> e l&#8217;iniziativa della <strong>spesa sospesa<\/strong>. Nelle settimane che precedono il Natale sar\u00e0, infatti, possibile acquistare generi alimentari e di prima necessit\u00e0 presso diverse botteghe di Lucca e di altri centri della diocesi. Saranno poi volontari Caritas a ritirarli periodicamente, portando in giro per l&#8217;occasione il sorriso di <strong>Caritaspraim<\/strong>, il marchio fittizio con cui Caritas Lucca, proprio sotto le festivit\u00e0 natalizie, brandizza il servizio di ritiro e consegna di beni, ironizzando sui miti del consumismo di massa.<br><br>I punti vendita aderenti saranno riconoscibili dal materiale di comunicazione realizzato e diffuso dalla stessa Caritas diocesana. I beni acquistati e donati saranno raccolti in cesti e carrelli contrassegnati da un cartello con il logo della <em>spesa sospesa<\/em>. Di seguito riportiamo l&#8217;elenco delle botteghe che partecipano all&#8217;iniziativa.<br><br><strong>Lucca<\/strong><br>Forno Cei e Cianelli &#8211; <a href=\"https:\/\/www.google.com\/maps\/place\/\/data=!4m2!3m1!1s0x12d583f4d0c290d1:0xc6c35ce2f6e6efca?sa=X&amp;ved=1t:8290&amp;ictx=111\">Piazza S. Maria Bianca, 9, 55100 Lucca LU<\/a><br>Forno da Tini &#8211; <a href=\"https:\/\/www.google.com\/maps\/place\/\/data=!4m2!3m1!1s0x12d583f4c3b301a9:0x92af99158425ed66?sa=X&amp;ved=1t:8290&amp;ictx=111\">Via Santa Croce, 72, 55100 Lucca LU<\/a><br>Latteria Santa Croce &#8211; <a href=\"https:\/\/www.google.com\/maps\/place\/\/data=!4m2!3m1!1s0x12d583f4c3b301a9:0x92af99158425ed66?sa=X&amp;ved=1t:8290&amp;ictx=111\">Via Santa Croce, 33, 55100 Lucca LU<\/a><br>Tuccori Mariano &#8211; <a href=\"https:\/\/www.google.com\/maps\/place\/\/data=!4m2!3m1!1s0x12d5838b055f5d15:0x3384416f5571c6?sa=X&amp;ved=1t:8290&amp;ictx=111\">Via Santa Croce, 40, 55100 Lucca LU<\/a><br>L&#8217;orto in Citt\u00e0 &#8211; Via Santa Croce, 37, 55100 Lucca LU<br>Tambellini &#8211; <a href=\"https:\/\/www.google.com\/maps\/place\/\/data=!4m2!3m1!1s0x12d5838ceeb3234f:0x83880a43aacac07?sa=X&amp;ved=1t:8290&amp;ictx=111\">Piazza S. Frediano, 11, 55100 Lucca LU<\/a><br>Gino Frutta &#8211; <a href=\"https:\/\/www.google.com\/maps\/place\/\/data=!4m2!3m1!1s0x12d583f2c893f92d:0xa43b41dade1fbe62?sa=X&amp;ved=1t:8290&amp;ictx=111\">Piazza Santa Maria, 18, 55100 Lucca LU<\/a><br>Antica Bottega Prospero &#8211; <a href=\"https:\/\/www.google.com\/maps\/place\/\/data=!4m2!3m1!1s0x12d5838b96af35cf:0xa0af17961eeae19a?sa=X&amp;ved=1t:8290&amp;ictx=111\">Via Santa Lucia, 13, 55100 Lucca LU<\/a><br>Pagliai Gianita &#8211; <a href=\"https:\/\/www.google.com\/maps\/place\/\/data=!4m2!3m1!1s0x12d583f374db1301:0x513f850be4260fe7?sa=X&amp;ved=1t:8290&amp;ictx=111\">Piazza S.Francesco, 49, 55100 Lucca LU<\/a><br><br><strong>Piana<\/strong><br>Alimentari La Garfagnina &#8211; Via Sant&#8217;Anna, 10, 55100 Lucca LU<br>Starbene Senza Glutine &#8211; Via Alfredo Catalani, 200, 55100 Lucca LU<br>Da Paolo Alimentari &#8211; Via Pisana, 857, 55100 Lucca LU<br>Macelleria Iacopo Verdigi &#8211; Via Alberto Tonelli, 29, 55100 Lucca LU<br>Alimentari Bertolucci &#8211; Via Papa Giovanni XXIII, 310, 55100 Lucca LU<br>Granozero &#8211; Via Romana, 615\/q, 55100 Lucca LU<br>Salumeria Marsili Pierluigi &#8211; Via Nottolini, 168, 55100 Lucca LU<br><br><strong>Torre del Lago Puccini<\/strong><br>Alimentari Salumeria Cordoni &#8211; Viale Giacomo Puccini, 111\/101, 55049 Torre del Lago Puccini LU<br>Pane e Olio panificio Gatti &#8211; Via Aurelia, 139, 55049 Torre del Lago<br>Ortofrutta Grazia e Luca Gastronomia &#8211; Via Aurelia, 149, 55049 Torre del Lago Puccini LU<br>Frutta e Verdura &#8211; Via G. Marconi, 47, 55049 Torre del Lago Puccini LU<\/p>\n","protected":false},"excerpt":{"rendered":"<p>Questo articolo \u00e8 in fase aggiornamento. Torna per avere maggiori dettagli e informazioni. Come gi\u00e0 raccontato in questo articolo, durante l&#8217;Avvento 2024 Caritas dedicher\u00e0 una particolare attenzione al tema della povert\u00e0 alimentare, secondo quanto emerso dall\u2019ascolto dei bisogni delle comunit\u00e0. Oltre alla tradizionale colletta, per&#8230;<\/p>\n","protected":false},"author":244,"featured_media":2544,"comment_status":"closed","ping_status":"closed","sticky":false,"template":"","format":"standard","meta":{"footnotes":""},"categories":[80,79,44],"tags":[],"class_list":["post-2543","post","type-post","status-publish","format-standard","has-post-thumbnail","hentry","category-avvento","category-natale","category-poverta"],"_links":{"self":[{"href":"https:\/\/www.diocesilucca.it\/caritas\/wp-json\/wp\/v2\/posts\/2543","targetHints":{"allow":["GET"]}}],"collection":[{"href":"https:\/\/www.diocesilucca.it\/caritas\/wp-json\/wp\/v2\/posts"}],"about":[{"href":"https:\/\/www.diocesilucca.it\/caritas\/wp-json\/wp\/v2\/types\/post"}],"author":[{"embeddable":true,"href":"https:\/\/www.diocesilucca.it\/caritas\/wp-json\/wp\/v2\/users\/244"}],"replies":[{"embeddable":true,"href":"https:\/\/www.diocesilucca.it\/caritas\/wp-json\/wp\/v2\/comments?post=2543"}],"version-history":[{"count":6,"href":"https:\/\/www.diocesilucca.it\/caritas\/wp-json\/wp\/v2\/posts\/2543\/revisions"}],"predecessor-version":[{"id":2559,"href":"https:\/\/www.diocesilucca.it\/caritas\/wp-json\/wp\/v2\/posts\/2543\/revisions\/2559"}],"wp:featuredmedia":[{"embeddable":true,"href":"https:\/\/www.diocesilucca.it\/caritas\/wp-json\/wp\/v2\/media\/2544"}],"wp:attachment":[{"href":"https:\/\/www.diocesilucca.it\/caritas\/wp-json\/wp\/v2\/media?parent=2543"}],"wp:term":[{"taxonomy":"category","embeddable":true,"href":"https:\/\/www.diocesilucca.it\/caritas\/wp-json\/wp\/v2\/categories?post=2543"},{"taxonomy":"post_tag","embeddable":true,"href":"https:\/\/www.diocesilucca.it\/caritas\/wp-json\/wp\/v2\/tags?post=2543"}],"curies":[{"name":"wp","href":"https:\/\/api.w.org\/{rel}","templated":true}]}}