{"id":2513,"date":"2024-11-05T09:45:31","date_gmt":"2024-11-05T08:45:31","guid":{"rendered":"https:\/\/www.diocesilucca.it\/caritas\/?p=2513"},"modified":"2024-11-27T10:45:46","modified_gmt":"2024-11-27T09:45:46","slug":"giornata-mondiale-dei-poveri-2024","status":"publish","type":"post","link":"https:\/\/www.diocesilucca.it\/caritas\/2024\/11\/05\/giornata-mondiale-dei-poveri-2024\/","title":{"rendered":"Giornata mondiale dei poveri 2024"},"content":{"rendered":"\n<p class=\"has-black-color has-text-color has-link-color wp-elements-ce0cb5336ac0aa37af4b396211256cb5\">\u201c<em>Dritti al cuore<\/em>\u201d: con questo slogan la Caritas diocesana di Lucca si appresta a vivere l\u2019<strong>ottava Giornata mondiale dei poveri<\/strong>, un appuntamento che sollecita e sensibilizza sul tema delle fragilit\u00e0 diffuse sul territorio. Quest\u2019anno il programma di iniziative si inserisce nel pi\u00f9 ampio cartellone di eventi che, da ottobre 2024 a gennaio 2025, celebrano<strong> i primi 50 anni di Caritas Lucca<\/strong>: un passaggio che la stessa Caritas intende pi\u00f9 come un punto di partenza che un traguardo.<br><br>Come ogni anno, la Giornata mondiale dei poveri \u00e8 stata indetta da Papa Francesco, che per l\u2019occasione ha scelto come versetto biblico ispiratore \u201c<em>La preghiera del povero sale fino a Dio<\/em>\u201d (cfr Siracide 21,5). Caritas Lucca ha tradotto questo passo nel claim <strong>Dritti al cuore<\/strong>, immaginando le preghiere di chi \u00e8 in povert\u00e0 come frecce scagliate nel cuore di Dio, ma anche suggerendo una semplicit\u00e0 di cuore come presupposto di una preghiera autentica.<br><br>Molti gli appuntamenti previsti. La mattina del <strong>6 novembre<\/strong> presso il Cinema Astra a Lucca il giornalista <strong>Gabriele Del Grande<\/strong> terr\u00e0 un incontro dal titolo <strong>Il secolo \u00e8 mobile<\/strong>, nel quale affronter\u00e0 il tema delle migrazioni insieme a studentesse e studenti delle scuole secondarie di secondo grado. L\u2019evento \u00e8 promosso dall\u2019associazione Amani Nyayo in collaborazione con la Caritas e Il Centro missionario della diocesi di Lucca grazie al bando Cesvot 2024. Gi\u00e0 l\u2019anno scorso, in occasione della Giornata mondiale dei poveri 2023, Caritas diocesana e il Centro missionario diocesano invitarono il reporter per presentare il libro \u201c<em>Il secolo mobile<\/em>\u201d, allora appena pubblicato. Quest\u2019anno la collaborazione tra i due uffici di Curia si rinnova per portare quei temi ai giovani delle scuole lucchesi.<br><br><strong>Luned\u00ec 11 novembre<\/strong> alle <strong>ore 17<\/strong> presso il <strong>Salone dell\u2019Arcivescovato<\/strong> si terr\u00e0 <strong>Allora comincia<\/strong>, uno degli eventi di punta del programma. L\u2019incontro tratter\u00e0 dei primi cinquant\u2019anni della Caritas diocesana di Lucca, attraverso la voce di tutti i principali ex direttori e alcuni testimoni, alla presenza dell\u2019Arcivescovo Paolo Giulietti, del direttore di Caritas Italiana Don Marco Pagniello e del delegato regionale di Caritas Toscana Don Emanuele Morelli.<br><br>Due le <strong>veglie di preghiera<\/strong> in preparazione alla Giornata mondiale dei poveri. Dopo quella tenutasi ieri sera presso la Chiesa di Santa Maria Assunta alla Migliarina &#8211; Viareggio per la Zona della Versilia, in occasione della quale \u00e8 stata fatta una raccolta alimentare per sostenere l\u2019attivit\u00e0 del Centro di Ascolto parrocchiale dopo recenti episodi di furto, <strong>mercoled\u00ec 13 alle ore 21 presso la Chiesa di San Giovanni Battista a Pieve Fosciana<\/strong> si terr\u00e0 una <strong>veglia presieduta dal vescovo Paolo<\/strong> per la zona della Mediavalle del Serchio.<br><br>Si arriva cos\u00ec a <strong>domenica 17 novembre<\/strong>, data in cui ricorre la Giornata mondiale dei poveri. L\u2019evento principale \u00e8 l\u2019<strong>incontro con Paolo Curtaz<\/strong>, scrittore e teologo, <strong>alle ore 16 presso la Cattedrale di San Martino a Lucca<\/strong>. Curtaz terr\u00e0 una riflessione sul messaggio di Papa Francesco e sul versetto biblico scelto per l\u2019occasione. Ma non \u00e8 la sola iniziativa in programma quel giorno. In molte chiese della diocesi, infatti, sar\u00e0 possibile leggere i pensieri e le preghiere di alcune persone in povert\u00e0 grazie ad appositi cartelloni disseminati nei luoghi dove idealmente sarebbero transitate quelle persone. Un modo, questo, per lasciarsi sollecitare e riflettere sulle varie forme di povert\u00e0 di cui non sempre \u00e8 facile accorgersi.<br><br>Il programma non termina qui. <strong>Sabato 23 e domenica 24 novembre<\/strong> torner\u00e0 <strong>Olio b\u00f2no<\/strong>, la raccolta solidale delle olive con cui Caritas diocesana, insieme alla Cooperativa Agricola Sociale Calafata, produce in gratuit\u00e0 olio da portare sulle tavole delle famiglie seguite dai Centri di Ascolto del territorio. Per <strong>partecipare come volontari<\/strong> a questa bella iniziativa, basta comunicare la propria disponibilit\u00e0 telefonando allo 08583 430938, scrivendo a <a href=\"mailto:caritas@diocesilucca.it\">caritas@diocesilucca.it<\/a> oppure compilando il modulo nella sezione <em>Agisco<\/em> del sito <a href=\"http:\/\/www.caritalucca.it\">www.caritalucca.it<\/a>. <strong>Gioved\u00ec 5 dicembre<\/strong>, infine, alle <strong>ore 17<\/strong> presso la <strong>Casa San Francesco<\/strong> a <strong>San Pietro a Vico<\/strong> sar\u00e0 presentato <strong>Bagliori<\/strong>, il libro scritto a pi\u00f9 mani a cura di <strong>Giuliana Del Bianco <\/strong>sul tema del carcere, visto il servizio svolto da Caritas presso la Casa Circondariale San Giorgio di Lucca .<br><br>Come detto, il programma dei cinquant\u2019anni di Caritas Lucca non si esaurisce in quello della Giornata mondiale dei poveri, ma prosegue anche a dicembre e a gennaio. In particolare, tra <strong>sabato 30 novembre e domenica 1 dicembre <\/strong>comincia l\u2019<strong>Avvento di fraternit\u00e0<\/strong>, momento forte dell\u2019anno liturgico. Quest\u2019anno Caritas concentrer\u00e0 la propria attenzione intorno al tema delle <strong>povert\u00e0 alimentari<\/strong>. Tale scelta si \u00e8 resa necessaria per il momento di grande difficolt\u00e0 in cui si trovano le persone e le famiglie seguite dai volontari dei centri di ascolto, bisogni a cui gli empori alimentari e i centri di distribuzione stanno facendo fatica a rispondere nell\u2019ultimo periodo.<br><br>Gli eventi che chiuderanno la celebrazione dei primi 50 anni della Caritas diocesana di Lucca si terranno a gennaio. <strong>Mercoled\u00ec 22 gennaio 2025<\/strong> alle <strong>ore 21.15<\/strong> presso il <strong>Teatro del Giglio<\/strong> \u00e8 confermato il <strong>concerto Cr\u00eauza de M\u00e4<\/strong> di <strong>Mauro Pagani<\/strong>. Vuole, questo, essere un piccolo regalo alla citt\u00e0 e alla diocesi; quanto raccolto in quest\u2019occasione andr\u00e0, anch\u2019esso, a sostenere l\u2019attivit\u00e0 degli empori solidali e dei centri di distribuzione alimentare. Sono passati quarant&#8217;anni dalla pubblicazione dell&#8217;album Cr\u00eauza de M\u00e4, scritto da Fabrizio De Andr\u00e8 e Mauro Pagani. Mauro ha deciso di salpare per una nuova avventura accompagnato, questa volta, da un equipaggio di 6 musicisti e da una corista e un corista, per riproporre le avvolgenti sonorit\u00e0, senza tempo e senza spazio, narrate nell&#8217;album Cr\u00eauza de M\u00e4. A coronare questo viaggio musicale, non mancheranno, poi, i brani del suo noto e apprezzato repertorio frutto di oltre cinquanta anni di carriera.<br><br>A chiudere il programma ci sar\u00e0 <strong>Chi ben comincia<\/strong>, \u201caperincontro\u201d per i volontari Caritas. Si terr\u00e0 <strong>venerd\u00ec 31 gennaio 2025<\/strong> alle <strong>ore 17.30<\/strong> presso il locale <strong>La pecora nera<\/strong>, nel Giardino degli Osservanti, in via della Quarquonia 1B, a Lucca. Si tratter\u00e0 di un appuntamento informale e animato da musica e varie iniziative ed esperienze formative per i partecipanti.<\/p>\n","protected":false},"excerpt":{"rendered":"<p>\u201cDritti al cuore\u201d: con questo slogan la Caritas diocesana di Lucca si appresta a vivere l\u2019ottava Giornata mondiale dei poveri, un appuntamento che sollecita e sensibilizza sul tema delle fragilit\u00e0 diffuse sul territorio. Quest\u2019anno il programma di iniziative si inserisce nel pi\u00f9 ampio cartellone di&#8230;<\/p>\n","protected":false},"author":244,"featured_media":2510,"comment_status":"closed","ping_status":"closed","sticky":false,"template":"","format":"standard","meta":{"footnotes":""},"categories":[11,77,78,30,55,5,44,40,66,23],"tags":[],"class_list":["post-2513","post","type-post","status-publish","format-standard","has-post-thumbnail","hentry","category-ascolto","category-centri-di-ascolto","category-comunita","category-eventi","category-giornata-mondiale-dei-poveri","category-giovani","category-poverta","category-pubblicazioni","category-testimonianze","category-volontariato"],"_links":{"self":[{"href":"https:\/\/www.diocesilucca.it\/caritas\/wp-json\/wp\/v2\/posts\/2513","targetHints":{"allow":["GET"]}}],"collection":[{"href":"https:\/\/www.diocesilucca.it\/caritas\/wp-json\/wp\/v2\/posts"}],"about":[{"href":"https:\/\/www.diocesilucca.it\/caritas\/wp-json\/wp\/v2\/types\/post"}],"author":[{"embeddable":true,"href":"https:\/\/www.diocesilucca.it\/caritas\/wp-json\/wp\/v2\/users\/244"}],"replies":[{"embeddable":true,"href":"https:\/\/www.diocesilucca.it\/caritas\/wp-json\/wp\/v2\/comments?post=2513"}],"version-history":[{"count":1,"href":"https:\/\/www.diocesilucca.it\/caritas\/wp-json\/wp\/v2\/posts\/2513\/revisions"}],"predecessor-version":[{"id":2514,"href":"https:\/\/www.diocesilucca.it\/caritas\/wp-json\/wp\/v2\/posts\/2513\/revisions\/2514"}],"wp:featuredmedia":[{"embeddable":true,"href":"https:\/\/www.diocesilucca.it\/caritas\/wp-json\/wp\/v2\/media\/2510"}],"wp:attachment":[{"href":"https:\/\/www.diocesilucca.it\/caritas\/wp-json\/wp\/v2\/media?parent=2513"}],"wp:term":[{"taxonomy":"category","embeddable":true,"href":"https:\/\/www.diocesilucca.it\/caritas\/wp-json\/wp\/v2\/categories?post=2513"},{"taxonomy":"post_tag","embeddable":true,"href":"https:\/\/www.diocesilucca.it\/caritas\/wp-json\/wp\/v2\/tags?post=2513"}],"curies":[{"name":"wp","href":"https:\/\/api.w.org\/{rel}","templated":true}]}}