{"id":2508,"date":"2024-10-11T15:05:00","date_gmt":"2024-10-11T13:05:00","guid":{"rendered":"https:\/\/www.diocesilucca.it\/caritas\/?p=2508"},"modified":"2024-11-27T09:42:26","modified_gmt":"2024-11-27T08:42:26","slug":"proprio-ora-germoglia-i-primi-50-anni-di-caritas-lucca","status":"publish","type":"post","link":"https:\/\/www.diocesilucca.it\/caritas\/2024\/10\/11\/proprio-ora-germoglia-i-primi-50-anni-di-caritas-lucca\/","title":{"rendered":"Proprio ora germoglia: i primi 50 anni di Caritas Lucca"},"content":{"rendered":"\n<p class=\"has-black-color has-text-color has-link-color wp-elements-49b1cd6898d39ab4687497b4fb65c124\">Nel 1974 nasceva la Caritas diocesana di Lucca, che si appresta adesso a celebrare i <strong>cinquant\u2019anni<\/strong> di questa ricorrenza con una serie di proposte che animeranno il periodo che va da ottobre a gennaio. \u201c<strong>Proprio ora germoglia<\/strong>\u201d: questo il versetto biblico con cui Caritas intende attraversare il passaggio dei 50 anni, facendo riferimento, pi\u00f9 che a un traguardo, a un punto di partenza verso qualcosa di nuovo che pu\u00f2 ancora e ulteriormente crescere, svilupparsi, portare frutto. Il calendario delle iniziative si intreccia con quello della Giornata mondiale dei poveri, che nel 2024 giunge alla sua ottava edizione, e quello dell\u2019Avvento di fraternit\u00e0, ma non si esaurisce con questi due programmi pi\u00f9 specifici.<br><br>Tre gli eventi di punta su cui si sta lavorando. <strong>Luned\u00ec 11 novembre alle ore 17.00 presso il Salone dell\u2019Arcivescovato<\/strong> si terr\u00e0 \u201c<strong>Allora comincia<\/strong>\u201d, un incontro con tutti i principali ex direttori e testimoni per raccontare la storia della Caritas diocesana, alla presenza del vescovo Paolo Giulietti, del direttore di Caritas Italiana Don Marco Pagniello e del direttore di Caritas Toscana Don Emanuele Morelli.<br><br><strong>Domenica 17 novembre alle ore 16.00 presso la Cattedrale di San Martino<\/strong> avr\u00e0 luogo \u201c<strong>La preghiera del povero sale fino a Dio<\/strong>\u201d, un incontro di approfondimento a cura del teologo e saggista <strong>Paolo Curtaz<\/strong> sul versetto scelto da Papa Francesco in occasione dell\u2019ottava Giornata mondiale dei poveri.<br><br><strong>Mercoled\u00ec 22 gennaio alle ore 21.00 presso il Teatro del Giglio<\/strong> andr\u00e0 in scena \u201c<strong>Cr\u00eauza de m\u00e4<\/strong>\u201d, il concerto di <strong>Mauro Pagani<\/strong> a 40 anni dalla pubblicazione dell\u2019omonimo album di <strong>Fabrizio De Andr\u00e9<\/strong> scritto a quattro mani proprio insieme a Pagani. Vuole questo concerto essere una sorta di regalo di Caritas alla citt\u00e0 e alla diocesi tutta. Nelle prossime settimane saranno comunicati maggiori dettagli per ciascuno di questi eventi.<br><br>La rassegna \u201cProprio ora germoglia\u201d si apre gi\u00e0 nella giornata di domani <strong>sabato 12 ottobre alle ore 10.30<\/strong>, con la presentazione del bilancio di sostenibilit\u00e0 2023 della Cooperativa agricola sociale <strong>Calafata<\/strong>, nata pi\u00f9 di 10 anni fa proprio da Caritas. L\u2019appuntamento \u00e8 presso il <strong>Salone dell\u2019Arcivescovato<\/strong>, in Piazzale Arrigoni, e ha per titolo \u201c<strong>Oltre i numeri: nuove metodologie per una sostenibilit\u00e0 trasparente<\/strong>\u201d.<br><br><strong>Venerd\u00ec 18 ottobre alle ore 18.30<\/strong>, sempre presso il <strong>Salone dell\u2019Arcivescovato<\/strong>, si terr\u00e0 invece un incontro dal titolo \u201c<strong>Missione e societ\u00e0, l\u2019esperienza della Chiesa di Lucca<\/strong>\u201d. L\u2019evento, realizzato in collaborazione con il Centro missionario diocesano, prevede il racconto di esperienze e testimonianze a 50 anni dall\u2019invio dei missionari \u201cFidei Donum\u201d nelle diocesi di Rio Branco e Byumba.<br><br><strong>Sabato 30 novembre alle ore 10.30<\/strong> sar\u00e0 la volta di \u201c<strong>Nanina e la sostenibilit\u00e0 sociale<\/strong>\u201d, l\u2019appuntamento con l\u2019altra esperienza di cooperativismo nata da Caritas. L\u2019incontro si terr\u00e0 presso il capannone in <strong>Via Stipeti 33, Coselli, Capannori<\/strong>, e tratter\u00e0 il tema delle \u201c5 P dell\u2019agenda 2030 per Nanina Societ\u00e0 Cooperativa Sociale e di Comunit\u00e0\u201d.<br><br>Il programma si chiude con \u201c<strong>Chi ben comincia<\/strong>\u201d un appuntamento dedicato ai volontari, che si terr\u00e0 <strong>venerd\u00ec 31 gennaio alle ore 17.30<\/strong>, in orario e modalit\u00e0 di aperitivo.<\/p>\n","protected":false},"excerpt":{"rendered":"<p>Nel 1974 nasceva la Caritas diocesana di Lucca, che si appresta adesso a celebrare i cinquant\u2019anni di questa ricorrenza con una serie di proposte che animeranno il periodo che va da ottobre a gennaio. \u201cProprio ora germoglia\u201d: questo il versetto biblico con cui Caritas intende&#8230;<\/p>\n","protected":false},"author":244,"featured_media":2509,"comment_status":"closed","ping_status":"closed","sticky":false,"template":"","format":"standard","meta":{"footnotes":""},"categories":[77,78,30,29,44,66,23],"tags":[],"class_list":["post-2508","post","type-post","status-publish","format-standard","has-post-thumbnail","hentry","category-centri-di-ascolto","category-comunita","category-eventi","category-musica","category-poverta","category-testimonianze","category-volontariato"],"_links":{"self":[{"href":"https:\/\/www.diocesilucca.it\/caritas\/wp-json\/wp\/v2\/posts\/2508","targetHints":{"allow":["GET"]}}],"collection":[{"href":"https:\/\/www.diocesilucca.it\/caritas\/wp-json\/wp\/v2\/posts"}],"about":[{"href":"https:\/\/www.diocesilucca.it\/caritas\/wp-json\/wp\/v2\/types\/post"}],"author":[{"embeddable":true,"href":"https:\/\/www.diocesilucca.it\/caritas\/wp-json\/wp\/v2\/users\/244"}],"replies":[{"embeddable":true,"href":"https:\/\/www.diocesilucca.it\/caritas\/wp-json\/wp\/v2\/comments?post=2508"}],"version-history":[{"count":2,"href":"https:\/\/www.diocesilucca.it\/caritas\/wp-json\/wp\/v2\/posts\/2508\/revisions"}],"predecessor-version":[{"id":2512,"href":"https:\/\/www.diocesilucca.it\/caritas\/wp-json\/wp\/v2\/posts\/2508\/revisions\/2512"}],"wp:featuredmedia":[{"embeddable":true,"href":"https:\/\/www.diocesilucca.it\/caritas\/wp-json\/wp\/v2\/media\/2509"}],"wp:attachment":[{"href":"https:\/\/www.diocesilucca.it\/caritas\/wp-json\/wp\/v2\/media?parent=2508"}],"wp:term":[{"taxonomy":"category","embeddable":true,"href":"https:\/\/www.diocesilucca.it\/caritas\/wp-json\/wp\/v2\/categories?post=2508"},{"taxonomy":"post_tag","embeddable":true,"href":"https:\/\/www.diocesilucca.it\/caritas\/wp-json\/wp\/v2\/tags?post=2508"}],"curies":[{"name":"wp","href":"https:\/\/api.w.org\/{rel}","templated":true}]}}