{"id":2274,"date":"2024-04-03T11:14:26","date_gmt":"2024-04-03T09:14:26","guid":{"rendered":"https:\/\/www.diocesilucca.it\/caritas\/?p=2274"},"modified":"2024-04-03T11:16:00","modified_gmt":"2024-04-03T09:16:00","slug":"cose-otri-nuovi-e-perche-riguarda-anche-caritas","status":"publish","type":"post","link":"https:\/\/www.diocesilucca.it\/caritas\/2024\/04\/03\/cose-otri-nuovi-e-perche-riguarda-anche-caritas\/","title":{"rendered":"Cos&#8217;\u00e8 &#8220;Otri nuovi&#8221; e perch\u00e9 riguarda anche Caritas"},"content":{"rendered":"\n<p class=\"has-black-color has-text-color has-link-color wp-elements-ab57b60d55f01772e4372fc5da7db8da\">\u00c8 gi\u00e0 un po&#8217; che in diocesi si parla di <strong>Otri nuovi<\/strong>, un documento su cui hanno lavorato tutti gli uffici pastorali su forte spinta del vescovo Paolo. Otri nuovi \u00e8 il nuovo <strong>progetto quadro di pastorale dell&#8217;et\u00e0 evolutiva<\/strong>: uno strumento che ha l&#8217;obiettivo di aiutare gli educatori delle comunit\u00e0 a costruire una valida proposta formativa per tutte le persone dalla nascita fino ai 30 anni di vita.<br><br>Anche <strong>Caritas diocesana \u00e8 coinvolta<\/strong>, sia perch\u00e9 ha partecipato alla stesura del progetto, sia perch\u00e9 la dimensione caritativa \u00e8 uno degli ambiti sui quali si pu\u00f2 (e forse si deve) fare formazione. Otri nuovi rappresenta, dunque, anche un&#8217;interessante <strong>occasione per intercettare le nuove generazioni<\/strong> sui temi della prossimit\u00e0 e dell&#8217;attenzione ai pi\u00f9 vulnerabili, che sono poi ci\u00f2 su cui sono impegnati i tanti volontari dei gruppi Caritas nelle comunit\u00e0.<br><br>Ma com&#8217;\u00e8 strutturato Otri nuovi? La formazione riguarda <strong>cinque dimensioni della persona<\/strong>: spirituale, culturale, vocazionale, caritativa e missionaria. Per ciascuno di questi cinque macro ambiti, a seconda della <strong>fascia di et\u00e0<\/strong> di chi si sta accompagnando, Otri nuovi formula una serie di proposte, denominate <strong>esperienze<\/strong>. Tali esperienze possono essere <strong>locali<\/strong> (se realizzabili direttamente dalle comunit\u00e0), oppure <strong>diocesane<\/strong> (quando sono realizzate da uno o pi\u00f9 uffici diocesani per tutte le comunit\u00e0 che desiderano partecipare).<\/p>\n\n\n<div class=\"wp-block-image\">\n<figure class=\"aligncenter size-full\"><img loading=\"lazy\" decoding=\"async\" width=\"800\" height=\"533\" src=\"https:\/\/www.diocesilucca.it\/caritas\/wp-content\/uploads\/sites\/10\/2024\/04\/News-Sito-struttura-otri-nuovi.png\" alt=\"\" class=\"wp-image-2275\" srcset=\"https:\/\/www.diocesilucca.it\/caritas\/wp-content\/uploads\/sites\/10\/2024\/04\/News-Sito-struttura-otri-nuovi.png 800w, https:\/\/www.diocesilucca.it\/caritas\/wp-content\/uploads\/sites\/10\/2024\/04\/News-Sito-struttura-otri-nuovi-300x200.png 300w, https:\/\/www.diocesilucca.it\/caritas\/wp-content\/uploads\/sites\/10\/2024\/04\/News-Sito-struttura-otri-nuovi-768x512.png 768w\" sizes=\"auto, (max-width: 800px) 100vw, 800px\" \/><\/figure>\n<\/div>\n\n\n<div style=\"height:20px\" aria-hidden=\"true\" class=\"wp-block-spacer\"><\/div>\n\n\n\n<p class=\"has-black-color has-text-color has-link-color wp-elements-1df39830dec5cda8488ab211a0fc2852\">Recentemente, proprio il <strong>vescovo Paolo<\/strong> ha realizzato<strong> tre video di introduzione su Otri nuovi<\/strong>, gi\u00e0 caricati sul Esare (la piattaforma di formazione della diocesi) e su YouTube. Per immediatezza, di seguito trovi i <strong>tre video per approfondire l&#8217;argomento<\/strong>. Invece, <a href=\"https:\/\/www.diocesilucca.it\/blog\/otrinuovi\/\"><strong><mark class=\"has-inline-color has-vivid-red-color\">clicca qui<\/mark><\/strong><\/a> per visitare la pagina sul sito della diocesi che \u00e8 dedicata a Otri nuovi e dalla quale puoi scaricare i relativi documenti.<\/p>\n\n\n\n<figure class=\"wp-block-embed is-type-video is-provider-youtube wp-block-embed-youtube wp-embed-aspect-4-3 wp-has-aspect-ratio\"><div class=\"wp-block-embed__wrapper\">\n<iframe loading=\"lazy\" title=\"OTRI NUOVI | 1\u00b0 incontro | Progetto-quadro di Pastorale dell&#039;et\u00e0 evolutiva\" width=\"1060\" height=\"795\" src=\"https:\/\/www.youtube.com\/embed\/c_5b5RRexY4?feature=oembed\" frameborder=\"0\" allow=\"accelerometer; autoplay; clipboard-write; encrypted-media; gyroscope; picture-in-picture; web-share\" referrerpolicy=\"strict-origin-when-cross-origin\" allowfullscreen><\/iframe>\n<\/div><\/figure>\n\n\n\n<figure class=\"wp-block-embed is-type-video is-provider-youtube wp-block-embed-youtube wp-embed-aspect-4-3 wp-has-aspect-ratio\"><div class=\"wp-block-embed__wrapper\">\n<iframe loading=\"lazy\" title=\"OTRI NUOVI | 2\u00b0 incontro | Progetto-quadro di Pastorale dell&#039;et\u00e0 evolutiva\" width=\"1060\" height=\"795\" src=\"https:\/\/www.youtube.com\/embed\/ohwN6W8Ivyg?feature=oembed\" frameborder=\"0\" allow=\"accelerometer; autoplay; clipboard-write; encrypted-media; gyroscope; picture-in-picture; web-share\" referrerpolicy=\"strict-origin-when-cross-origin\" allowfullscreen><\/iframe>\n<\/div><\/figure>\n\n\n\n<figure class=\"wp-block-embed is-type-video is-provider-youtube wp-block-embed-youtube wp-embed-aspect-4-3 wp-has-aspect-ratio\"><div class=\"wp-block-embed__wrapper\">\n<iframe loading=\"lazy\" title=\"OTRI NUOVI | 3\u00b0 incontro | Progetto-quadro di Pastorale dell&#039;et\u00e0 evolutiva\" width=\"1060\" height=\"795\" src=\"https:\/\/www.youtube.com\/embed\/ZLpU8i1AG_I?feature=oembed\" frameborder=\"0\" allow=\"accelerometer; autoplay; clipboard-write; encrypted-media; gyroscope; picture-in-picture; web-share\" referrerpolicy=\"strict-origin-when-cross-origin\" allowfullscreen><\/iframe>\n<\/div><\/figure>\n","protected":false},"excerpt":{"rendered":"<p>\u00c8 gi\u00e0 un po&#8217; che in diocesi si parla di Otri nuovi, un documento su cui hanno lavorato tutti gli uffici pastorali su forte spinta del vescovo Paolo. Otri nuovi \u00e8 il nuovo progetto quadro di pastorale dell&#8217;et\u00e0 evolutiva: uno strumento che ha l&#8217;obiettivo di&#8230;<\/p>\n","protected":false},"author":244,"featured_media":2277,"comment_status":"closed","ping_status":"closed","sticky":false,"template":"","format":"standard","meta":{"footnotes":""},"categories":[13,77,78,5,23],"tags":[],"class_list":["post-2274","post","type-post","status-publish","format-standard","has-post-thumbnail","hentry","category-bambini","category-centri-di-ascolto","category-comunita","category-giovani","category-volontariato"],"_links":{"self":[{"href":"https:\/\/www.diocesilucca.it\/caritas\/wp-json\/wp\/v2\/posts\/2274","targetHints":{"allow":["GET"]}}],"collection":[{"href":"https:\/\/www.diocesilucca.it\/caritas\/wp-json\/wp\/v2\/posts"}],"about":[{"href":"https:\/\/www.diocesilucca.it\/caritas\/wp-json\/wp\/v2\/types\/post"}],"author":[{"embeddable":true,"href":"https:\/\/www.diocesilucca.it\/caritas\/wp-json\/wp\/v2\/users\/244"}],"replies":[{"embeddable":true,"href":"https:\/\/www.diocesilucca.it\/caritas\/wp-json\/wp\/v2\/comments?post=2274"}],"version-history":[{"count":2,"href":"https:\/\/www.diocesilucca.it\/caritas\/wp-json\/wp\/v2\/posts\/2274\/revisions"}],"predecessor-version":[{"id":2279,"href":"https:\/\/www.diocesilucca.it\/caritas\/wp-json\/wp\/v2\/posts\/2274\/revisions\/2279"}],"wp:featuredmedia":[{"embeddable":true,"href":"https:\/\/www.diocesilucca.it\/caritas\/wp-json\/wp\/v2\/media\/2277"}],"wp:attachment":[{"href":"https:\/\/www.diocesilucca.it\/caritas\/wp-json\/wp\/v2\/media?parent=2274"}],"wp:term":[{"taxonomy":"category","embeddable":true,"href":"https:\/\/www.diocesilucca.it\/caritas\/wp-json\/wp\/v2\/categories?post=2274"},{"taxonomy":"post_tag","embeddable":true,"href":"https:\/\/www.diocesilucca.it\/caritas\/wp-json\/wp\/v2\/tags?post=2274"}],"curies":[{"name":"wp","href":"https:\/\/api.w.org\/{rel}","templated":true}]}}