{"id":2243,"date":"2024-03-11T10:03:08","date_gmt":"2024-03-11T09:03:08","guid":{"rendered":"https:\/\/www.diocesilucca.it\/caritas\/?p=2243"},"modified":"2024-03-11T10:09:28","modified_gmt":"2024-03-11T09:09:28","slug":"servizio-civile-universale-riapre-il-bando-nuova-scadenza-14-marzo-ore-10","status":"publish","type":"post","link":"https:\/\/www.diocesilucca.it\/caritas\/2024\/03\/11\/servizio-civile-universale-riapre-il-bando-nuova-scadenza-14-marzo-ore-10\/","title":{"rendered":"Servizio Civile Universale: riapre il bando! Nuova scadenza: 14\/3\/24 ore 10"},"content":{"rendered":"\n<p class=\"has-black-color has-text-color has-link-color wp-elements-59ed991b73713690cd500c6b83d8e64a\"><em>Il presente articolo potrebbe ricevere aggiornamenti nei prossimi giorni.<\/em><br><br>Oggi luned\u00ec 11 marzo 2024 <strong>riaprono i termini del bando di Servizio Civile Universale<\/strong>. Il bando era scaduto gioved\u00ec 22 febbraio 2024 dopo essere gi\u00e0 stato prorogato. Adesso, e pi\u00f9 precisamente dalle ore 10.00 di oggi, sar\u00e0 nuovamente possibile presentare la domanda di partecipazione <strong>fino alle ore 10.00 di gioved\u00ec 14 marzo<\/strong>. Una finestra di solo 3 giorni, che resta comunque una grande opportunit\u00e0 per chi non aveva fatto in tempo a candidarsi.<br><br>\u00c8 dunque possibile presentare domanda a uno dei <strong>due progetti della Caritas diocesana di Lucca<\/strong>: <strong><a href=\"https:\/\/www.diocesilucca.it\/caritas\/2024\/01\/08\/servizio-civile-universale-12-posti-in-caritas-lucca-scadenza-15-2-24-ore-14\/\">cliccando qui<\/a><\/strong>, trovi tutte le informazioni utili a candidarti. Oltre a quanto gi\u00e0 scritto nel precedente articolo, segnaliamo l&#8217;invito che il il Dipartimento per le Politiche Giovanili fa ai candidati di <strong>completare la compilazione dell\u2019istanza nel corso di un\u2019unica sessione<\/strong>, evitando di ricollegarsi in pi\u00f9 occasioni.<br><br>Al momento non ci sono aggiornamenti sulla procedura di selezione prevista per quanti hanno gi\u00e0 presentato domanda. Tutte le informazioni in merito si trovano sulla pagina <a href=\"https:\/\/www.diocesilucca.it\/caritas\/servizio-civile\/\"><strong>Servizio Civile<\/strong><\/a> accessibile dal menu principale del nostro sito. Nei prossimi giorni il presente articolo potrebbe ricevere aggiornamenti.<br><br><strong><em>Link utili:<\/em><\/strong><br><em><a href=\"https:\/\/www.politichegiovanili.gov.it\/comunicazione\/news\/2024\/3\/riapertura-termini-bando-2023\/\">News del Dipartimento sulla riapertura dei termini<\/a><\/em><br><em><a href=\"https:\/\/www.diocesilucca.it\/caritas\/2024\/01\/08\/servizio-civile-universale-12-posti-in-caritas-lucca-scadenza-15-2-24-ore-14\/\">Articolo sui progetti di Caritas Lucca<\/a><\/em><br><em><a href=\"https:\/\/domandaonline.serviziocivile.it\/\" target=\"_blank\" rel=\"noreferrer noopener\">Portale per la presentazione della domanda<\/a><br><a href=\"https:\/\/www.scelgoilserviziocivile.gov.it\/presenta-la-domanda\/compila-e-presenta-la-domanda\/\" target=\"_blank\" rel=\"noreferrer noopener\">Come compilare e presentare la domanda<\/a><\/em><br><em><a href=\"https:\/\/www.scelgoilserviziocivile.gov.it\/media\/1209\/guida_dol_bandoordinario_2023.pdf\">Guida alla compilazione e alla presentazione della domanda online<\/a><\/em><br><em><a href=\"https:\/\/www.diocesilucca.it\/caritas\/servizio-civile\/\">Pagina sul Servizio Civile sul sito di Caritas Lucca con aggiornamenti sulle selezioni<\/a><\/em><\/p>\n","protected":false},"excerpt":{"rendered":"<p>Il presente articolo potrebbe ricevere aggiornamenti nei prossimi giorni. Oggi luned\u00ec 11 marzo 2024 riaprono i termini del bando di Servizio Civile Universale. Il bando era scaduto gioved\u00ec 22 febbraio 2024 dopo essere gi\u00e0 stato prorogato. Adesso, e pi\u00f9 precisamente dalle ore 10.00 di oggi,&#8230;<\/p>\n","protected":false},"author":244,"featured_media":2244,"comment_status":"closed","ping_status":"closed","sticky":false,"template":"","format":"standard","meta":{"footnotes":""},"categories":[5,37,23,15],"tags":[],"class_list":["post-2243","post","type-post","status-publish","format-standard","has-post-thumbnail","hentry","category-giovani","category-servizio-civile","category-volontariato","category-young-caritas"],"_links":{"self":[{"href":"https:\/\/www.diocesilucca.it\/caritas\/wp-json\/wp\/v2\/posts\/2243","targetHints":{"allow":["GET"]}}],"collection":[{"href":"https:\/\/www.diocesilucca.it\/caritas\/wp-json\/wp\/v2\/posts"}],"about":[{"href":"https:\/\/www.diocesilucca.it\/caritas\/wp-json\/wp\/v2\/types\/post"}],"author":[{"embeddable":true,"href":"https:\/\/www.diocesilucca.it\/caritas\/wp-json\/wp\/v2\/users\/244"}],"replies":[{"embeddable":true,"href":"https:\/\/www.diocesilucca.it\/caritas\/wp-json\/wp\/v2\/comments?post=2243"}],"version-history":[{"count":4,"href":"https:\/\/www.diocesilucca.it\/caritas\/wp-json\/wp\/v2\/posts\/2243\/revisions"}],"predecessor-version":[{"id":2248,"href":"https:\/\/www.diocesilucca.it\/caritas\/wp-json\/wp\/v2\/posts\/2243\/revisions\/2248"}],"wp:featuredmedia":[{"embeddable":true,"href":"https:\/\/www.diocesilucca.it\/caritas\/wp-json\/wp\/v2\/media\/2244"}],"wp:attachment":[{"href":"https:\/\/www.diocesilucca.it\/caritas\/wp-json\/wp\/v2\/media?parent=2243"}],"wp:term":[{"taxonomy":"category","embeddable":true,"href":"https:\/\/www.diocesilucca.it\/caritas\/wp-json\/wp\/v2\/categories?post=2243"},{"taxonomy":"post_tag","embeddable":true,"href":"https:\/\/www.diocesilucca.it\/caritas\/wp-json\/wp\/v2\/tags?post=2243"}],"curies":[{"name":"wp","href":"https:\/\/api.w.org\/{rel}","templated":true}]}}