{"id":2151,"date":"2024-01-08T11:11:34","date_gmt":"2024-01-08T10:11:34","guid":{"rendered":"https:\/\/www.diocesilucca.it\/caritas\/?p=2151"},"modified":"2024-02-13T18:29:22","modified_gmt":"2024-02-13T17:29:22","slug":"servizio-civile-universale-12-posti-in-caritas-lucca-scadenza-15-2-24-ore-14","status":"publish","type":"post","link":"https:\/\/www.diocesilucca.it\/caritas\/2024\/01\/08\/servizio-civile-universale-12-posti-in-caritas-lucca-scadenza-15-2-24-ore-14\/","title":{"rendered":"Servizio Civile Universale: 12 posti in Caritas Lucca. Scadenza: 22\/2\/24 ore 14"},"content":{"rendered":"\n<p class=\"has-black-color has-text-color has-link-color wp-elements-d5c77ecf153a9c24efe9bb9a60ca28a6\"><strong><em>AGGIORNAMENTO (13\/2\/24). Il bando \u00e8 stato prorogato. La nuova scadenza dei termini \u00e8 fissata alle ore 14.00 di gioved\u00ec 22 febbraio 2024.<\/em><\/strong><br><br>\u00c8 aperto il bando per fare un\u2019esperienza di <strong>12 mesi di Servizio Civile Universale presso la Caritas diocesana di Lucca<\/strong>. Un anno di crescita, formazione, orientamento, condivisione. Il tutto attraverso l\u2019attivit\u00e0 in progetti dedicati al servizio per i pi\u00f9 fragili, all\u2019animazione delle comunit\u00e0 e al sostegno alle attivit\u00e0 educative.<br><br>Possono candidarsi i giovani <strong>dai 18 ai 28 anni di et\u00e0<\/strong> (alla data della presentazione della domanda). La domanda pu\u00f2 essere presentata esclusivamente attraverso la piattaforma <a href=\"https:\/\/domandaonline.serviziocivile.it\" target=\"_blank\" rel=\"noreferrer noopener\">https:\/\/domandaonline.serviziocivile.it<\/a> <strong>entro le ore 14.00 di <s>gioved\u00ec 15 febbraio 2024<\/s><\/strong> <strong><mark class=\"has-inline-color has-vivid-red-color\">(il bando \u00e8 stato prorogato e la nuova scadenza \u00e8 gioved\u00ec 22 febbraio 2024)<\/mark><\/strong>. Per presentare la domanda \u00e8 necessario lo <strong>SPID<\/strong>. Seguir\u00e0 una fase di selezione. L&#8217;impegno medio \u00e8 di 25 ore settimanali distribuite su 5 giorni di servizio a settimana. Il Servizio Civile Universale prevede un <strong>rimborso mensile di 507,30 euro<\/strong> e rappresenta un&#8217;occasione ideale per acquisire nuove competenze e contatti, fare orientamento rispetto al proprio ingresso nel mondo del lavoro, vivere un&#8217;esperienza di grande approfondimento sul piano umano e professionale.<br><br><strong>I posti disponibili sono 12 su due progetti<\/strong>.<br><br>Il primo progetto si chiama &#8220;<strong>Al passo degli ultimi &#8211; Lucca<\/strong>&#8221; e mette a disposizione 8 posti. Il progetto offre un\u2019esperienza presso i servizi di prossimit\u00e0 e le tante realt\u00e0 collegate a Caritas e con cui Caritas quotidianamente collabora. Si va dai servizi quali mense e centri diurni, servizi di ascolto, raccolta e distribuzione alimentare anche attraverso la rete di botteghe di vicinato solidale, le iniziative di animazione, sensibilizzazione e partecipazione, i percorsi e le proposte in favore delle scuole e dei giovani, l&#8217;attivit\u00e0 con e presso le cooperative sociali (per esempio Nanina e il progetto Daccapo), la collaborazione con gli altri uffici diocesani.<br><br>Il secondo progetto si chiama &#8220;<strong>Non solo scuola 2023<\/strong>&#8221; e mette a disposizione 4 posti. Il progetto prevede un&#8217;esperienza presso tutte le iniziative di animazione, sensibilizzazione e partecipazione e le proposte in ambito educativo organizzate, promosse e realizzate da Caritas, anche in collaborazione con gli altri uffici diocesani. Parliamo dunque delle campagne di sensibilizzazione, dell&#8217;organizzazione degli eventi, dei percorsi nelle scuole, delle proposte educative e animative in centri aggregativi e gruppi giovani.<br><br><strong>Di seguito tutti i dettagli dei due progetti<\/strong>. Ci si pu\u00f2 candidare a un solo progetto.<br><br><strong><em>Al passo degli ultimi &#8211; Lucca<\/em><\/strong><br><em>Posti a disposizione: 8<\/em><br><em>Codice progetto:\u00a0PTXSU0020923013336NMTX<\/em><br><em>Codice ente riferimento sede:\u00a0SU00209B74<\/em><br><em>Codice sede: 180312<\/em><br><em>Sede: Ufficio Pastorale Caritas &#8211; Piazzale Monsignor Giulio Arrigoni, 2 &#8211; 55100 Lucca<\/em><br><em>Settore: Assistenza<br>Area:\u00a0Altri soggetti in condizione di disagio o di esclusione sociale<\/em><br><em>Nome del programma di riferimento:<\/em> <em>Sulle strade con gli ultimi \u2010 Toscana<\/em><br><em><strong><a href=\"https:\/\/www.caritas.it\/wp-content\/uploads\/sites\/2\/2023\/12\/Al-passo-degli-ultimi-Lucca.pdf\">Clicca qui<\/a> <\/strong>per leggere la scheda con gli elementi essenziali del progetto<\/em><br><br><strong><em>Non solo scuola 2023<\/em><\/strong><br><em>Posti a disposizione: 4<\/em><br><em>Codice progetto:\u00a0PTCSU0020923013341NMTX<\/em><br><em>Codice ente riferimento sede:\u00a0SU00209B74<\/em><br><em>Codice sede: 180312<\/em><br><em>Sede: Ufficio Pastorale Caritas &#8211; Piazzale Monsignor Giulio Arrigoni, 2 &#8211; 55100 Lucca<\/em><br><em>Settore:<\/em> <em>Educazione e promozione culturale, paesaggistica, ambientale, del turismo sostenibile e sociale e dello sport<\/em><br><em>Area:\u00a0Animazione di comunit\u00e0<\/em><br><em>Nome del programma di riferimento:<\/em> <em>Educazione. Un&#8217;alleanza tra famiglia giovani scuola e volontariato 2023<\/em><br><em><strong><a href=\"https:\/\/www.caritas.it\/wp-content\/uploads\/sites\/2\/2023\/12\/Non-solo-scuola-2023.pdf\">Clicca qui<\/a> <\/strong>per leggere la scheda con gli elementi essenziali del progetto<\/em><br><br>Per candidarti ti consigliamo di essere in possesso di un <strong>curriculum vitae<\/strong> aggiornato, che potrai caricare in fase di presentazione della domanda. Possiamo darti una mano per capire come redigerlo al meglio. Inoltre, se hai bisogno di ulteriori informazioni, puoi rivolgerti direttamente a Caritas per un <strong>colloquio orientativo<\/strong>: per fissarlo scrivi a <strong>serviziocivile@diocesilucca.it<\/strong> oppure telefona al numero <strong>0583 430939<\/strong> (lun-ven, 9-17) e chiedi di Emanuele.<br><br>Ti segnaliamo inoltre un <strong>incontro di presentazione<\/strong> di questi e altri progetti sul territorio di Lucca. L&#8217;incontro si terr\u00e0 <strong>marted\u00ec 16 gennaio<\/strong> alle <strong>ore 17<\/strong> presso la <strong>biblioteca civica Agor\u00e0<\/strong> in via delle Trombe 6, a Lucca. L&#8217;incontro \u00e8 organizzato e promosso da <strong>InformaGiovani Lucca<\/strong>.<br><br>Ti aspettiamo!<br><br><em><strong>Alcuni utili link esterni<\/strong><br><a href=\"https:\/\/domandaonline.serviziocivile.it\/\" target=\"_blank\" rel=\"noreferrer noopener\">Portale per la presentazione della domanda<\/a><br><a href=\"https:\/\/www.scelgoilserviziocivile.gov.it\/presenta-la-domanda\/compila-e-presenta-la-domanda\/\" target=\"_blank\" rel=\"noreferrer noopener\">Come compilare e presentare la domanda<\/a><\/em><br><em><a href=\"https:\/\/www.scelgoilserviziocivile.gov.it\/media\/1209\/guida_dol_bandoordinario_2023.pdf\">Guida alla compilazione e alla presentazione della domanda online<\/a><\/em><\/p>\n\n\n<div class=\"wp-block-image\">\n<figure class=\"aligncenter size-large\"><img loading=\"lazy\" decoding=\"async\" width=\"1024\" height=\"1024\" src=\"https:\/\/www.diocesilucca.it\/caritas\/wp-content\/uploads\/sites\/10\/2024\/01\/SCU24-primo-post-1024x1024.png\" alt=\"\" class=\"wp-image-2158\" srcset=\"https:\/\/www.diocesilucca.it\/caritas\/wp-content\/uploads\/sites\/10\/2024\/01\/SCU24-primo-post-1024x1024.png 1024w, https:\/\/www.diocesilucca.it\/caritas\/wp-content\/uploads\/sites\/10\/2024\/01\/SCU24-primo-post-300x300.png 300w, https:\/\/www.diocesilucca.it\/caritas\/wp-content\/uploads\/sites\/10\/2024\/01\/SCU24-primo-post-150x150.png 150w, https:\/\/www.diocesilucca.it\/caritas\/wp-content\/uploads\/sites\/10\/2024\/01\/SCU24-primo-post-768x768.png 768w, https:\/\/www.diocesilucca.it\/caritas\/wp-content\/uploads\/sites\/10\/2024\/01\/SCU24-primo-post-550x550.png 550w, https:\/\/www.diocesilucca.it\/caritas\/wp-content\/uploads\/sites\/10\/2024\/01\/SCU24-primo-post-1000x1000.png 1000w, https:\/\/www.diocesilucca.it\/caritas\/wp-content\/uploads\/sites\/10\/2024\/01\/SCU24-primo-post.png 1080w\" sizes=\"auto, (max-width: 1024px) 100vw, 1024px\" \/><\/figure>\n<\/div>\n\n\n<div style=\"height:20px\" aria-hidden=\"true\" class=\"wp-block-spacer\"><\/div>\n","protected":false},"excerpt":{"rendered":"<p>AGGIORNAMENTO (13\/2\/24). Il bando \u00e8 stato prorogato. La nuova scadenza dei termini \u00e8 fissata alle ore 14.00 di gioved\u00ec 22 febbraio 2024. \u00c8 aperto il bando per fare un\u2019esperienza di 12 mesi di Servizio Civile Universale presso la Caritas diocesana di Lucca. Un anno di&#8230;<\/p>\n","protected":false},"author":244,"featured_media":2161,"comment_status":"closed","ping_status":"closed","sticky":false,"template":"","format":"standard","meta":{"footnotes":""},"categories":[5,37,23,15],"tags":[],"class_list":["post-2151","post","type-post","status-publish","format-standard","has-post-thumbnail","hentry","category-giovani","category-servizio-civile","category-volontariato","category-young-caritas"],"_links":{"self":[{"href":"https:\/\/www.diocesilucca.it\/caritas\/wp-json\/wp\/v2\/posts\/2151","targetHints":{"allow":["GET"]}}],"collection":[{"href":"https:\/\/www.diocesilucca.it\/caritas\/wp-json\/wp\/v2\/posts"}],"about":[{"href":"https:\/\/www.diocesilucca.it\/caritas\/wp-json\/wp\/v2\/types\/post"}],"author":[{"embeddable":true,"href":"https:\/\/www.diocesilucca.it\/caritas\/wp-json\/wp\/v2\/users\/244"}],"replies":[{"embeddable":true,"href":"https:\/\/www.diocesilucca.it\/caritas\/wp-json\/wp\/v2\/comments?post=2151"}],"version-history":[{"count":11,"href":"https:\/\/www.diocesilucca.it\/caritas\/wp-json\/wp\/v2\/posts\/2151\/revisions"}],"predecessor-version":[{"id":2173,"href":"https:\/\/www.diocesilucca.it\/caritas\/wp-json\/wp\/v2\/posts\/2151\/revisions\/2173"}],"wp:featuredmedia":[{"embeddable":true,"href":"https:\/\/www.diocesilucca.it\/caritas\/wp-json\/wp\/v2\/media\/2161"}],"wp:attachment":[{"href":"https:\/\/www.diocesilucca.it\/caritas\/wp-json\/wp\/v2\/media?parent=2151"}],"wp:term":[{"taxonomy":"category","embeddable":true,"href":"https:\/\/www.diocesilucca.it\/caritas\/wp-json\/wp\/v2\/categories?post=2151"},{"taxonomy":"post_tag","embeddable":true,"href":"https:\/\/www.diocesilucca.it\/caritas\/wp-json\/wp\/v2\/tags?post=2151"}],"curies":[{"name":"wp","href":"https:\/\/api.w.org\/{rel}","templated":true}]}}