{"id":2133,"date":"2023-12-14T16:28:37","date_gmt":"2023-12-14T15:28:37","guid":{"rendered":"https:\/\/www.diocesilucca.it\/caritas\/?p=2133"},"modified":"2023-12-14T16:28:38","modified_gmt":"2023-12-14T15:28:38","slug":"caritaspraim-fare-volontariato-ritirando-e-consegnando-regali","status":"publish","type":"post","link":"https:\/\/www.diocesilucca.it\/caritas\/2023\/12\/14\/caritaspraim-fare-volontariato-ritirando-e-consegnando-regali\/","title":{"rendered":"Caritaspraim: fare volontariato ritirando e consegnando regali"},"content":{"rendered":"\n<p class=\"has-black-color has-text-color has-link-color wp-elements-a95421e713237c2ec81fe0768abbffb1\">Da qualche anno a dicembre, insieme al <strong>Regalo sospeso<\/strong> (<strong><a href=\"https:\/\/www.diocesilucca.it\/caritas\/2023\/12\/06\/regalo-sospeso-tutte-le-iniziative-del-natale-2023\/\">leggi qui<\/a><\/strong> l&#8217;articolo dedicato), la Caritas diocesana di Lucca propone l&#8217;iniziativa di <strong>Caritaspraim<\/strong>: \u00e8 cos\u00ec che abbiamo scelto di chiamare il servizio dei volontari che ritirano i regali presso i punti vendita, ridistribuendoli poi alle persone fragili e alle comunit\u00e0 sul territorio. L&#8217;idea \u00e8 nata nel 2020 per strappare un sorriso sui temi del commercio di massa e della gran movimentazione di pacchi durante il Natale &#8211; non cos\u00ec sereno &#8211; delle chiusure e dei distanziamenti. Oggi ci racconta ancora di come, ironizzando sui miti del consumismo pi\u00f9 sfrenato, \u00e8 possibile far breccia in quel mondo con un messaggio che parla invece di <strong>prossimit\u00e0<\/strong>, <strong>gratuit\u00e0<\/strong>, <strong>dono<\/strong>, <strong>giustizia<\/strong>. Il tutto grazie a persone che mettono un po&#8217; del proprio tempo a disposizione degli altri. Tra queste persone <strong>puoi esserci anche tu<\/strong>.<\/p>\n\n\n<div class=\"wp-block-image\">\n<figure class=\"aligncenter size-large\"><img loading=\"lazy\" decoding=\"async\" width=\"1024\" height=\"703\" src=\"https:\/\/www.diocesilucca.it\/caritas\/wp-content\/uploads\/sites\/10\/2023\/12\/caritaspraim-2-1024x703.jpeg\" alt=\"\" class=\"wp-image-2136\" srcset=\"https:\/\/www.diocesilucca.it\/caritas\/wp-content\/uploads\/sites\/10\/2023\/12\/caritaspraim-2-1024x703.jpeg 1024w, https:\/\/www.diocesilucca.it\/caritas\/wp-content\/uploads\/sites\/10\/2023\/12\/caritaspraim-2-300x206.jpeg 300w, https:\/\/www.diocesilucca.it\/caritas\/wp-content\/uploads\/sites\/10\/2023\/12\/caritaspraim-2-768x527.jpeg 768w, https:\/\/www.diocesilucca.it\/caritas\/wp-content\/uploads\/sites\/10\/2023\/12\/caritaspraim-2-1536x1054.jpeg 1536w\" sizes=\"auto, (max-width: 1024px) 100vw, 1024px\" \/><\/figure>\n<\/div>\n\n\n<div style=\"height:20px\" aria-hidden=\"true\" class=\"wp-block-spacer\"><\/div>\n\n\n\n<p class=\"has-black-color has-text-color has-link-color wp-elements-5212f4c105247f86c1249373ec16c0fe\">Se anche tu vuoi partecipare al ritiro dei regali sospesi e alla loro consegna alle persone e alle famiglie seguite da Caritas, puoi comunicare la tua disponibilit\u00e0 attraverso la sezione Agisco del nostro sito, raggiungibile anche cliccando sul pulsante qua sotto. Compila il modulo e clicca su &#8220;Invia&#8221;: un&#8217;operatrice ti ricontatter\u00e0 per fare una chiacchierata e proporti un servizio.<\/p>\n\n\n\n<div class=\"wp-block-buttons is-content-justification-center is-layout-flex wp-container-core-buttons-is-layout-16018d1d wp-block-buttons-is-layout-flex\">\n<div class=\"wp-block-button\"><a class=\"wp-block-button__link has-white-color has-vivid-green-cyan-background-color has-text-color has-background has-link-color wp-element-button\" href=\"https:\/\/www.diocesilucca.it\/caritas\/agisco\/\"><strong>VIENI A FARE VOLONTARIATO<\/strong><\/a><\/div>\n<\/div>\n\n\n\n<div style=\"height:20px\" aria-hidden=\"true\" class=\"wp-block-spacer\"><\/div>\n\n\n<div class=\"wp-block-image\">\n<figure class=\"aligncenter size-large\"><img loading=\"lazy\" decoding=\"async\" width=\"1024\" height=\"1024\" src=\"https:\/\/www.diocesilucca.it\/caritas\/wp-content\/uploads\/sites\/10\/2023\/12\/Caritas-cerca-volontari-per-caritaspraim-1024x1024.png\" alt=\"\" class=\"wp-image-2140\" srcset=\"https:\/\/www.diocesilucca.it\/caritas\/wp-content\/uploads\/sites\/10\/2023\/12\/Caritas-cerca-volontari-per-caritaspraim-1024x1024.png 1024w, https:\/\/www.diocesilucca.it\/caritas\/wp-content\/uploads\/sites\/10\/2023\/12\/Caritas-cerca-volontari-per-caritaspraim-300x300.png 300w, https:\/\/www.diocesilucca.it\/caritas\/wp-content\/uploads\/sites\/10\/2023\/12\/Caritas-cerca-volontari-per-caritaspraim-150x150.png 150w, https:\/\/www.diocesilucca.it\/caritas\/wp-content\/uploads\/sites\/10\/2023\/12\/Caritas-cerca-volontari-per-caritaspraim-768x768.png 768w, https:\/\/www.diocesilucca.it\/caritas\/wp-content\/uploads\/sites\/10\/2023\/12\/Caritas-cerca-volontari-per-caritaspraim-550x550.png 550w, https:\/\/www.diocesilucca.it\/caritas\/wp-content\/uploads\/sites\/10\/2023\/12\/Caritas-cerca-volontari-per-caritaspraim-1000x1000.png 1000w, https:\/\/www.diocesilucca.it\/caritas\/wp-content\/uploads\/sites\/10\/2023\/12\/Caritas-cerca-volontari-per-caritaspraim.png 1080w\" sizes=\"auto, (max-width: 1024px) 100vw, 1024px\" \/><\/figure>\n<\/div>\n\n\n<div style=\"height:20px\" aria-hidden=\"true\" class=\"wp-block-spacer\"><\/div>\n","protected":false},"excerpt":{"rendered":"<p>Da qualche anno a dicembre, insieme al Regalo sospeso (leggi qui l&#8217;articolo dedicato), la Caritas diocesana di Lucca propone l&#8217;iniziativa di Caritaspraim: \u00e8 cos\u00ec che abbiamo scelto di chiamare il servizio dei volontari che ritirano i regali presso i punti vendita, ridistribuendoli poi alle persone&#8230;<\/p>\n","protected":false},"author":244,"featured_media":2143,"comment_status":"closed","ping_status":"closed","sticky":false,"template":"","format":"standard","meta":{"footnotes":""},"categories":[80,78,79,23,15],"tags":[],"class_list":["post-2133","post","type-post","status-publish","format-standard","has-post-thumbnail","hentry","category-avvento","category-comunita","category-natale","category-volontariato","category-young-caritas"],"_links":{"self":[{"href":"https:\/\/www.diocesilucca.it\/caritas\/wp-json\/wp\/v2\/posts\/2133","targetHints":{"allow":["GET"]}}],"collection":[{"href":"https:\/\/www.diocesilucca.it\/caritas\/wp-json\/wp\/v2\/posts"}],"about":[{"href":"https:\/\/www.diocesilucca.it\/caritas\/wp-json\/wp\/v2\/types\/post"}],"author":[{"embeddable":true,"href":"https:\/\/www.diocesilucca.it\/caritas\/wp-json\/wp\/v2\/users\/244"}],"replies":[{"embeddable":true,"href":"https:\/\/www.diocesilucca.it\/caritas\/wp-json\/wp\/v2\/comments?post=2133"}],"version-history":[{"count":8,"href":"https:\/\/www.diocesilucca.it\/caritas\/wp-json\/wp\/v2\/posts\/2133\/revisions"}],"predecessor-version":[{"id":2144,"href":"https:\/\/www.diocesilucca.it\/caritas\/wp-json\/wp\/v2\/posts\/2133\/revisions\/2144"}],"wp:featuredmedia":[{"embeddable":true,"href":"https:\/\/www.diocesilucca.it\/caritas\/wp-json\/wp\/v2\/media\/2143"}],"wp:attachment":[{"href":"https:\/\/www.diocesilucca.it\/caritas\/wp-json\/wp\/v2\/media?parent=2133"}],"wp:term":[{"taxonomy":"category","embeddable":true,"href":"https:\/\/www.diocesilucca.it\/caritas\/wp-json\/wp\/v2\/categories?post=2133"},{"taxonomy":"post_tag","embeddable":true,"href":"https:\/\/www.diocesilucca.it\/caritas\/wp-json\/wp\/v2\/tags?post=2133"}],"curies":[{"name":"wp","href":"https:\/\/api.w.org\/{rel}","templated":true}]}}