{"id":2088,"date":"2023-12-06T17:28:03","date_gmt":"2023-12-06T16:28:03","guid":{"rendered":"https:\/\/www.diocesilucca.it\/caritas\/?p=2088"},"modified":"2023-12-19T15:56:24","modified_gmt":"2023-12-19T14:56:24","slug":"regalo-sospeso-tutte-le-iniziative-del-natale-2023","status":"publish","type":"post","link":"https:\/\/www.diocesilucca.it\/caritas\/2023\/12\/06\/regalo-sospeso-tutte-le-iniziative-del-natale-2023\/","title":{"rendered":"Regalo sospeso: tutte le iniziative del Natale 2023"},"content":{"rendered":"\n<p class=\"has-black-color has-text-color has-link-color wp-elements-a87b92945184f2d67945aeaae81150ce\">Torna anche quest&#8217;anno il <strong>Regalo sospeso<\/strong>, con diverse novit\u00e0. Ecco tutte le proposte legate a questa iniziativa, che ci accompagner\u00e0 verso un Natale pi\u00f9 giusto e solidale. Per quanto riguarda, invece, l&#8217;<strong>Avvento di fraternit\u00e0<\/strong> e la tradizionale <strong>colletta<\/strong> che viene fatta in questo periodo, puoi leggere <strong><mark class=\"has-inline-color has-vivid-red-color\"><a href=\"https:\/\/www.diocesilucca.it\/caritas\/2023\/12\/01\/la-colletta-dellavvento-2023-per-rispondere-alla-poverta-sanitaria\/\">questo articolo<\/a><\/mark><\/strong>.<\/p>\n\n\n\n<h2 class=\"wp-block-heading has-black-color has-text-color has-link-color wp-elements-1a6f57dfad109877d859515d56e79a33\">Regalo sospeso presso i negozi di Lucca<\/h2>\n\n\n\n<p class=\"has-black-color has-text-color has-link-color wp-elements-7ac611195dcbfbbd61938a061d699a6c\">Si rinnova la collaborazione con <strong>Confcommercio Lucca<\/strong>, attraverso la quale molti negozi del Centro Storico e dei quartieri limitrofi aderiscono all&#8217;iniziativa del Regalo sospeso. Presso questi esercizi sar\u00e0 dunque possibile <strong>acquistare un regalo per le persone in condizioni di vulnerabilit\u00e0<\/strong>. In alternativa, si potr\u00e0 <strong>lasciare un&#8217;offerta<\/strong> a sostegno delle tante situazioni di difficolt\u00e0 che Caritas segue attraverso l&#8217;attivit\u00e0 quotidiana degli oltre 30 Centri di Ascolto del territorio. A partire dal giorno dell&#8217;Immacolata, i negozi aderenti esporranno presso le casse un totem che riporta la grafica sottostante (per la quale ringraziamo Genau) e rilasceranno una ricevuta per ogni donazione. Oltre a Confcommercio, ringraziamo fin d&#8217;ora tutti gli esercenti che aderiscono all&#8217;iniziativa e, soprattutto, tutte le persone che vorranno acquistare un regalo sospeso.<\/p>\n\n\n\n<figure class=\"wp-block-gallery aligncenter has-nested-images columns-default is-cropped wp-block-gallery-1 is-layout-flex wp-block-gallery-is-layout-flex\">\n<figure class=\"wp-block-image size-large\"><img loading=\"lazy\" decoding=\"async\" width=\"1024\" height=\"814\" data-id=\"1933\" src=\"https:\/\/www.diocesilucca.it\/caritas\/wp-content\/uploads\/sites\/10\/2022\/12\/regalo-sospeso-1024x814.png\" alt=\"\" class=\"wp-image-1933\" srcset=\"https:\/\/www.diocesilucca.it\/caritas\/wp-content\/uploads\/sites\/10\/2022\/12\/regalo-sospeso-1024x814.png 1024w, https:\/\/www.diocesilucca.it\/caritas\/wp-content\/uploads\/sites\/10\/2022\/12\/regalo-sospeso-300x238.png 300w, https:\/\/www.diocesilucca.it\/caritas\/wp-content\/uploads\/sites\/10\/2022\/12\/regalo-sospeso-768x611.png 768w, https:\/\/www.diocesilucca.it\/caritas\/wp-content\/uploads\/sites\/10\/2022\/12\/regalo-sospeso.png 1278w\" sizes=\"auto, (max-width: 1024px) 100vw, 1024px\" \/><\/figure>\n<\/figure>\n\n\n\n<div style=\"height:20px\" aria-hidden=\"true\" class=\"wp-block-spacer\"><\/div>\n\n\n\n<p class=\"has-black-color has-text-color has-link-color wp-elements-9be66eb797fd1164a9f15fd34ca9efed\">L&#8217;iniziativa, presentata oggi in una conferenza stampa con Confcommercio Lucca, \u00e8 stata proposta per la prima volta nel 2020 per&nbsp;sensibilizzare la popolazione verso le persone in difficolt\u00e0 ed&nbsp;\u00e8 cresciuta in questi anni. Lo scorso Natale sono stati donati 160 regali sospesi ed \u00e8 stato raccolto un cospicuo contributo economico.<\/p>\n\n\n\n<p class=\"has-black-color has-text-color has-link-color wp-elements-701665b3e8961f621a2f0146963ccdb4\">Se vuoi conoscere l&#8217;elenco completo dei negozi aderenti <strong>clicca il pulsante:<\/strong><\/p>\n\n\n\n<div class=\"wp-block-buttons is-content-justification-center is-layout-flex wp-container-core-buttons-is-layout-16018d1d wp-block-buttons-is-layout-flex\">\n<div class=\"wp-block-button has-custom-font-size is-style-outline has-medium-font-size is-style-outline--2\"><a class=\"wp-block-button__link has-white-color has-vivid-red-background-color has-text-color has-background has-link-color wp-element-button\" href=\"https:\/\/www.diocesilucca.it\/caritas\/wp-content\/uploads\/sites\/10\/2023\/12\/Negozi-Regalo-Sospeso-2023_agg.pdf\" target=\"_blank\" rel=\"noreferrer noopener\"><strong>ELENCO NEGOZI ADERENTI<\/strong><\/a><\/div>\n<\/div>\n\n\n\n<div style=\"height:20px\" aria-hidden=\"true\" class=\"wp-block-spacer\"><\/div>\n\n\n\n<h2 class=\"wp-block-heading has-black-color has-text-color has-link-color wp-elements-8ec5fac62e8864e84efb80b4abbe6baa\">Regalo sospeso presso InformaGiovani Lucca<\/h2>\n\n\n\n<p class=\"has-black-color has-text-color has-link-color wp-elements-5bd1ed4996036d41e0d8a2ab02df2961\">Una novit\u00e0 di questo Natale 2023 \u00e8 la possibilit\u00e0 di portare un regalo sospeso anche presso gli uffici dell&#8217;<strong>InformaGiovani<\/strong> <strong>Lucca<\/strong>, in via delle Trombe, 6. Si raccolgono <strong>oggetti e vestiti nuovi<\/strong>, in particolare per giovani e bambini. L&#8217;InformaGiovani entra dunque nella rete del Regalo sospeso, grazie a una collaborazione tra Caritas diocesana e Comune di Lucca. Oltre a promuovere l&#8217;iniziativa attraverso i propri canali e a raccogliere i regali sospesi, l&#8217;InformaGiovani accoglier\u00e0 anche&nbsp;<strong>eventuali adesioni<\/strong>&nbsp;da parte di ragazzi e ragazze che intendano svolgere <strong>attivit\u00e0 di volontariato <\/strong>in occasione del<strong> <\/strong>periodo natalizio per portare i regali nelle case insieme agli&nbsp;<strong>operatori della Caritas.<\/strong> In questo modo, chi non ha la possibilit\u00e0 di portare in dono un regalo sospeso, potr\u00e0 comunque donare qualche ora del proprio tempo per fare un&#8217;attivit\u00e0 bella e utile per la comunit\u00e0.<\/p>\n\n\n\n<h2 class=\"wp-block-heading has-black-color has-text-color has-link-color wp-elements-78637d38b39044c80420cf5cf657921b\">Caritaspraim<\/h2>\n\n\n\n<p class=\"has-black-color has-text-color has-link-color wp-elements-147a457fbd1d24ff976d760e67f4211a\">Proprio in merito a quest&#8217;ultimo punto, siamo lieti di annunciare il ritorno di <strong>Caritaspraim<\/strong>. \u00c8 cos\u00ec che abbiamo chiamato il servizio di ritiro e consegna dei regali sospesi, a opera dei volontari Caritas. Quando una volontaria o un volontario recupereranno un regalo sospeso dai negozi o dai punti di raccolta per consegnarlo a una persona seguita da Caritas, tale servizio sar\u00e0 svolto come Caritaspraim. L&#8217;idea di fondo mira a ironizzare sui miti del consumismo di massa per farli scivolare in una dinamica di dono, di prossimit\u00e0 e di attenzione ai pi\u00f9 fragili. Chiunque pu\u00f2 offrire il suo supporto. Se vuoi dare una mano, compila e invia il modulo che trovi nella <a href=\"https:\/\/www.diocesilucca.it\/caritas\/agisco\/\"><strong>sezione Agisco del nostro sito<\/strong><\/a>: un&#8217;operatrice ti ricontatter\u00e0.<\/p>\n\n\n<div class=\"wp-block-image\">\n<figure class=\"aligncenter size-large\"><img loading=\"lazy\" decoding=\"async\" width=\"1024\" height=\"1024\" src=\"https:\/\/www.diocesilucca.it\/caritas\/wp-content\/uploads\/sites\/10\/2023\/12\/praim-1-1024x1024.jpeg\" alt=\"\" class=\"wp-image-2112\" srcset=\"https:\/\/www.diocesilucca.it\/caritas\/wp-content\/uploads\/sites\/10\/2023\/12\/praim-1-1024x1024.jpeg 1024w, https:\/\/www.diocesilucca.it\/caritas\/wp-content\/uploads\/sites\/10\/2023\/12\/praim-1-300x300.jpeg 300w, https:\/\/www.diocesilucca.it\/caritas\/wp-content\/uploads\/sites\/10\/2023\/12\/praim-1-150x150.jpeg 150w, https:\/\/www.diocesilucca.it\/caritas\/wp-content\/uploads\/sites\/10\/2023\/12\/praim-1-768x768.jpeg 768w, https:\/\/www.diocesilucca.it\/caritas\/wp-content\/uploads\/sites\/10\/2023\/12\/praim-1-1536x1536.jpeg 1536w, https:\/\/www.diocesilucca.it\/caritas\/wp-content\/uploads\/sites\/10\/2023\/12\/praim-1-550x550.jpeg 550w, https:\/\/www.diocesilucca.it\/caritas\/wp-content\/uploads\/sites\/10\/2023\/12\/praim-1-1000x1000.jpeg 1000w\" sizes=\"auto, (max-width: 1024px) 100vw, 1024px\" \/><\/figure>\n<\/div>\n\n\n<div style=\"height:20px\" aria-hidden=\"true\" class=\"wp-block-spacer\"><\/div>\n\n\n\n<h2 class=\"wp-block-heading has-black-color has-text-color has-link-color wp-elements-a1da8ffeaefcb705d41395ab529374f8\">Regalo sospeso a Viareggio<\/h2>\n\n\n\n<p class=\"has-black-color has-text-color has-link-color wp-elements-cbbac1fd6db73ece7b92e03421220b0e\">Anche a Viareggio sar\u00e0 possibile partecipare all&#8217;iniziativa del Regalo sospeso. Quest&#8217;anno si raccolgono <strong>oggetti e vestiti nuovi<\/strong>, in particolare per giovani e bambini, <strong>presso due centri di raccolta<\/strong>: la bottega di vicinato solidale <strong>Centocinquantatr\u00e9<\/strong> a Torre del Lago e la <strong>Parrocchia di San Giovanni Bosco<\/strong>. Ovviamente durante gli orari di apertura, che sono:<\/p>\n\n\n\n<ul class=\"wp-block-list\">\n<li>per il Centocinquantatr\u00e9 luned\u00ec, mercoled\u00ec e sabato dalle 9.00 alle 12.00, gioved\u00ec dalle 15.00 alle 19.00 e venerd\u00ec dalle 16.00 alle 18.00;<\/li>\n\n\n\n<li>per la Parrocchia di San Giovanni Bosco da luned\u00ec a venerd\u00ec dalle 9.00 alle 12.00 e dalle 15.00 alle 18.00.<\/li>\n<\/ul>\n\n\n\n<p class=\"has-black-color has-text-color has-link-color wp-elements-d7de4946b06534535eaeb77a98b42600\">L&#8217;iniziativa \u00e8 promossa anche dal <strong>Comune di Viareggio<\/strong> e supportata anch&#8217;essa dal servizio Caritaspraim.<\/p>\n\n\n<div class=\"wp-block-image\">\n<figure class=\"aligncenter size-large\"><img loading=\"lazy\" decoding=\"async\" width=\"819\" height=\"1024\" src=\"https:\/\/www.diocesilucca.it\/caritas\/wp-content\/uploads\/sites\/10\/2023\/12\/Regalo-sospeso-Viareggio-819x1024.png\" alt=\"\" class=\"wp-image-2128\" srcset=\"https:\/\/www.diocesilucca.it\/caritas\/wp-content\/uploads\/sites\/10\/2023\/12\/Regalo-sospeso-Viareggio-819x1024.png 819w, https:\/\/www.diocesilucca.it\/caritas\/wp-content\/uploads\/sites\/10\/2023\/12\/Regalo-sospeso-Viareggio-240x300.png 240w, https:\/\/www.diocesilucca.it\/caritas\/wp-content\/uploads\/sites\/10\/2023\/12\/Regalo-sospeso-Viareggio-768x960.png 768w, https:\/\/www.diocesilucca.it\/caritas\/wp-content\/uploads\/sites\/10\/2023\/12\/Regalo-sospeso-Viareggio.png 1080w\" sizes=\"auto, (max-width: 819px) 100vw, 819px\" \/><\/figure>\n<\/div>\n\n\n<div style=\"height:20px\" aria-hidden=\"true\" class=\"wp-block-spacer\"><\/div>\n","protected":false},"excerpt":{"rendered":"<p>Torna anche quest&#8217;anno il Regalo sospeso, con diverse novit\u00e0. Ecco tutte le proposte legate a questa iniziativa, che ci accompagner\u00e0 verso un Natale pi\u00f9 giusto e solidale. Per quanto riguarda, invece, l&#8217;Avvento di fraternit\u00e0 e la tradizionale colletta che viene fatta in questo periodo, puoi&#8230;<\/p>\n","protected":false},"author":244,"featured_media":2090,"comment_status":"closed","ping_status":"closed","sticky":false,"template":"","format":"standard","meta":{"footnotes":""},"categories":[80,78,79,44,23,15],"tags":[],"class_list":["post-2088","post","type-post","status-publish","format-standard","has-post-thumbnail","hentry","category-avvento","category-comunita","category-natale","category-poverta","category-volontariato","category-young-caritas"],"_links":{"self":[{"href":"https:\/\/www.diocesilucca.it\/caritas\/wp-json\/wp\/v2\/posts\/2088","targetHints":{"allow":["GET"]}}],"collection":[{"href":"https:\/\/www.diocesilucca.it\/caritas\/wp-json\/wp\/v2\/posts"}],"about":[{"href":"https:\/\/www.diocesilucca.it\/caritas\/wp-json\/wp\/v2\/types\/post"}],"author":[{"embeddable":true,"href":"https:\/\/www.diocesilucca.it\/caritas\/wp-json\/wp\/v2\/users\/244"}],"replies":[{"embeddable":true,"href":"https:\/\/www.diocesilucca.it\/caritas\/wp-json\/wp\/v2\/comments?post=2088"}],"version-history":[{"count":33,"href":"https:\/\/www.diocesilucca.it\/caritas\/wp-json\/wp\/v2\/posts\/2088\/revisions"}],"predecessor-version":[{"id":2147,"href":"https:\/\/www.diocesilucca.it\/caritas\/wp-json\/wp\/v2\/posts\/2088\/revisions\/2147"}],"wp:featuredmedia":[{"embeddable":true,"href":"https:\/\/www.diocesilucca.it\/caritas\/wp-json\/wp\/v2\/media\/2090"}],"wp:attachment":[{"href":"https:\/\/www.diocesilucca.it\/caritas\/wp-json\/wp\/v2\/media?parent=2088"}],"wp:term":[{"taxonomy":"category","embeddable":true,"href":"https:\/\/www.diocesilucca.it\/caritas\/wp-json\/wp\/v2\/categories?post=2088"},{"taxonomy":"post_tag","embeddable":true,"href":"https:\/\/www.diocesilucca.it\/caritas\/wp-json\/wp\/v2\/tags?post=2088"}],"curies":[{"name":"wp","href":"https:\/\/api.w.org\/{rel}","templated":true}]}}