{"id":2084,"date":"2023-12-01T10:20:00","date_gmt":"2023-12-01T09:20:00","guid":{"rendered":"https:\/\/www.diocesilucca.it\/caritas\/?p=2084"},"modified":"2023-12-13T11:07:08","modified_gmt":"2023-12-13T10:07:08","slug":"la-colletta-dellavvento-2023-per-rispondere-alla-poverta-sanitaria","status":"publish","type":"post","link":"https:\/\/www.diocesilucca.it\/caritas\/2023\/12\/01\/la-colletta-dellavvento-2023-per-rispondere-alla-poverta-sanitaria\/","title":{"rendered":"La colletta dell&#8217;Avvento 2023 per rispondere alla povert\u00e0 sanitaria"},"content":{"rendered":"\n<p class=\"has-black-color has-text-color has-link-color wp-elements-e0160eaf57cebb7a3aecad2c83cc07dc\">Il fine settimana del 2 e 3 dicembre comincia l\u2019Avvento, periodo nel quale la Caritas diocesana di Lucca anima la pastorale intorno a uno dei temi emersi dall\u2019ascolto dei bisogni delle comunit\u00e0. Il tema cos\u00ec individuato quest\u2019anno \u00e8 quello della <strong>povert\u00e0 sanitaria, a cui sar\u00e0 destinata la tradizionale colletta<\/strong>, la raccolta che in queste settimane le parrocchie realizzeranno attraverso gli <strong>appositi salvadanai di cartone<\/strong> distribuiti nelle chiese della nostra diocesi.<br>Il frutto della colletta dell\u2019Avvento sar\u00e0 quindi riservato all\u2019<strong>acquisto dei farmaci e dispositivi medici<\/strong> per le persone seguite da Caritas che, avendo problemi di salute, non hanno tuttavia sufficienti mezzi per curarsi. La locandina realizzata appositamente, in calce all&#8217;articolo, racconter\u00e0 l\u2019iniziativa, intrecciandola con un passo della Parola proclamata nella liturgia del Natale: &#8220;<em>Ci insegna a vivere con sobriet\u00e0, con giustizia e con piet\u00e0<\/em>&#8221; (Tito 2, 12).<br>Questa specifica proposta si affianca a quanto viene gi\u00e0 ordinariamente fatto attraverso il Farmaco sospeso, attivo in molte farmacie della provincia, per via di <strong>una maggiore richiesta di aiuto in quest\u2019ambito<\/strong> durante l\u2019ultimo periodo.<br>Per offrire il proprio supporto e partecipare alla colletta, baster\u00e0 ritirare in chiesa o chiedere al proprio parroco il salvadanaio per l\u2019Avvento, da restituire a Natale o comunque secondo le modalit\u00e0 indicate dalla parrocchia di appartenenza. La Caritas diocesana di Lucca resta a disposizione per distribuire gratuitamente alle comunit\u00e0 sia i salvadanai che le locandine da affiggere nelle bacheche delle chiese.<br>Per ogni ulteriore informazione, consigliamo di seguire i canali social di @caritaslucca oppure di contattare la Caritas diocesana scrivendo a caritas@diocesilucca.it o telefonando allo 0583 430939 dal luned\u00ec al venerd\u00ec, dalle 9.00 alle 17.00.<\/p>\n\n\n<div class=\"wp-block-image\">\n<figure class=\"aligncenter size-large\"><img loading=\"lazy\" decoding=\"async\" width=\"743\" height=\"1024\" src=\"https:\/\/www.diocesilucca.it\/caritas\/wp-content\/uploads\/sites\/10\/2023\/12\/Caritas_Avvento2023-743x1024.jpg\" alt=\"\" class=\"wp-image-2086\" srcset=\"https:\/\/www.diocesilucca.it\/caritas\/wp-content\/uploads\/sites\/10\/2023\/12\/Caritas_Avvento2023-743x1024.jpg 743w, https:\/\/www.diocesilucca.it\/caritas\/wp-content\/uploads\/sites\/10\/2023\/12\/Caritas_Avvento2023-218x300.jpg 218w, https:\/\/www.diocesilucca.it\/caritas\/wp-content\/uploads\/sites\/10\/2023\/12\/Caritas_Avvento2023-768x1058.jpg 768w, https:\/\/www.diocesilucca.it\/caritas\/wp-content\/uploads\/sites\/10\/2023\/12\/Caritas_Avvento2023-1115x1536.jpg 1115w, https:\/\/www.diocesilucca.it\/caritas\/wp-content\/uploads\/sites\/10\/2023\/12\/Caritas_Avvento2023-1486x2048.jpg 1486w, https:\/\/www.diocesilucca.it\/caritas\/wp-content\/uploads\/sites\/10\/2023\/12\/Caritas_Avvento2023-scaled.jpg 1858w\" sizes=\"auto, (max-width: 743px) 100vw, 743px\" \/><\/figure>\n<\/div>\n\n\n<div style=\"height:20px\" aria-hidden=\"true\" class=\"wp-block-spacer\"><\/div>\n","protected":false},"excerpt":{"rendered":"<p>Il fine settimana del 2 e 3 dicembre comincia l\u2019Avvento, periodo nel quale la Caritas diocesana di Lucca anima la pastorale intorno a uno dei temi emersi dall\u2019ascolto dei bisogni delle comunit\u00e0. Il tema cos\u00ec individuato quest\u2019anno \u00e8 quello della povert\u00e0 sanitaria, a cui sar\u00e0&#8230;<\/p>\n","protected":false},"author":244,"featured_media":2085,"comment_status":"closed","ping_status":"closed","sticky":false,"template":"","format":"standard","meta":{"footnotes":""},"categories":[78,44,61,52],"tags":[],"class_list":["post-2084","post","type-post","status-publish","format-standard","has-post-thumbnail","hentry","category-comunita","category-poverta","category-raccolta-fondi","category-salute"],"_links":{"self":[{"href":"https:\/\/www.diocesilucca.it\/caritas\/wp-json\/wp\/v2\/posts\/2084","targetHints":{"allow":["GET"]}}],"collection":[{"href":"https:\/\/www.diocesilucca.it\/caritas\/wp-json\/wp\/v2\/posts"}],"about":[{"href":"https:\/\/www.diocesilucca.it\/caritas\/wp-json\/wp\/v2\/types\/post"}],"author":[{"embeddable":true,"href":"https:\/\/www.diocesilucca.it\/caritas\/wp-json\/wp\/v2\/users\/244"}],"replies":[{"embeddable":true,"href":"https:\/\/www.diocesilucca.it\/caritas\/wp-json\/wp\/v2\/comments?post=2084"}],"version-history":[{"count":2,"href":"https:\/\/www.diocesilucca.it\/caritas\/wp-json\/wp\/v2\/posts\/2084\/revisions"}],"predecessor-version":[{"id":2132,"href":"https:\/\/www.diocesilucca.it\/caritas\/wp-json\/wp\/v2\/posts\/2084\/revisions\/2132"}],"wp:featuredmedia":[{"embeddable":true,"href":"https:\/\/www.diocesilucca.it\/caritas\/wp-json\/wp\/v2\/media\/2085"}],"wp:attachment":[{"href":"https:\/\/www.diocesilucca.it\/caritas\/wp-json\/wp\/v2\/media?parent=2084"}],"wp:term":[{"taxonomy":"category","embeddable":true,"href":"https:\/\/www.diocesilucca.it\/caritas\/wp-json\/wp\/v2\/categories?post=2084"},{"taxonomy":"post_tag","embeddable":true,"href":"https:\/\/www.diocesilucca.it\/caritas\/wp-json\/wp\/v2\/tags?post=2084"}],"curies":[{"name":"wp","href":"https:\/\/api.w.org\/{rel}","templated":true}]}}