{"id":2058,"date":"2023-11-07T11:36:29","date_gmt":"2023-11-07T10:36:29","guid":{"rendered":"https:\/\/www.diocesilucca.it\/caritas\/?p=2058"},"modified":"2023-11-08T13:43:03","modified_gmt":"2023-11-08T12:43:03","slug":"giornata-mondiale-dei-poveri-2023-il-programma-completo","status":"publish","type":"post","link":"https:\/\/www.diocesilucca.it\/caritas\/2023\/11\/07\/giornata-mondiale-dei-poveri-2023-il-programma-completo\/","title":{"rendered":"Giornata mondiale dei poveri 2023: il programma completo"},"content":{"rendered":"\n<p class=\"has-black-color has-text-color has-link-color wp-elements-2217e7752d6fabe28711183cbc3d16ed\">Torna a novembre la <strong>Giornata mondiale dei poveri<\/strong>, un\u2019occasione che richiama tutti, e in particolare ogni singolo cristiano e tutte le comunit\u00e0, a mettere attenzione al diffuso e variegato problema della povert\u00e0. Papa Francesco ha indetto la giornata per <strong>domenica 19 novembre<\/strong> con un messaggio che, richiamando il versetto biblico \u201c<em>Non distogliere lo sguardo dal povero<\/em>\u201d (Tb 4,7), mette in risalto il tema del vedere e il suo negativo risvolto dell\u2019indifferenza. La Caritas diocesana di Lucca ha scelto cos\u00ec diffondere il messaggio attraverso il claim \u201c<em>Facci caso<\/em>\u201d, che accompagner\u00e0 tutte le varie iniziative in programma.<\/p>\n\n\n<div class=\"wp-block-image\">\n<figure class=\"aligncenter size-medium\"><img loading=\"lazy\" decoding=\"async\" width=\"212\" height=\"300\" src=\"https:\/\/www.diocesilucca.it\/caritas\/wp-content\/uploads\/sites\/10\/2023\/11\/A3_FacciCaso_GDP_2023_W-212x300.jpg\" alt=\"\" class=\"wp-image-2061\" srcset=\"https:\/\/www.diocesilucca.it\/caritas\/wp-content\/uploads\/sites\/10\/2023\/11\/A3_FacciCaso_GDP_2023_W-212x300.jpg 212w, https:\/\/www.diocesilucca.it\/caritas\/wp-content\/uploads\/sites\/10\/2023\/11\/A3_FacciCaso_GDP_2023_W-724x1024.jpg 724w, https:\/\/www.diocesilucca.it\/caritas\/wp-content\/uploads\/sites\/10\/2023\/11\/A3_FacciCaso_GDP_2023_W-768x1086.jpg 768w, https:\/\/www.diocesilucca.it\/caritas\/wp-content\/uploads\/sites\/10\/2023\/11\/A3_FacciCaso_GDP_2023_W-1086x1536.jpg 1086w, https:\/\/www.diocesilucca.it\/caritas\/wp-content\/uploads\/sites\/10\/2023\/11\/A3_FacciCaso_GDP_2023_W-1448x2048.jpg 1448w, https:\/\/www.diocesilucca.it\/caritas\/wp-content\/uploads\/sites\/10\/2023\/11\/A3_FacciCaso_GDP_2023_W-scaled.jpg 1810w\" sizes=\"auto, (max-width: 212px) 100vw, 212px\" \/><\/figure>\n<\/div>\n\n\n<div style=\"height:20px\" aria-hidden=\"true\" class=\"wp-block-spacer\"><\/div>\n\n\n\n<p class=\"has-black-color has-text-color has-link-color wp-elements-173f7dfb05a3544a4635677cf6ad00f7\">Il primo appuntamento rappresenta un punto di contatto ideale tra l\u2019Ottobre missionario e la rassegna della Giornata mondiale dei poveri: la <strong>presentazione del libro \u201cIl secolo mobile. Storia dell\u2019immigrazione illegale in Europa\u201d<\/strong> insieme all\u2019autore <strong>Gabriele Del Grande<\/strong>. L\u2019evento avr\u00e0 luogo <strong>mercoled\u00ec 8 novembre alle 21 presso la Sala Tobino di Palazzo Ducale, a Lucca<\/strong>. La proposta nasce dalla collaborazione con il <em>Centro missionario diocesano<\/em> e la <em>Provincia di Lucca<\/em>.<\/p>\n\n\n<div class=\"wp-block-image\">\n<figure class=\"aligncenter size-medium\"><img loading=\"lazy\" decoding=\"async\" width=\"212\" height=\"300\" src=\"https:\/\/www.diocesilucca.it\/caritas\/wp-content\/uploads\/sites\/10\/2023\/11\/A3_FacciCaso_GDP_2023_DelGrande_libro-1-212x300.jpg\" alt=\"\" class=\"wp-image-2062\" srcset=\"https:\/\/www.diocesilucca.it\/caritas\/wp-content\/uploads\/sites\/10\/2023\/11\/A3_FacciCaso_GDP_2023_DelGrande_libro-1-212x300.jpg 212w, https:\/\/www.diocesilucca.it\/caritas\/wp-content\/uploads\/sites\/10\/2023\/11\/A3_FacciCaso_GDP_2023_DelGrande_libro-1-724x1024.jpg 724w, https:\/\/www.diocesilucca.it\/caritas\/wp-content\/uploads\/sites\/10\/2023\/11\/A3_FacciCaso_GDP_2023_DelGrande_libro-1-768x1086.jpg 768w, https:\/\/www.diocesilucca.it\/caritas\/wp-content\/uploads\/sites\/10\/2023\/11\/A3_FacciCaso_GDP_2023_DelGrande_libro-1-1086x1536.jpg 1086w, https:\/\/www.diocesilucca.it\/caritas\/wp-content\/uploads\/sites\/10\/2023\/11\/A3_FacciCaso_GDP_2023_DelGrande_libro-1-1448x2048.jpg 1448w, https:\/\/www.diocesilucca.it\/caritas\/wp-content\/uploads\/sites\/10\/2023\/11\/A3_FacciCaso_GDP_2023_DelGrande_libro-1-scaled.jpg 1810w\" sizes=\"auto, (max-width: 212px) 100vw, 212px\" \/><\/figure>\n<\/div>\n\n\n<div style=\"height:20px\" aria-hidden=\"true\" class=\"wp-block-spacer\"><\/div>\n\n\n\n<p class=\"has-black-color has-text-color has-link-color wp-elements-2772f06058f8f6d3d532fcbd79493ff8\">Si terranno poi due <strong>veglie di preghiera<\/strong>, entrambe alle ore 21: <strong>venerd\u00ec 10 a Borgo a Mozzano presso la Chiesa di San Jacopo<\/strong> e <strong>gioved\u00ec 16 a Camaiore presso Badia di San Pietro<\/strong>. Le veglie saranno momenti di riflessione affidati all\u2019animazione delle comunit\u00e0 nelle due zone pastorali di Mediavalle e Garfagnana e Viareggio e Versilia.<br><strong>Sabato 18 novembre<\/strong> sar\u00e0 poi la volta di <strong>Ganzo Fest<\/strong>, evento legato al <em>progetto Daccapo<\/em> che Caritas condivide con la <em>Societ\u00e0 Cooperativa Sociale Nanina<\/em> e l\u2019<em>Associazione<\/em> <em>Ascolta la mia voce<\/em>.&nbsp; L\u2019iniziativa avr\u00e0 luogo dalle ore 15 presso il Laboratorio di Daccapo in via Stipeti 33 a Coselli, Capannori.<br>Il 19 novembre, data in cui cade proprio la Giornata mondiale dei poveri, l\u2019evento di maggior richiamo sar\u00e0 l\u2019<strong>incontro<\/strong> <strong>con Don Luigi Epicoco<\/strong> <strong>presso la Cattedrale di San Martino, a Lucca<\/strong>. Il tema sar\u00e0 l\u2019approfondimento del passo biblico scelto dal Papa in occasione della giornata. L\u2019incontro si terr\u00e0 alle ore 16.<br><strong>Marted\u00ec 28 novembre dalle ore 18.30<\/strong> presso l\u2019auditorium dell\u2019<strong>Oratorio<\/strong> <strong>Giovanni Paolo II<\/strong> della <em>Parrocchia di Sant\u2019Anna<\/em> in Lucca ci sar\u00e0, invece, <strong>Esci e riesci<\/strong>, un evento dedicato ai volontari e al protagonismo giovanile, con scambi di esperienze, testimonianze di servizio e momenti animativi. L\u2019iniziativa vede la partecipazione, oltre che di Caritas diocesana e della Parrocchia di Sant\u2019Anna, anche del Villaggio del Fanciullo, che insieme hanno condiviso un percorso proprio sul volontariato giovanile che ha come traguardo questo evento.<br>L\u2019ultima proposta in programma \u00e8 la quarta edizione di <strong>Olio b\u00f2no<\/strong>, la raccolta solidale delle olive per produrre olio per le famiglie e le persone fragili. La raccolta si terr\u00e0 sabato 2 e domenica 3 dicembre, nelle modalit\u00e0 che Caritas render\u00e0 note attraverso i social. Come per le precedenti edizioni, Olio b\u00f2no vedr\u00e0 la collaborazione con la <em>Cooperativa Agricola Sociale Calafata<\/em>, che si occuper\u00e0 dei dettagli tecnici della raccolta.<\/p>\n\n\n<div class=\"wp-block-image\">\n<figure class=\"aligncenter size-large\"><img loading=\"lazy\" decoding=\"async\" width=\"724\" height=\"1024\" src=\"https:\/\/www.diocesilucca.it\/caritas\/wp-content\/uploads\/sites\/10\/2023\/11\/A3_Programma_FacciCaso_GDP_2023_OK-1-724x1024.jpg\" alt=\"\" class=\"wp-image-2063\" srcset=\"https:\/\/www.diocesilucca.it\/caritas\/wp-content\/uploads\/sites\/10\/2023\/11\/A3_Programma_FacciCaso_GDP_2023_OK-1-724x1024.jpg 724w, https:\/\/www.diocesilucca.it\/caritas\/wp-content\/uploads\/sites\/10\/2023\/11\/A3_Programma_FacciCaso_GDP_2023_OK-1-212x300.jpg 212w, https:\/\/www.diocesilucca.it\/caritas\/wp-content\/uploads\/sites\/10\/2023\/11\/A3_Programma_FacciCaso_GDP_2023_OK-1-768x1086.jpg 768w, https:\/\/www.diocesilucca.it\/caritas\/wp-content\/uploads\/sites\/10\/2023\/11\/A3_Programma_FacciCaso_GDP_2023_OK-1-1086x1536.jpg 1086w, https:\/\/www.diocesilucca.it\/caritas\/wp-content\/uploads\/sites\/10\/2023\/11\/A3_Programma_FacciCaso_GDP_2023_OK-1-1448x2048.jpg 1448w, https:\/\/www.diocesilucca.it\/caritas\/wp-content\/uploads\/sites\/10\/2023\/11\/A3_Programma_FacciCaso_GDP_2023_OK-1.jpg 1754w\" sizes=\"auto, (max-width: 724px) 100vw, 724px\" \/><\/figure>\n<\/div>\n\n\n<div style=\"height:20px\" aria-hidden=\"true\" class=\"wp-block-spacer\"><\/div>\n\n\n\n<p class=\"has-black-color has-text-color has-link-color wp-elements-d564cb7f4e862f958ac0636bf078257c\">Oltre a tutti questi appuntamenti, Caritas realizzer\u00e0 una serie di proposte per sollecitare l\u2019attenzione e comunicare ulteriormente il tema della giornata. Vanno in questa direzione le <strong>azioni teatrali nelle piazze<\/strong> a cura di <strong>Fabio Saccomani<\/strong>, che insieme ad altri attori porter\u00e0 in scena brevi performance in alcuni luoghi pubblici della diocesi altamente frequentati. Si potr\u00e0 assistere a questi piccoli spettacoli di strada <strong>gioved\u00ec 16 mattina a Castelnuovo di Garfagnana<\/strong>, <strong>sabato 18 pomeriggio a Lucca<\/strong> e <strong>domenica 19 a Viareggio<\/strong>. L\u2019iniziativa \u00e8 realizzata con la collaborazione di <em>ALDES | SPAM! Rete per le arti contemporanee<\/em> e il prezioso supporto di alcuni artisti, come Roberto Castello e Nicola Fanucchi.<br>Sul fronte pubblicazioni, Caritas diocesana distribuir\u00e0 poi sul territorio un <strong>Decalogo dell\u2019indifferenza<\/strong>, un piccolo vademecum ironico e spiazzante che elenca dieci possibili regole per tenersi debitamente alla larga dal tema povert\u00e0 e da qualsiasi aiuto si possa offrire a persone vulnerabili. Il senso va nella direzione esattamente opposta: perch\u00e9 agire e, nel farlo, quali pensieri, ragioni, argomentazioni evitare.<br>Anche in <strong>ambito digital<\/strong> non mancheranno le iniziative. Caritas racconter\u00e0 sui social la Giornata mondiale dei poveri attraverso i contributi delle comunit\u00e0, pubblicher\u00e0 dei piccoli focus sul tema della povert\u00e0 sempre accompagnati dal claim \u201c<em>Facci caso<\/em>\u201d e, insieme al <em>Centro missionario diocesano<\/em>, sta lavorando alla creazione di un e-commerce fittizio sul tema del consumo etico come strumento di sensibilizzazione e formazione. Per qualsiasi approfondimento o ulteriore informazione, si rimanda ai contatti della Caritas diocesana di Lucca, raggiungibile via e-mail a <a href=\"mailto:caritas@diocesilucca.it\">caritas@diocesilucca.it<\/a> e telefonicamente al numero 0583 430939 (luned\u00ec-venerd\u00ec, 9-17).<br><br>Per consultare la relativa scheda nella sezione eventi del sito, <a href=\"https:\/\/www.diocesilucca.it\/caritas\/event\/giornatamondialedeipoveri2023\/\"><strong>clicca qui<\/strong><\/a>.<\/p>\n\n\n<div class=\"wp-block-image\">\n<figure class=\"aligncenter size-large\"><img loading=\"lazy\" decoding=\"async\" width=\"724\" height=\"1024\" src=\"https:\/\/www.diocesilucca.it\/caritas\/wp-content\/uploads\/sites\/10\/2023\/11\/A3_FacciCaso_GDP_2023_M-724x1024.jpg\" alt=\"\" class=\"wp-image-2064\" srcset=\"https:\/\/www.diocesilucca.it\/caritas\/wp-content\/uploads\/sites\/10\/2023\/11\/A3_FacciCaso_GDP_2023_M-724x1024.jpg 724w, https:\/\/www.diocesilucca.it\/caritas\/wp-content\/uploads\/sites\/10\/2023\/11\/A3_FacciCaso_GDP_2023_M-212x300.jpg 212w, https:\/\/www.diocesilucca.it\/caritas\/wp-content\/uploads\/sites\/10\/2023\/11\/A3_FacciCaso_GDP_2023_M-768x1086.jpg 768w, https:\/\/www.diocesilucca.it\/caritas\/wp-content\/uploads\/sites\/10\/2023\/11\/A3_FacciCaso_GDP_2023_M-1086x1536.jpg 1086w, https:\/\/www.diocesilucca.it\/caritas\/wp-content\/uploads\/sites\/10\/2023\/11\/A3_FacciCaso_GDP_2023_M-1448x2048.jpg 1448w, https:\/\/www.diocesilucca.it\/caritas\/wp-content\/uploads\/sites\/10\/2023\/11\/A3_FacciCaso_GDP_2023_M-scaled.jpg 1810w\" sizes=\"auto, (max-width: 724px) 100vw, 724px\" \/><\/figure>\n<\/div>","protected":false},"excerpt":{"rendered":"<p>Torna a novembre la Giornata mondiale dei poveri, un\u2019occasione che richiama tutti, e in particolare ogni singolo cristiano e tutte le comunit\u00e0, a mettere attenzione al diffuso e variegato problema della povert\u00e0. Papa Francesco ha indetto la giornata per domenica 19 novembre con un messaggio&#8230;<\/p>\n","protected":false},"author":244,"featured_media":2059,"comment_status":"closed","ping_status":"closed","sticky":false,"template":"","format":"standard","meta":{"footnotes":""},"categories":[30,55,5,44,23],"tags":[],"class_list":["post-2058","post","type-post","status-publish","format-standard","has-post-thumbnail","hentry","category-eventi","category-giornata-mondiale-dei-poveri","category-giovani","category-poverta","category-volontariato"],"_links":{"self":[{"href":"https:\/\/www.diocesilucca.it\/caritas\/wp-json\/wp\/v2\/posts\/2058","targetHints":{"allow":["GET"]}}],"collection":[{"href":"https:\/\/www.diocesilucca.it\/caritas\/wp-json\/wp\/v2\/posts"}],"about":[{"href":"https:\/\/www.diocesilucca.it\/caritas\/wp-json\/wp\/v2\/types\/post"}],"author":[{"embeddable":true,"href":"https:\/\/www.diocesilucca.it\/caritas\/wp-json\/wp\/v2\/users\/244"}],"replies":[{"embeddable":true,"href":"https:\/\/www.diocesilucca.it\/caritas\/wp-json\/wp\/v2\/comments?post=2058"}],"version-history":[{"count":8,"href":"https:\/\/www.diocesilucca.it\/caritas\/wp-json\/wp\/v2\/posts\/2058\/revisions"}],"predecessor-version":[{"id":2075,"href":"https:\/\/www.diocesilucca.it\/caritas\/wp-json\/wp\/v2\/posts\/2058\/revisions\/2075"}],"wp:featuredmedia":[{"embeddable":true,"href":"https:\/\/www.diocesilucca.it\/caritas\/wp-json\/wp\/v2\/media\/2059"}],"wp:attachment":[{"href":"https:\/\/www.diocesilucca.it\/caritas\/wp-json\/wp\/v2\/media?parent=2058"}],"wp:term":[{"taxonomy":"category","embeddable":true,"href":"https:\/\/www.diocesilucca.it\/caritas\/wp-json\/wp\/v2\/categories?post=2058"},{"taxonomy":"post_tag","embeddable":true,"href":"https:\/\/www.diocesilucca.it\/caritas\/wp-json\/wp\/v2\/tags?post=2058"}],"curies":[{"name":"wp","href":"https:\/\/api.w.org\/{rel}","templated":true}]}}