{"id":2045,"date":"2023-10-05T11:17:31","date_gmt":"2023-10-05T09:17:31","guid":{"rendered":"https:\/\/www.diocesilucca.it\/caritas\/?p=2045"},"modified":"2023-10-05T11:17:31","modified_gmt":"2023-10-05T09:17:31","slug":"spazio-aperto-tre-nuovi-centri-di-aggregazione-per-i-piu-giovani","status":"publish","type":"post","link":"https:\/\/www.diocesilucca.it\/caritas\/2023\/10\/05\/spazio-aperto-tre-nuovi-centri-di-aggregazione-per-i-piu-giovani\/","title":{"rendered":"&#8220;Spazio aperto&#8221;. Tre nuovi centri di aggregazione per i pi\u00f9 giovani"},"content":{"rendered":"\n<p>&#8220;Spazio aperto&#8221;. Cos\u00ec abbiamo chiamato i tre centri aggregativi per bambini e bambine dai 6 ai 14 anni che hanno avviato la loro attivit\u00e0 Marted\u00ec 3 Ottobre a Capannori, Bozzano e Castelnuovo di Garfagnana. <\/p>\n\n\n\n<p>Si tratta di luoghi dove trovare sostegno scolastico, fare esperienze di socializzazione, partecipare a laboratori e workshop sotto la guida di un&#8217;educatrice responsabile e con il sostegno di tanti volontari delle comunit\u00e0 e la collaborazione dei Circoli ANSPI di Capannori e Castelnuovo Garfagnana e della Comunit\u00e0 parrocchiale di Massarosa. <\/p>\n\n\n\n<p>I tre centri saranno operativi fino a Giugno 2024 nei seguenti orari: <\/p>\n\n\n\n<p>\u2022 Locali parrocchiali di Bozzano: marted\u00ec e gioved\u00ec dalle 15.00 alle 18.00;<\/p>\n\n\n\n<p>\u2022 Locali parrocchiali di Capannori centro: marted\u00ec e venerd\u00ec dalle 15.30 alle 18.30;<\/p>\n\n\n\n<p>\u2022 Locali parrocchiali di Castelnuovo di Garfagnana: marted\u00ec e venerd\u00ec dalle 15.30 alle 18.30.<\/p>\n\n\n\n<p>E&#8217; possibile iscriversi al seguente link: <a href=\"https:\/\/forms.gle\/63TDAqizBro72ptP9\"><strong>https:\/\/forms.gle\/63TDAqizBro72ptP9<\/strong><\/a> Oppure direttamente nei centri di attivit\u00e0.<\/p>\n\n\n\n<p>Per la partecipazione \u00e8 richiesto un contributo di 10 euro una tantum da versare al momento dell&#8217;iscrizione. <\/p>\n\n\n\n<p>Se hai bisogno di ulteriori informazioni, scrivici a youngcaritas@diocesilucca.it oppure telefona al numero 0583 430939 (lun-ven 9-17).<\/p>\n\n\n\n<p>Il progetto \u00e8 realizzato con la collaborazione della Fondazione Cassa di risparmio di Lucca e della Regione Toscana<\/p>\n","protected":false},"excerpt":{"rendered":"<p>&#8220;Spazio aperto&#8221;. Cos\u00ec abbiamo chiamato i tre centri aggregativi per bambini e bambine dai 6 ai 14 anni che hanno avviato la loro attivit\u00e0 Marted\u00ec 3 Ottobre a Capannori, Bozzano e Castelnuovo di Garfagnana. Si tratta di luoghi dove trovare sostegno scolastico, fare esperienze di&#8230;<\/p>\n","protected":false},"author":246,"featured_media":2046,"comment_status":"closed","ping_status":"closed","sticky":false,"template":"","format":"standard","meta":{"footnotes":""},"categories":[13,78,5,9,23,15],"tags":[],"class_list":["post-2045","post","type-post","status-publish","format-standard","has-post-thumbnail","hentry","category-bambini","category-comunita","category-giovani","category-scuola","category-volontariato","category-young-caritas"],"_links":{"self":[{"href":"https:\/\/www.diocesilucca.it\/caritas\/wp-json\/wp\/v2\/posts\/2045","targetHints":{"allow":["GET"]}}],"collection":[{"href":"https:\/\/www.diocesilucca.it\/caritas\/wp-json\/wp\/v2\/posts"}],"about":[{"href":"https:\/\/www.diocesilucca.it\/caritas\/wp-json\/wp\/v2\/types\/post"}],"author":[{"embeddable":true,"href":"https:\/\/www.diocesilucca.it\/caritas\/wp-json\/wp\/v2\/users\/246"}],"replies":[{"embeddable":true,"href":"https:\/\/www.diocesilucca.it\/caritas\/wp-json\/wp\/v2\/comments?post=2045"}],"version-history":[{"count":2,"href":"https:\/\/www.diocesilucca.it\/caritas\/wp-json\/wp\/v2\/posts\/2045\/revisions"}],"predecessor-version":[{"id":2048,"href":"https:\/\/www.diocesilucca.it\/caritas\/wp-json\/wp\/v2\/posts\/2045\/revisions\/2048"}],"wp:featuredmedia":[{"embeddable":true,"href":"https:\/\/www.diocesilucca.it\/caritas\/wp-json\/wp\/v2\/media\/2046"}],"wp:attachment":[{"href":"https:\/\/www.diocesilucca.it\/caritas\/wp-json\/wp\/v2\/media?parent=2045"}],"wp:term":[{"taxonomy":"category","embeddable":true,"href":"https:\/\/www.diocesilucca.it\/caritas\/wp-json\/wp\/v2\/categories?post=2045"},{"taxonomy":"post_tag","embeddable":true,"href":"https:\/\/www.diocesilucca.it\/caritas\/wp-json\/wp\/v2\/tags?post=2045"}],"curies":[{"name":"wp","href":"https:\/\/api.w.org\/{rel}","templated":true}]}}